{"id":147622,"date":"2022-09-01T07:41:21","date_gmt":"2022-09-01T05:41:21","guid":{"rendered":"https:\/\/mannschaft.com\/?p=147622"},"modified":"2022-09-07T09:52:58","modified_gmt":"2022-09-07T07:52:58","slug":"eismayer-liebe-unter-soldaten-im-bundesheer","status":"publish","type":"post","link":"https:\/\/alte.mannschaft.lgbt\/bimber\/eismayer-liebe-unter-soldaten-im-bundesheer\/","title":{"rendered":"\u00abEismayer\u00bb \u2013 Liebe unter Soldaten im Bundesheer"},"content":{"rendered":"<h3>Der gef\u00fcrchtete Ausbilder beim Bundesheer f\u00fchrte lange ein Doppelleben. In der \u00d6ffentlichkeit trat er als Macho auf, schwul war er nur privat. Als Vizeleutnant Charles Eismayer dem Rekruten Mario begegnet, ver\u00e4ndert sich alles.<\/h3>\n<p>Die Liebesgeschichte der beiden M\u00e4nner wurde mit dem Titel \u00abEismayer\u00bb verfilmt: Es ist die Geschichte des rauen Vizeleutnants Charles Eismayer (65) und Major Mario Falak (41). 1999 hatten sich die M\u00e4nner beim Heer kennengelernt. Da war Eismayer noch Ehemann und Familienvater, nicht geoutet. Mario aber war offen schwul.<\/p>\n<p>Eismayer galt als der h\u00e4rteste Ausbilder beim \u00f6sterreichischen Bundesheer, privat hatte er sich ein heteronormativ Leben konstruiert. Sein traditionelles Rollenbild war mit einem offen schwulen Leben, einer Beziehung mit einem anderen Mann gar, nicht vereinbar.<\/p>\n<p>\u00abVom ersten Tag an, als er einger\u00fcckt ist, habe ich ihn wirklich gehasst. Er war so ein richtig Aufs\u00e4ssiger\u00bb, erinnert sich Eismayer in der Sendung \u00abHerrlich ehrlich \u2013 Menschen hautnah\u00bb an die erste Begegnung, aus der sich sp\u00e4ter Liebe entwickelte. \u00abAber wenn man ihm eine Aufgabe gestellt hat, dann hat er die korrekt und gut, wenn nicht sogar perfekt, gemacht. Der Sture, aber auch der Gute\u00bb.<\/p>\n<p>Die beiden wurden ein Paar und verpartnerten sich Anfang 2014 \u2013 in Galauniform. Das sprachen sie auch vorher mit dem Ministerium ab. \u00abWir beide sind zu tausend Prozent Soldaten und wir wollen unter keinen Umst\u00e4nden unseren Stand des Soldaten sch\u00e4digen.\u00bb Negative Reaktionen oder dumme Spr\u00fcche gab es aber auch keine, so Falak.<\/p>\n<p><iframe loading=\"lazy\" title=\"YouTube video player\" src=\"https:\/\/www.youtube.com\/embed\/-9UXPJuEf8I\" width=\"560\" height=\"315\" frameborder=\"0\" allowfullscreen=\"allowfullscreen\"><\/iframe><\/p>\n<p>\u00abEin derartiger Kino-Stoff wurde in \u00d6sterreich noch nie erz\u00e4hlt, und es ist tats\u00e4chlich h\u00f6chste Zeit daf\u00fcr. Nicht nur weil sich in \u00d6sterreich um die Person des Eismayer bei fast allen Grundwehrdienern viele Legenden ranken, sondern auch, weil diese Geschichte unsere Vorurteile und Vorstellungen von vermeintlicher M\u00e4nnlichkeit und St\u00e4rke bricht und neu zusammensetzt\u00bb, so das Produzent*innen-Duo Arash T. Riahi und Sabine Gruber im <em><a href=\"https:\/\/kurier.at\/stars\/austropromis\/charles-eismayer-liebesgeschichte-kino-bundesheer-film-mario-falak-soldaten-schwul\/401892716\" target=\"_blank\" rel=\"noopener\">Kurier.<\/a><\/em><\/p>\n<p>Gerhard Liebmann spielt im Film den Eismayer, Luka Dimic den Mario. Am 28. Oktober kommt der Film \u00abEismayer\u00bb nach wahren Begebenheiten in die \u00f6sterreichischen Kinos.<\/p>\n<p><strong>Fabio Egger absolvierte die Grundausbildung im Bundesheer in \u00d6sterreich und spricht \u00fcber seine Erfahrungen <a href=\"https:\/\/mannschaft.com\/im-militaer-und-schwul-im-bundesheer-wird-man-als-mensch-angesehen\/\" target=\"_blank\" rel=\"noopener\">(MANNSCHAFT berichtete)<\/a>. Auch der Schweizer Stefan Fritschi hat Milit\u00e4rdienst geleistet und sagt <a href=\"https:\/\/mannschaft.com\/militaer-und-schwul-geht\/\" target=\"_blank\" rel=\"noopener\">gegen\u00fcber MANNSCHAFT<\/a>: Es ist ein Vorurteil, dass Schwule im Milit\u00e4r nicht willkommen sind.<\/strong><\/p>\n","protected":false},"excerpt":{"rendered":"<p>Demn\u00e4chst im #Kino Der gef\u00fcrchtete Ausbilder beim \u00f6sterreichischen #Bundesheer f\u00fchrte lange ein Doppelleben. #Schwul war er nur heimlich. Als Vizeleutnant #Eismayer den Rekruten Mario trifft, ver\u00e4ndert sich alles.  <a class=\"g1-link g1-link-more\" href=\"https:\/\/alte.mannschaft.lgbt\/bimber\/eismayer-liebe-unter-soldaten-im-bundesheer\/\">Weiterlesen<\/a><\/p>\n","protected":false},"author":1,"featured_media":147626,"comment_status":"closed","ping_status":"closed","sticky":false,"template":"","format":"standard","meta":[],"categories":[2527,2534],"tags":[5442,5449],"wps_subtitle":"Der Vizeleutnant und der Rekrut gaben jetzt ein Interview","_links":{"self":[{"href":"https:\/\/alte.mannschaft.lgbt\/bimber\/wp-json\/wp\/v2\/posts\/147622"}],"collection":[{"href":"https:\/\/alte.mannschaft.lgbt\/bimber\/wp-json\/wp\/v2\/posts"}],"about":[{"href":"https:\/\/alte.mannschaft.lgbt\/bimber\/wp-json\/wp\/v2\/types\/post"}],"author":[{"embeddable":true,"href":"https:\/\/alte.mannschaft.lgbt\/bimber\/wp-json\/wp\/v2\/users\/1"}],"replies":[{"embeddable":true,"href":"https:\/\/alte.mannschaft.lgbt\/bimber\/wp-json\/wp\/v2\/comments?post=147622"}],"version-history":[{"count":14,"href":"https:\/\/alte.mannschaft.lgbt\/bimber\/wp-json\/wp\/v2\/posts\/147622\/revisions"}],"predecessor-version":[{"id":148126,"href":"https:\/\/alte.mannschaft.lgbt\/bimber\/wp-json\/wp\/v2\/posts\/147622\/revisions\/148126"}],"wp:featuredmedia":[{"embeddable":true,"href":"https:\/\/alte.mannschaft.lgbt\/bimber\/wp-json\/wp\/v2\/media\/147626"}],"wp:attachment":[{"href":"https:\/\/alte.mannschaft.lgbt\/bimber\/wp-json\/wp\/v2\/media?parent=147622"}],"wp:term":[{"taxonomy":"category","embeddable":true,"href":"https:\/\/alte.mannschaft.lgbt\/bimber\/wp-json\/wp\/v2\/categories?post=147622"},{"taxonomy":"post_tag","embeddable":true,"href":"https:\/\/alte.mannschaft.lgbt\/bimber\/wp-json\/wp\/v2\/tags?post=147622"}],"curies":[{"name":"wp","href":"https:\/\/api.w.org\/{rel}","templated":true}]}}