{"id":147601,"date":"2022-08-31T15:12:18","date_gmt":"2022-08-31T13:12:18","guid":{"rendered":"https:\/\/mannschaft.com\/?p=147601"},"modified":"2022-09-12T12:40:14","modified_gmt":"2022-09-12T10:40:14","slug":"lgbtiq-intergroup-des-eu-parlaments-fordert-sichere-europride-in-serbien","status":"publish","type":"post","link":"https:\/\/alte.mannschaft.lgbt\/bimber\/lgbtiq-intergroup-des-eu-parlaments-fordert-sichere-europride-in-serbien\/","title":{"rendered":"145 EU-Abgeordnete fordern sichere Europride in Serbien"},"content":{"rendered":"<h3>145 EU-Abgeordnete der LGBTIQ Intergroup fordern Serbien auf, wie geplant die Europride im September zu erm\u00f6glichen und die Sicherheit durchg\u00e4ngig mit Polizeischutz zu gew\u00e4hrleisten<\/h3>\n<p>Am 27. August erkl\u00e4rte der serbische Pr\u00e4sident Aleksandar Vu\u010di\u0107 in einer Pressekonferenz, die geplante Europride werde abgesagt oder verschoben. Dies l\u00f6ste prompt internationale Kritik aus <a href=\"https:\/\/mannschaft.com\/serbien-will-europride-verhindern-kritik-aus-oesterreich\/\" target=\"_blank\" rel=\"noopener\">(MANNSCHAFT berichtete)<\/a>.<\/p>\n<p>Schwedens Aussenminister Ann Linde hatte erkl\u00e4rt, es sei eine Ehre, Gastgeber*in der Europride zu sein.<\/p>\n<blockquote class=\"twitter-tweet\">\n<p dir=\"ltr\" lang=\"en\">Hosting <a href=\"https:\/\/twitter.com\/EuroPride?ref_src=twsrc%5Etfw\">@EuroPride<\/a> is an honour and an opportunity to stress the principle of non-discrimination, a human right. Regret to hear Serbia withdraw support for the event. <a href=\"https:\/\/twitter.com\/hashtag\/LGBTQI?src=hash&amp;ref_src=twsrc%5Etfw\">#LGBTQI<\/a> rights are human rights. \ud83c\uddf8\ud83c\uddea\ud83c\udff3\ufe0f\u200d\ud83c\udf08\ud83c\udff3\ufe0f\u200d\u26a7\ufe0f <a href=\"https:\/\/twitter.com\/belgradepride?ref_src=twsrc%5Etfw\">@belgradepride<\/a><\/p>\n<p>\u2014 Ann Linde (@AnnLinde) <a href=\"https:\/\/twitter.com\/AnnLinde\/status\/1563888963986890752?ref_src=twsrc%5Etfw\">August 28, 2022<\/a><\/p><\/blockquote>\n<p><script async src=\"https:\/\/platform.twitter.com\/widgets.js\" charset=\"utf-8\"><\/script><\/p>\n<p>An diesem Mittwoch nun richteten 145 LGBTI-Mitglieder des Europ\u00e4ischen Parlaments einen gemeinsamen Brief an den serbischen Pr\u00e4sidenten Vu\u010di\u0107 und <a href=\"https:\/\/mannschaft.com\/serbiens-erste-lesbische-premierministerin-wurde-nominiert\/\" target=\"_blank\" rel=\"noopener\">Premierministerin Ana Brnabi\u0107<\/a> und dr\u00e4ngen darauf, dass die Europride wie geplant stattfindet und ausreichend gesch\u00fctzt wird. Die Entscheidung, die Europride im Jahr 2022 auszurichten, sei mit vielen Erwartungen verbunden gewesen, heisst es darin. \u00abBelgrad hat jahrelang f\u00fcr die Gleichstellung von LGBTIQ in der Region gek\u00e4mpft. Die Europride, die im kommenden September in Belgrad stattfindet, wird daher ein Meilenstein sowohl f\u00fcr die Bewegung als auch f\u00fcr die Region sein.\u00bb<\/p>\n<p>Terry Reintke MdEP (Gr\u00fcne), Co-Vorsitzender der LGBTI Intergroup, erkl\u00e4rte: \u00abDie Kommentare des serbischen Pr\u00e4sidenten zeigen, trotz eines langen Prozesses der Zusammenarbeit mit Europride-Organisatoren: Angst ist eine Gefahr f\u00fcr Akzeptanz. Davon sind wir \u00fcberzeugt: Trotz m\u00f6glicher Gegenproteste wird dies eine friedliche Veranstaltung sein.\u00bb<\/p>\n<hr \/>\n<p><em>Mehrere Regenbogenb\u00e4nke wurden in Wien geklaut \u2013 der Bezirk stellte jetzt Anzeige<\/em> <a href=\"https:\/\/mannschaft.com\/mehrere-regenbogenbaenke-in-wien-geklaut-bezirk-stellt-anzeige\/\" target=\"_blank\" rel=\"noopener\">(mehr)<\/a><\/p>\n<hr \/>\n<p>Die Aufgabe der Regierung bestehe darin, den Organisatoren und Teilnehmern ausreichend Schutz zu bieten und sicherzustellen, dass die Europride ohne Gewalt stattfinden kann. Diese Parade werde ein Zeichen der Hoffnung f\u00fcr Menschen in ganz Europa sein. \u00abWir stehen Seite an Seite mit.\u00bb<\/p>\n<p>Der Sozialdemokrat Marc Angel, MdEP, Co-Vorsitzender der LGBTI-Intergroup, kommt zu dem Schluss: \u00abDie in Belgrad stattfindende Europride kann ein Game Changer sein, denn es wird das allererste Mal sein dass ein so bedeutendes paneurop\u00e4isches Event in einem s\u00fcdosteurop\u00e4ischen Staat stattfindet. Der Ministerpr\u00e4sident hat den Organisatoren w\u00e4hrend des Bewerbungsverfahrens \u2013 uns \u2013 volle Unterst\u00fctzung zugesagt.\u00ab<\/p>\n<p>Dieses Versprechen sollte erf\u00fcllt werden. Es sei sicherzustellen, dass die Europride stattfinden kann, ohne Hindernisse \u2013 dies ist eine Verpflichtung nach der Europ\u00e4ischen Menschenrechtskonvention.<\/p>\n","protected":false},"excerpt":{"rendered":"<p>#Belgrad 145 EU-Abgeordnete der #LGBTIQ Intergroup fordern #Serbien auf, wie geplant die #Europride im September zu erm\u00f6glichen u. die Sicherheit mit Polizeischutz zu gew\u00e4hrleisten. @TerryReintke <a class=\"g1-link g1-link-more\" href=\"https:\/\/alte.mannschaft.lgbt\/bimber\/lgbtiq-intergroup-des-eu-parlaments-fordert-sichere-europride-in-serbien\/\">Weiterlesen<\/a><\/p>\n","protected":false},"author":1,"featured_media":144275,"comment_status":"closed","ping_status":"closed","sticky":false,"template":"","format":"standard","meta":[],"categories":[2],"tags":[5544,5503,1982],"wps_subtitle":"Die LGBTIQ Intergroup des europ\u00e4ischen Parlaments hat einen Brief geschrieben","_links":{"self":[{"href":"https:\/\/alte.mannschaft.lgbt\/bimber\/wp-json\/wp\/v2\/posts\/147601"}],"collection":[{"href":"https:\/\/alte.mannschaft.lgbt\/bimber\/wp-json\/wp\/v2\/posts"}],"about":[{"href":"https:\/\/alte.mannschaft.lgbt\/bimber\/wp-json\/wp\/v2\/types\/post"}],"author":[{"embeddable":true,"href":"https:\/\/alte.mannschaft.lgbt\/bimber\/wp-json\/wp\/v2\/users\/1"}],"replies":[{"embeddable":true,"href":"https:\/\/alte.mannschaft.lgbt\/bimber\/wp-json\/wp\/v2\/comments?post=147601"}],"version-history":[{"count":13,"href":"https:\/\/alte.mannschaft.lgbt\/bimber\/wp-json\/wp\/v2\/posts\/147601\/revisions"}],"predecessor-version":[{"id":147606,"href":"https:\/\/alte.mannschaft.lgbt\/bimber\/wp-json\/wp\/v2\/posts\/147601\/revisions\/147606"}],"wp:featuredmedia":[{"embeddable":true,"href":"https:\/\/alte.mannschaft.lgbt\/bimber\/wp-json\/wp\/v2\/media\/144275"}],"wp:attachment":[{"href":"https:\/\/alte.mannschaft.lgbt\/bimber\/wp-json\/wp\/v2\/media?parent=147601"}],"wp:term":[{"taxonomy":"category","embeddable":true,"href":"https:\/\/alte.mannschaft.lgbt\/bimber\/wp-json\/wp\/v2\/categories?post=147601"},{"taxonomy":"post_tag","embeddable":true,"href":"https:\/\/alte.mannschaft.lgbt\/bimber\/wp-json\/wp\/v2\/tags?post=147601"}],"curies":[{"name":"wp","href":"https:\/\/api.w.org\/{rel}","templated":true}]}}