{"id":147491,"date":"2022-08-30T15:23:39","date_gmt":"2022-08-30T13:23:39","guid":{"rendered":"https:\/\/mannschaft.com\/?p=147491"},"modified":"2022-08-31T10:36:14","modified_gmt":"2022-08-31T08:36:14","slug":"queer-bundesbeauftragter-legt-plan-gegen-lgbtiq-feindlichkeit-vor","status":"publish","type":"post","link":"https:\/\/alte.mannschaft.lgbt\/bimber\/queer-bundesbeauftragter-legt-plan-gegen-lgbtiq-feindlichkeit-vor\/","title":{"rendered":"Queer-Beauftragter legt Plan gegen LGBTIQ-Feindlichkeit vor"},"content":{"rendered":"<h3>Mit einem umfangreichen Massnahmenkatalog will die Bundesregierung gegen Queerfeindlichkeit vorgehen. Der <a href=\"https:\/\/mannschaft.com\/bundesregierung-beruft-sven-lehmann-zum-queer-beauftragten\/\" target=\"_blank\" rel=\"noopener\">Queerbeauftragte, Sven Lehmann (Gr\u00fcne)<\/a>, verschickte dazu am Dienstag den Entwurf f\u00fcr einen \u00abNationalen Aktionsplan f\u00fcr Akzeptanz und Schutz sexueller und geschlechtlicher Vielfalt\u00bb.<\/h3>\n<p>Der Plan ging an Verb\u00e4nde und Ministerien der Bundesregierung zur weiteren Abstimmung. In dem Papier, das der Deutschen Presse-Agentur vorliegt, werden die unterschiedlichen Vorhaben der Ampel zum Thema zusammengefasst und Vorschl\u00e4ge zur Umsetzung gemacht. Es geht dabei etwa um \u00abRechtliche Anerkennung\u00bb, \u00abTeilhabe\u00bb oder \u00abSicherheit\u00bb. Im Koalitionsvertrag hatten die Ampel-Parteien festgehalten, einen solchen Aktionsplan zu erarbeiten. Er soll nach dpa-Informationen noch in diesem Jahr beschlossen werden. Anschliessend sollen eine Priorisierung und die Umsetzung der einzelnen Massnahmen erfolgen.<\/p>\n<p>So will die Ampel laut Koalitionsvertrag den Gleichbehandlungsartikel des Grundgesetzes um ein Verbot der Diskriminierung wegen sexueller Identit\u00e4t erg\u00e4nzen. Im Entwurf des Aktionsplans wird vorgeschlagen, dass die Regierung hierzu den \u00abDialog mit Bundestag und Bundesl\u00e4ndern \u00fcber einen entsprechenden Gesetzentwurf\u00bb sucht, denn f\u00fcr eine Grundgesetz\u00e4nderung braucht es in Bundestag und Bundesrat Zweidrittelmehrheiten.<\/p>\n<p>Sicherheitsbeh\u00f6rden sollen dem Entwurf zufolge Hasskriminalit\u00e4t aufgrund des Geschlechts oder gegen queere Menschen zuk\u00fcnftig separat erfassen. In Schulen und im Sport sollen Projekte gegen Sexismus und Queerfeindlichkeit gef\u00f6rdert werden. Geplant ist zudem eine Regelung zur Kosten\u00fcbernahme von k\u00fcnstlichen Befruchtungen bei Kinderwunsch auch f\u00fcr unverheiratete und gleichgeschlechtliche Paare.<\/p>\n<p>Beim Punkt \u00abGeschlechtergerechte Sprache\u00bb wird die \u00abEinrichtung eines Gremiums zur Formulierung von Empfehlungen f\u00fcr den \u00d6ffentlichen Dienst\u00bb vorgeschlagen. (Wegen Kritik am Gendern verliess Florian Post jetzt die SPD: Der Kanzler-Kritiker sass bis 2021 im Bundestag \u2013 <a href=\"https:\/\/mannschaft.com\/gender-sternchen-ploetzlich-das-wichtigste-florian-post-verlaesst-spd\/\" target=\"_blank\" rel=\"noopener\">MANNSCHAFT berichtete)<\/a>.<\/p>\n<p>\u00abWir sind in Sachen Gleichberechtigung und Akzeptanz weit gekommen, aber noch l\u00e4ngst nicht weit genug\u00bb, sagte Lehmann der dpa. Mit dem Aktionsplan wolle man Queerfeindlichkeit entschieden entgegenwirken. \u00abDer Aktionsplan wird die Agenda f\u00fcr eine Politik des Respekts.\u00bb<\/p>\n<p><strong>Nach der Attacke beim CSD M\u00fcnster liegt ein trans Mann weiter im Koma: Noch gibt es keine konkrete Spur zum Tatverd\u00e4chtigen <a href=\"https:\/\/mannschaft.com\/trans-mann-nach-attacke-bei-csd-muenster-weiter-im-koma\/\" target=\"_blank\" rel=\"noopener\">(MANNSCHAFT berichtete)<\/a>.<\/strong><\/p>\n","protected":false},"excerpt":{"rendered":"<p>#Berlin Mit umfangreichem Massnahmenkatalog will die Bundesregierung gg #LGBTIQ-Feindlichkeit vorgehen. Der dt. Queerbeauftragte @svenlehmann verschickte dazu heute einen Entwurf f. \u00abNationalen Aktionsplan\u00bb. <a class=\"g1-link g1-link-more\" href=\"https:\/\/alte.mannschaft.lgbt\/bimber\/queer-bundesbeauftragter-legt-plan-gegen-lgbtiq-feindlichkeit-vor\/\">Weiterlesen<\/a><\/p>\n","protected":false},"author":1950,"featured_media":139444,"comment_status":"closed","ping_status":"closed","sticky":false,"template":"","format":"standard","meta":[],"categories":[3],"tags":[5527,4527,5544,833],"wps_subtitle":"Sicherheitsbeh\u00f6rden sollen Hasskriminalit\u00e4t gegen Queers separat erfassen","_links":{"self":[{"href":"https:\/\/alte.mannschaft.lgbt\/bimber\/wp-json\/wp\/v2\/posts\/147491"}],"collection":[{"href":"https:\/\/alte.mannschaft.lgbt\/bimber\/wp-json\/wp\/v2\/posts"}],"about":[{"href":"https:\/\/alte.mannschaft.lgbt\/bimber\/wp-json\/wp\/v2\/types\/post"}],"author":[{"embeddable":true,"href":"https:\/\/alte.mannschaft.lgbt\/bimber\/wp-json\/wp\/v2\/users\/1950"}],"replies":[{"embeddable":true,"href":"https:\/\/alte.mannschaft.lgbt\/bimber\/wp-json\/wp\/v2\/comments?post=147491"}],"version-history":[{"count":8,"href":"https:\/\/alte.mannschaft.lgbt\/bimber\/wp-json\/wp\/v2\/posts\/147491\/revisions"}],"predecessor-version":[{"id":147559,"href":"https:\/\/alte.mannschaft.lgbt\/bimber\/wp-json\/wp\/v2\/posts\/147491\/revisions\/147559"}],"wp:featuredmedia":[{"embeddable":true,"href":"https:\/\/alte.mannschaft.lgbt\/bimber\/wp-json\/wp\/v2\/media\/139444"}],"wp:attachment":[{"href":"https:\/\/alte.mannschaft.lgbt\/bimber\/wp-json\/wp\/v2\/media?parent=147491"}],"wp:term":[{"taxonomy":"category","embeddable":true,"href":"https:\/\/alte.mannschaft.lgbt\/bimber\/wp-json\/wp\/v2\/categories?post=147491"},{"taxonomy":"post_tag","embeddable":true,"href":"https:\/\/alte.mannschaft.lgbt\/bimber\/wp-json\/wp\/v2\/tags?post=147491"}],"curies":[{"name":"wp","href":"https:\/\/api.w.org\/{rel}","templated":true}]}}