{"id":146905,"date":"2022-08-23T13:48:38","date_gmt":"2022-08-23T11:48:38","guid":{"rendered":"https:\/\/mannschaft.com\/?p=146905"},"modified":"2022-08-24T08:15:07","modified_gmt":"2022-08-24T06:15:07","slug":"nach-homophobem-ausfall-keine-fcl-sperre-gegen-marius-mueller","status":"publish","type":"post","link":"https:\/\/alte.mannschaft.lgbt\/bimber\/nach-homophobem-ausfall-keine-fcl-sperre-gegen-marius-mueller\/","title":{"rendered":"Nach homophobem Ausfall: Keine Sperre f\u00fcr Marius M\u00fcller"},"content":{"rendered":"<h3>Der Disziplinarrichter im Spielbetriebswesen der Swiss Football League (SFL) spricht gegen den Torh\u00fcter des FC Luzern einen Verweis und eine Busse von 2000 Franken wegen beleidigender \u00c4usserung in einem Fernsehinterview aus.<\/h3>\n<p>Der FCL-Goalie Marius M\u00fcller kommt nach seiner homophoben \u00c4usserung im Nachgang der Partie in St. Gallen mit einem blauen Auge davon.<\/p>\n<p>Wie u.a. <a href=\"https:\/\/www.blick.ch\/sport\/fussball\/superleague\/nach-homophober-aussage-keine-sperre-gegen-fcl-goalie-mueller-id17812564.html\" target=\"_blank\" rel=\"noopener\"><em>Blick<\/em><\/a> berichtet, wird der Luzerner Keeper von der SFL nur mit einem Verweis und einer Busse \u00fcber 2000 Franken belegt, nachdem diese letzte Woche ein Verfahren gegen ihn eingeleitet hatte.<\/p>\n<p>M\u00fcller hatte in zwei Interviews nach der 1:4-Niederlage beim FC St. Gallen f\u00fcr einen Eklat gesorgt. Damals sagte er, dass ihm \u00abdas schwule Weggedrehe tierisch auf den Sack gehen\u00bb w\u00fcrde <a href=\"https:\/\/mannschaft.com\/marius-mueller-fc-luzern-das-schwule-weggedrehe\/\" target=\"_blank\" rel=\"noopener\">(MANNSCHAFT berichtete)<\/a>.<\/p>\n<p>Das l\u00f6ste einen grossen Medienrummel aus, gefolgt von <a href=\"https:\/\/mannschaft.com\/ich-bin-es-leid-dass-andere-fuer-mich-entscheiden-was-verletzend-ist\/\" target=\"_blank\" rel=\"noopener\">Kommentare von allen Seiten<\/a>, auch nachdem sich der Keeper entschuldigt hatte.<\/p>\n<p><strong>\u00abWeshalb gibts keine Supspendierung?\u00bb<\/strong><br \/>\nDer FC Luzern distanzierte sich von den Aussagen, Pr\u00e4sident Stefan Wolf entschuldigte sich im Namen des ganzen Vereins. Er verh\u00e4ngte intern eine Geldstrafe gegen M\u00fcller.<\/p>\n<p>Jetzt folgt die Liga. Auch sie belegt M\u00fcller mit einer Geldbusse, obwohl das Strafmass f\u00fcr \u00abanst\u00f6ssige, beleidigende oder schm\u00e4hende \u00c4usserungen\u00bb eigentlich zwei Spielsperren w\u00e4ren.<\/p>\n<p>\u00abWeshalb gibts keine Supspendierung f\u00fcr M\u00fcller?\u00bb, fragt <em>Blick<\/em>.<\/p>\n<blockquote class=\"instagram-media\" style=\"background: #FFF; border: 0; border-radius: 3px; box-shadow: 0 0 1px 0 rgba(0,0,0,0.5),0 1px 10px 0 rgba(0,0,0,0.15); margin: 1px; max-width: 540px; min-width: 326px; padding: 0; width: calc(100% - 2px);\" data-instgrm-captioned=\"\" data-instgrm-permalink=\"https:\/\/www.instagram.com\/p\/CPyDej-tJB3\/?utm_source=ig_embed&amp;utm_campaign=loading\" data-instgrm-version=\"14\">\n<div style=\"padding: 16px;\">\n<p>&nbsp;<\/p>\n<div style=\"display: flex; flex-direction: row; align-items: center;\">\n<div style=\"background-color: #f4f4f4; border-radius: 50%; flex-grow: 0; height: 40px; margin-right: 14px; width: 40px;\"><\/div>\n<div style=\"display: flex; flex-direction: column; flex-grow: 1; justify-content: center;\">\n<div style=\"background-color: #f4f4f4; border-radius: 4px; flex-grow: 0; height: 14px; margin-bottom: 6px; width: 100px;\"><\/div>\n<div style=\"background-color: #f4f4f4; border-radius: 4px; flex-grow: 0; height: 14px; width: 60px;\"><\/div>\n<\/div>\n<\/div>\n<div style=\"padding: 19% 0;\"><\/div>\n<div style=\"display: block; height: 50px; margin: 0 auto 12px; width: 50px;\"><\/div>\n<div style=\"padding-top: 8px;\">\n<div style=\"color: #3897f0; font-family: Arial,sans-serif; font-size: 14px; font-style: normal; font-weight: 550; line-height: 18px;\">Sieh dir diesen Beitrag auf Instagram an<\/div>\n<\/div>\n<div style=\"padding: 12.5% 0;\"><\/div>\n<div style=\"display: flex; flex-direction: row; margin-bottom: 14px; align-items: center;\">\n<div>\n<div style=\"background-color: #f4f4f4; border-radius: 50%; height: 12.5px; width: 12.5px; transform: translateX(0px) translateY(7px);\"><\/div>\n<div style=\"background-color: #f4f4f4; height: 12.5px; transform: rotate(-45deg) translateX(3px) translateY(1px); width: 12.5px; flex-grow: 0; margin-right: 14px; margin-left: 2px;\"><\/div>\n<div style=\"background-color: #f4f4f4; border-radius: 50%; height: 12.5px; width: 12.5px; transform: translateX(9px) translateY(-18px);\"><\/div>\n<\/div>\n<div style=\"margin-left: 8px;\">\n<div style=\"background-color: #f4f4f4; border-radius: 50%; flex-grow: 0; height: 20px; width: 20px;\"><\/div>\n<div style=\"width: 0; height: 0; border-top: 2px solid transparent; border-left: 6px solid #f4f4f4; border-bottom: 2px solid transparent; transform: translateX(16px) translateY(-4px) rotate(30deg);\"><\/div>\n<\/div>\n<div style=\"margin-left: auto;\">\n<div style=\"width: 0px; border-top: 8px solid #F4F4F4; border-right: 8px solid transparent; transform: translateY(16px);\"><\/div>\n<div style=\"background-color: #f4f4f4; flex-grow: 0; height: 12px; width: 16px; transform: translateY(-4px);\"><\/div>\n<div style=\"width: 0; height: 0; border-top: 8px solid #F4F4F4; border-left: 8px solid transparent; transform: translateY(-4px) translateX(8px);\"><\/div>\n<\/div>\n<\/div>\n<div style=\"display: flex; flex-direction: column; flex-grow: 1; justify-content: center; margin-bottom: 24px;\">\n<div style=\"background-color: #f4f4f4; border-radius: 4px; flex-grow: 0; height: 14px; margin-bottom: 6px; width: 224px;\"><\/div>\n<div style=\"background-color: #f4f4f4; border-radius: 4px; flex-grow: 0; height: 14px; width: 144px;\"><\/div>\n<\/div>\n<p>&nbsp;<\/p>\n<p style=\"color: #c9c8cd; font-family: Arial,sans-serif; font-size: 14px; line-height: 17px; margin-bottom: 0; margin-top: 8px; overflow: hidden; padding: 8px 0 7px; text-align: center; text-overflow: ellipsis; white-space: nowrap;\"><a style=\"color: #c9c8cd; font-family: Arial,sans-serif; font-size: 14px; font-style: normal; font-weight: normal; line-height: 17px; text-decoration: none;\" href=\"https:\/\/www.instagram.com\/p\/CPyDej-tJB3\/?utm_source=ig_embed&amp;utm_campaign=loading\" target=\"_blank\" rel=\"noopener\">Ein Beitrag geteilt von Marius Mu\u0308ller (@muelli__21)<\/a><\/p>\n<\/div>\n<\/blockquote>\n<p><script async src=\"\/\/www.instagram.com\/embed.js\"><\/script><\/p>\n<p>Der Disziplinarrichter im Spielbetriebswesen erkl\u00e4rte seinen Entscheid offiziell so: \u00abBeim vorliegenden Entscheid geht der Disziplinarrichter im Spielbetriebswesen davon aus, dass Marius M\u00fcller die Aussage unbedacht und ohne konkrete, subjektive Schm\u00e4hungsabsicht homosexuellen Menschen gegen\u00fcber gemacht hat.\u00bb<\/p>\n<p><strong>\u00abQuasi eine Gelbe Karte\u00bb<\/strong><br \/>\nWeiter heisst es: \u00abIn Bezug auf den Strafrahmen ist anzumerken, dass sich die Aussage von Marius M\u00fcller weder gegen einen Schiedsrichter oder einen konkreten Spieler noch gegen die Zuschauer oder sonst eine konkrete Person im Stadion gerichtet hat. Vielmehr gab Marius M\u00fcller mit seiner Aussage seinem Frust \u00fcber die aus seiner Sicht unzul\u00e4ngliche Verteidigungsarbeit seiner Mitspieler Ausdruck.\u201c<\/p>\n<p>Positiv ber\u00fccksichtigt worden sei der Umstand, dass sich M\u00fcller nach dem Vorfall \u00f6ffentlich entschuldigt habe und sein Fehlverhalten einsehe.<\/p>\n<blockquote class=\"instagram-media\" style=\"background: #FFF; border: 0; border-radius: 3px; box-shadow: 0 0 1px 0 rgba(0,0,0,0.5),0 1px 10px 0 rgba(0,0,0,0.15); margin: 1px; max-width: 540px; min-width: 326px; padding: 0; width: calc(100% - 2px);\" data-instgrm-captioned=\"\" data-instgrm-permalink=\"https:\/\/www.instagram.com\/p\/Cf7Kqqvtcbh\/?utm_source=ig_embed&amp;utm_campaign=loading\" data-instgrm-version=\"14\">\n<div style=\"padding: 16px;\">\n<p>&nbsp;<\/p>\n<div style=\"display: flex; flex-direction: row; align-items: center;\">\n<div style=\"background-color: #f4f4f4; border-radius: 50%; flex-grow: 0; height: 40px; margin-right: 14px; width: 40px;\"><\/div>\n<div style=\"display: flex; flex-direction: column; flex-grow: 1; justify-content: center;\">\n<div style=\"background-color: #f4f4f4; border-radius: 4px; flex-grow: 0; height: 14px; margin-bottom: 6px; width: 100px;\"><\/div>\n<div style=\"background-color: #f4f4f4; border-radius: 4px; flex-grow: 0; height: 14px; width: 60px;\"><\/div>\n<\/div>\n<\/div>\n<div style=\"padding: 19% 0;\"><\/div>\n<div style=\"display: block; height: 50px; margin: 0 auto 12px; width: 50px;\"><\/div>\n<div style=\"padding-top: 8px;\">\n<div style=\"color: #3897f0; font-family: Arial,sans-serif; font-size: 14px; font-style: normal; font-weight: 550; line-height: 18px;\">Sieh dir diesen Beitrag auf Instagram an<\/div>\n<\/div>\n<div style=\"padding: 12.5% 0;\"><\/div>\n<div style=\"display: flex; flex-direction: row; margin-bottom: 14px; align-items: center;\">\n<div>\n<div style=\"background-color: #f4f4f4; border-radius: 50%; height: 12.5px; width: 12.5px; transform: translateX(0px) translateY(7px);\"><\/div>\n<div style=\"background-color: #f4f4f4; height: 12.5px; transform: rotate(-45deg) translateX(3px) translateY(1px); width: 12.5px; flex-grow: 0; margin-right: 14px; margin-left: 2px;\"><\/div>\n<div style=\"background-color: #f4f4f4; border-radius: 50%; height: 12.5px; width: 12.5px; transform: translateX(9px) translateY(-18px);\"><\/div>\n<\/div>\n<div style=\"margin-left: 8px;\">\n<div style=\"background-color: #f4f4f4; border-radius: 50%; flex-grow: 0; height: 20px; width: 20px;\"><\/div>\n<div style=\"width: 0; height: 0; border-top: 2px solid transparent; border-left: 6px solid #f4f4f4; border-bottom: 2px solid transparent; transform: translateX(16px) translateY(-4px) rotate(30deg);\"><\/div>\n<\/div>\n<div style=\"margin-left: auto;\">\n<div style=\"width: 0px; border-top: 8px solid #F4F4F4; border-right: 8px solid transparent; transform: translateY(16px);\"><\/div>\n<div style=\"background-color: #f4f4f4; flex-grow: 0; height: 12px; width: 16px; transform: translateY(-4px);\"><\/div>\n<div style=\"width: 0; height: 0; border-top: 8px solid #F4F4F4; border-left: 8px solid transparent; transform: translateY(-4px) translateX(8px);\"><\/div>\n<\/div>\n<\/div>\n<div style=\"display: flex; flex-direction: column; flex-grow: 1; justify-content: center; margin-bottom: 24px;\">\n<div style=\"background-color: #f4f4f4; border-radius: 4px; flex-grow: 0; height: 14px; margin-bottom: 6px; width: 224px;\"><\/div>\n<div style=\"background-color: #f4f4f4; border-radius: 4px; flex-grow: 0; height: 14px; width: 144px;\"><\/div>\n<\/div>\n<p>&nbsp;<\/p>\n<p style=\"color: #c9c8cd; font-family: Arial,sans-serif; font-size: 14px; line-height: 17px; margin-bottom: 0; margin-top: 8px; overflow: hidden; padding: 8px 0 7px; text-align: center; text-overflow: ellipsis; white-space: nowrap;\"><a style=\"color: #c9c8cd; font-family: Arial,sans-serif; font-size: 14px; font-style: normal; font-weight: normal; line-height: 17px; text-decoration: none;\" href=\"https:\/\/www.instagram.com\/p\/Cf7Kqqvtcbh\/?utm_source=ig_embed&amp;utm_campaign=loading\" target=\"_blank\" rel=\"noopener\">Ein Beitrag geteilt von Marius Mu\u0308ller (@muelli__21)<\/a><\/p>\n<\/div>\n<\/blockquote>\n<p><script async src=\"\/\/www.instagram.com\/embed.js\"><\/script><\/p>\n<p>Den jetzt ausgesprochenen Verweis kann man als Verwarnung interpretieren, \u00abquasi als Gelbe Karte\u00bb, so <em>Blick<\/em>. Diese wirkt sich bei einem allf\u00e4lligen weiteren Verfahren gem\u00e4ss SFL-Reglement \u00abstraferh\u00f6hend\u00bb aus.<\/p>\n<p><a href=\"https:\/\/mannschaft.com\/nach-marius-muellers-homofeindlichem-spruch-einladung-zur-pride\/\" target=\"_blank\" rel=\"noopener\"><strong>Nach seinen \u00c4usserungen hat der Verein Pride Zentralschweiz Marius M\u00fcller sowie den Vorstand des FCL zur Pride in Luzern am 3. September eingeladen.\u00a0 Dort k\u00f6nnten sie beweisen, dass sie f\u00fcr gelebte Diversit\u00e4t auch auf die Strasse gehen w\u00fcrden.<\/strong><\/a><\/p>\n","protected":false},"excerpt":{"rendered":"<p>#Schweiz \u2013 Die Swiss Football League (@News_SFL) spricht gegen den Torh\u00fcter des FC Luzern #MariusM\u00fcller einen Verweis und eine Busse von 2000 Franken wegen homophober \u00c4usserung in einem Fernsehinterview aus.  <a class=\"g1-link g1-link-more\" href=\"https:\/\/alte.mannschaft.lgbt\/bimber\/nach-homophobem-ausfall-keine-fcl-sperre-gegen-marius-mueller\/\">Weiterlesen<\/a><\/p>\n","protected":false},"author":1,"featured_media":146907,"comment_status":"closed","ping_status":"closed","sticky":false,"template":"","format":"standard","meta":[],"categories":[1340,4447],"tags":[1401,5461,5543],"wps_subtitle":"Der 29-j\u00e4hrige Goalie kommt mit einem blauen Auge davon","_links":{"self":[{"href":"https:\/\/alte.mannschaft.lgbt\/bimber\/wp-json\/wp\/v2\/posts\/146905"}],"collection":[{"href":"https:\/\/alte.mannschaft.lgbt\/bimber\/wp-json\/wp\/v2\/posts"}],"about":[{"href":"https:\/\/alte.mannschaft.lgbt\/bimber\/wp-json\/wp\/v2\/types\/post"}],"author":[{"embeddable":true,"href":"https:\/\/alte.mannschaft.lgbt\/bimber\/wp-json\/wp\/v2\/users\/1"}],"replies":[{"embeddable":true,"href":"https:\/\/alte.mannschaft.lgbt\/bimber\/wp-json\/wp\/v2\/comments?post=146905"}],"version-history":[{"count":7,"href":"https:\/\/alte.mannschaft.lgbt\/bimber\/wp-json\/wp\/v2\/posts\/146905\/revisions"}],"predecessor-version":[{"id":146919,"href":"https:\/\/alte.mannschaft.lgbt\/bimber\/wp-json\/wp\/v2\/posts\/146905\/revisions\/146919"}],"wp:featuredmedia":[{"embeddable":true,"href":"https:\/\/alte.mannschaft.lgbt\/bimber\/wp-json\/wp\/v2\/media\/146907"}],"wp:attachment":[{"href":"https:\/\/alte.mannschaft.lgbt\/bimber\/wp-json\/wp\/v2\/media?parent=146905"}],"wp:term":[{"taxonomy":"category","embeddable":true,"href":"https:\/\/alte.mannschaft.lgbt\/bimber\/wp-json\/wp\/v2\/categories?post=146905"},{"taxonomy":"post_tag","embeddable":true,"href":"https:\/\/alte.mannschaft.lgbt\/bimber\/wp-json\/wp\/v2\/tags?post=146905"}],"curies":[{"name":"wp","href":"https:\/\/api.w.org\/{rel}","templated":true}]}}