{"id":146354,"date":"2022-08-17T17:57:27","date_gmt":"2022-08-17T15:57:27","guid":{"rendered":"https:\/\/mannschaft.com\/?p=146354"},"modified":"2022-08-19T18:12:31","modified_gmt":"2022-08-19T16:12:31","slug":"nach-marius-muellers-homofeindlichem-spruch-einladung-zur-pride","status":"publish","type":"post","link":"https:\/\/alte.mannschaft.lgbt\/bimber\/nach-marius-muellers-homofeindlichem-spruch-einladung-zur-pride\/","title":{"rendered":"Nach Marius M\u00fcllers homofeindlichem Spruch: Einladung zur Pride"},"content":{"rendered":"<h3>Die Swiss Football League (SFL) hat ein Disziplinarverfahren gegen Luzerns Torh\u00fcter Marius M\u00fcller er\u00f6ffnet. Hintergrund ist eine schwulenfeindliche \u00c4usserung, f\u00fcr die er sich entschuldigt hat. Kommt er nun zur Pride in Luzern?<\/h3>\n<p>Nach der homofeindlichen Aussage des Profispielers Marius M\u00fcller vom FC Luzern zeigt sich der Verein Pride Zentralschweiz entt\u00e4uscht \u2013 und l\u00e4dt die Mannschaften und den Vorstand ein, an der Demonstration vom 3. September in <a href=\"https:\/\/mannschaft.com\/luzern-soll-regenbogenbunten-radweg-bekommen\/\" target=\"_blank\" rel=\"noopener\">Luzern<\/a> mitzulaufen.<\/p>\n<blockquote class=\"twitter-tweet\">\n<p dir=\"ltr\" lang=\"de\">Stellungnahme des FC Luzern zur Aussage seines Torh\u00fcter Marius M\u00fcller nach dem Spiel gegen den FC St.Gallen 1879. <a href=\"https:\/\/t.co\/fMx1Wdxotu\">pic.twitter.com\/fMx1Wdxotu<\/a><\/p>\n<p>\u2014 FC Luzern (@FCL_1901) <a href=\"https:\/\/twitter.com\/FCL_1901\/status\/1559093957132419073?ref_src=twsrc%5Etfw\">August 15, 2022<\/a><\/p><\/blockquote>\n<p><script async src=\"https:\/\/platform.twitter.com\/widgets.js\" charset=\"utf-8\"><\/script><\/p>\n<p>Am Samstag hatte der Torh\u00fcter des FC Luzern nach einer Niederlage seinen Mitspielern in zwei Interviews \u00abschwules Weggedrehe\u00bb vorgeworfen und Homosexualit\u00e4t so mit Schw\u00e4che und Feigheit gleichgesetzt <a href=\"https:\/\/mannschaft.com\/marius-mueller-fc-luzern-das-schwule-weggedrehe\/\" target=\"_blank\" rel=\"noopener\">(MANNSCHAFT berichtete)<\/a>. F\u00fcr den Verein Pride Zentralschweiz, der f\u00fcr die Gleichstellung von queeren Menschen k\u00e4mpft, ist das ein &#8222;grobes Foul&#8220;. In einer Medienmitteilung heisst es: Gerade Personen mit einer Vorbildfunktion m\u00fcssen auf ihre Wortwahl achten, auch im Eifer des Gefechts und bei erhitztem Gem\u00fct \u2013 sonst verkommen sch\u00f6ne Wertebekenntnisse rasch zur Farce.<\/p>\n<p>Wichtiger als blosse Solidarit\u00e4tsbekundungen nach einem Fehltritt sei nun die Bereitschaft, auf Menschen zuzugehen und von ihnen zu lernen. Die vom Club-Pr\u00e4sidenten inzwischen angek\u00fcndigten Massnahmen seien zu begr\u00fcssen, so der Verein Pride Zentralschweiz. Er l\u00e4dt nun die Mannschaften und den Vorstand des FCL ein, an der Pride-Demo vom 3. September in Luzern mitzulaufen. So k\u00f6nnten die Verantwortlichen beim FCL zeigen, dass sie genauso mutig sind wie die queere Community, die f\u00fcr ihre Rechte und gelebte Diversit\u00e4t auf die Strasse geht.<\/p>\n<p>Nach 17 Jahren kommt die Pride wieder nach Luzern. Erster H\u00f6hepunkt ist am 27. August die Night of Colors Party, am 3. September findet der Umzug statt. Zudem gibt es diverse Events in der Zentralschweiz. Unter dem Motto \u00abMini Schwiiz, Mini Zentralschwiiz, Mini Pride\u00bb findet vom 26. August bis zum 4. September die Pride Zentralschweiz statt. Den Auftakt des 10-t\u00e4gigen Events macht der Film \u00abLes Amours d\u2019Ana\u00efs\u00bb im Stattkino.<\/p>\n<p><strong>Laut Studie: UEFA sieht grosses Wachstumspotenzial im Frauenfussball. Der Wert der Medienrechte k\u00f6nne auf 256 Millionen Euro steigen <a href=\"https:\/\/mannschaft.com\/laut-studie-uefa-sieht-grosses-wachstumspotenzial-im-frauenfussball\/\" target=\"_blank\" rel=\"noopener\">(MANNSCHAFT berichtete).<\/a><\/strong><\/p>\n","protected":false},"excerpt":{"rendered":"<p>#Luzern Torh\u00fcter Marius M\u00fcller hat sich #schwulenfeindlich ge\u00e4ussert. Kommt er zur #Pride in Luzern? Von dort gibt es jetzt eine Einladung an den #Fussball-Club. <a class=\"g1-link g1-link-more\" href=\"https:\/\/alte.mannschaft.lgbt\/bimber\/nach-marius-muellers-homofeindlichem-spruch-einladung-zur-pride\/\">Weiterlesen<\/a><\/p>\n","protected":false},"author":1,"featured_media":146195,"comment_status":"closed","ping_status":"closed","sticky":false,"template":"","format":"standard","meta":[],"categories":[4701,1340,4447],"tags":[1401,5503,5543],"wps_subtitle":"Die Schweizer Fussballliga Swiss Football League hat ein Disziplinarverfahren er\u00f6ffnet","_links":{"self":[{"href":"https:\/\/alte.mannschaft.lgbt\/bimber\/wp-json\/wp\/v2\/posts\/146354"}],"collection":[{"href":"https:\/\/alte.mannschaft.lgbt\/bimber\/wp-json\/wp\/v2\/posts"}],"about":[{"href":"https:\/\/alte.mannschaft.lgbt\/bimber\/wp-json\/wp\/v2\/types\/post"}],"author":[{"embeddable":true,"href":"https:\/\/alte.mannschaft.lgbt\/bimber\/wp-json\/wp\/v2\/users\/1"}],"replies":[{"embeddable":true,"href":"https:\/\/alte.mannschaft.lgbt\/bimber\/wp-json\/wp\/v2\/comments?post=146354"}],"version-history":[{"count":8,"href":"https:\/\/alte.mannschaft.lgbt\/bimber\/wp-json\/wp\/v2\/posts\/146354\/revisions"}],"predecessor-version":[{"id":146364,"href":"https:\/\/alte.mannschaft.lgbt\/bimber\/wp-json\/wp\/v2\/posts\/146354\/revisions\/146364"}],"wp:featuredmedia":[{"embeddable":true,"href":"https:\/\/alte.mannschaft.lgbt\/bimber\/wp-json\/wp\/v2\/media\/146195"}],"wp:attachment":[{"href":"https:\/\/alte.mannschaft.lgbt\/bimber\/wp-json\/wp\/v2\/media?parent=146354"}],"wp:term":[{"taxonomy":"category","embeddable":true,"href":"https:\/\/alte.mannschaft.lgbt\/bimber\/wp-json\/wp\/v2\/categories?post=146354"},{"taxonomy":"post_tag","embeddable":true,"href":"https:\/\/alte.mannschaft.lgbt\/bimber\/wp-json\/wp\/v2\/tags?post=146354"}],"curies":[{"name":"wp","href":"https:\/\/api.w.org\/{rel}","templated":true}]}}