{"id":146193,"date":"2022-08-16T07:24:06","date_gmt":"2022-08-16T05:24:06","guid":{"rendered":"https:\/\/mannschaft.com\/?p=146193"},"modified":"2022-08-17T18:12:07","modified_gmt":"2022-08-17T16:12:07","slug":"disziplinarverfahren-gegen-marius-mueller-nach-schwulenfeindlichem-spruch","status":"publish","type":"post","link":"https:\/\/alte.mannschaft.lgbt\/bimber\/disziplinarverfahren-gegen-marius-mueller-nach-schwulenfeindlichem-spruch\/","title":{"rendered":"Disziplinarverfahren nach M\u00fcllers homofeindlichem Spruch"},"content":{"rendered":"<h3>Die Schweizer Fussballliga Swiss Football League (SFL) hat ein Disziplinarverfahren gegen den deutschen Torh\u00fcter Marius M\u00fcller er\u00f6ffnet. Hintergrund ist eine schwulenfeindliche \u00c4usserung.<\/h3>\n<p>Die homophobe \u00c4usserung von M\u00fcller fiel nach der Niederlage seines Vereins, des FC Luzern, gegen den FC St. Gallen am vergangenen Samstag. M\u00fcller hatte sich anschliessend in einem Fernsehinterview abf\u00e4llig \u00fcber die Verteidiger seiner Mannschaft ge\u00e4ussert, die sich wegdrehten statt in den Ball zu gehen. Dabei benutze er das Wort \u00abschwul\u00bb abf\u00e4llig <a href=\"https:\/\/mannschaft.com\/marius-mueller-fc-luzern-das-schwule-weggedrehe\/\" target=\"_blank\" rel=\"noopener\">(MANNSCHAFT berichtete)<\/a>. Die S\u00e4tze hatten in sozialen Medien Emp\u00f6rung ausgel\u00f6st.<\/p>\n<p>\u00abDer Disziplinarrichter im Spielbetriebswesen der Swiss Football League er\u00f6ffnet aufgrund der Aussagen in einem TV-Interview am letzten Samstag nach Niederlage gegen den FC St. Gallen (4:1) ein Verfahren gegen den Torh\u00fcter des FC Luzern, Marius M\u00fcller\u00bb, teilte die Liga am Montag mit. \u00abBis zur Ver\u00f6ffentlichung eines allf\u00e4lligen Urteils werden keine weiteren Informationen bekanntgegeben.\u00bb<\/p>\n<blockquote class=\"twitter-tweet\">\n<p dir=\"ltr\" lang=\"de\">Stellungnahme des FC Luzern zur Aussage seines Torh\u00fcter Marius M\u00fcller nach dem Spiel gegen den FC St.Gallen 1879. <a href=\"https:\/\/t.co\/fMx1Wdxotu\">pic.twitter.com\/fMx1Wdxotu<\/a><\/p>\n<p>\u2014 FC Luzern (@FCL_1901) <a href=\"https:\/\/twitter.com\/FCL_1901\/status\/1559093957132419073?ref_src=twsrc%5Etfw\">August 15, 2022<\/a><\/p><\/blockquote>\n<p><script async src=\"https:\/\/platform.twitter.com\/widgets.js\" charset=\"utf-8\"><\/script><\/p>\n<p>Der FC Luzern entschuldigte sich auf Twitter f\u00fcr das Verhalten seines Torwarts. Seine Aussage entspreche weder den gelebten Werten des Vereins noch seiner Fans, teilte er mit. M\u00fcller selbst schloss sich auf Instagram der Entschuldigung seines Vereins an. Die Aussage sei dumm und komplett deplatziert gewesen.<\/p>\n<p><a href=\"https:\/\/www.derbund.ch\/kein-wunder-traut-sich-so-kein-schwuler-an-die-oeffentlichkeit-934462491581?fbclid=IwAR2nSnxIXTHc6gdRaymQLKTzmBVxcHWeusXFfAchqR4eMGhFr8Ml-He0yv8\" target=\"_blank\" rel=\"noopener\"><em>Der Bund<\/em><\/a> konstatiert in seiner Analyse zu dem Vorfall: Es k\u00f6nne niemanden \u00fcberraschen, dass Coming-outs von m\u00e4nnlichen Spielern rar sind. Die wenigen Ausnahmen <a href=\"https:\/\/mannschaft.com\/profikicker-josh-cavallo-ich-bin-stolz-dass-ich-schwul-bin\/\" target=\"_blank\" rel=\"noopener\">Josh Cavallo<\/a> und <a href=\"https:\/\/mannschaft.com\/englischer-fussballprofi-jake-daniels-ich-bin-schwul\/\" target=\"_blank\" rel=\"noopener\">Jake Daniels<\/a> best\u00e4tigen die Regel.<\/p>\n","protected":false},"excerpt":{"rendered":"<p>#Luzern Die Schweizer Fussballliga Swiss Football League hat ein Disziplinarverfahren gegen Torh\u00fcter Marius M\u00fcller er\u00f6ffnet. Hintergrund ist seine #schwulenfeindliche \u00c4usserung. #SFL <a class=\"g1-link g1-link-more\" href=\"https:\/\/alte.mannschaft.lgbt\/bimber\/disziplinarverfahren-gegen-marius-mueller-nach-schwulenfeindlichem-spruch\/\">Weiterlesen<\/a><\/p>\n","protected":false},"author":1950,"featured_media":146195,"comment_status":"closed","ping_status":"closed","sticky":false,"template":"","format":"standard","meta":[],"categories":[4701,1340,4447],"tags":[1401,5543],"wps_subtitle":"Der Torwart hatte sich am Montag entschuldigt","_links":{"self":[{"href":"https:\/\/alte.mannschaft.lgbt\/bimber\/wp-json\/wp\/v2\/posts\/146193"}],"collection":[{"href":"https:\/\/alte.mannschaft.lgbt\/bimber\/wp-json\/wp\/v2\/posts"}],"about":[{"href":"https:\/\/alte.mannschaft.lgbt\/bimber\/wp-json\/wp\/v2\/types\/post"}],"author":[{"embeddable":true,"href":"https:\/\/alte.mannschaft.lgbt\/bimber\/wp-json\/wp\/v2\/users\/1950"}],"replies":[{"embeddable":true,"href":"https:\/\/alte.mannschaft.lgbt\/bimber\/wp-json\/wp\/v2\/comments?post=146193"}],"version-history":[{"count":5,"href":"https:\/\/alte.mannschaft.lgbt\/bimber\/wp-json\/wp\/v2\/posts\/146193\/revisions"}],"predecessor-version":[{"id":146243,"href":"https:\/\/alte.mannschaft.lgbt\/bimber\/wp-json\/wp\/v2\/posts\/146193\/revisions\/146243"}],"wp:featuredmedia":[{"embeddable":true,"href":"https:\/\/alte.mannschaft.lgbt\/bimber\/wp-json\/wp\/v2\/media\/146195"}],"wp:attachment":[{"href":"https:\/\/alte.mannschaft.lgbt\/bimber\/wp-json\/wp\/v2\/media?parent=146193"}],"wp:term":[{"taxonomy":"category","embeddable":true,"href":"https:\/\/alte.mannschaft.lgbt\/bimber\/wp-json\/wp\/v2\/categories?post=146193"},{"taxonomy":"post_tag","embeddable":true,"href":"https:\/\/alte.mannschaft.lgbt\/bimber\/wp-json\/wp\/v2\/tags?post=146193"}],"curies":[{"name":"wp","href":"https:\/\/api.w.org\/{rel}","templated":true}]}}