{"id":145809,"date":"2022-08-12T08:11:02","date_gmt":"2022-08-12T06:11:02","guid":{"rendered":"https:\/\/mannschaft.com\/?p=145809"},"modified":"2022-08-12T20:39:17","modified_gmt":"2022-08-12T18:39:17","slug":"vollkommen-inakzeptabel-kampf-gegen-queerfeindliche-uebergriffe-in-frankfurt","status":"publish","type":"post","link":"https:\/\/alte.mannschaft.lgbt\/bimber\/vollkommen-inakzeptabel-kampf-gegen-queerfeindliche-uebergriffe-in-frankfurt\/","title":{"rendered":"\u00abVollkommen inakzeptabel\u00bb \u2013 Kampf gegen queerfeindliche \u00dcbergriffe"},"content":{"rendered":"<h3>In Frankfurt am Main kam es zuletzt zu mehreren Angriffen auf queere Menschen. W\u00e4hrend die Polizei ihre Pr\u00e4senz im Szeneviertel erh\u00f6ht, w\u00fcnscht sich die Community mehr Unterst\u00fctzung \u2013 auch von der Gesellschaft.<\/h3>\n<p>N\u00f6tig seien eine bessere Schulung der Polizei, eine Reform der Erfassungssysteme, zielgenauere Pr\u00e4ventionskonzepte sowie ein Milieuschutz, sagte Georgios Kazilas vom LSVD in Hessen. Die Beamten k\u00f6nnten noch mehr sensibilisiert werden, was homophobe und transfeindliche Gewalt betrifft. Dabei sei es sinnvoll, vermehrt den Verband lesbischer und schwuler Polizeibediensteter einzubinden.<\/p>\n<p>\u00abZudem ist die Dunkelziffer hoch, weil zum einen \u00dcbergriffe entweder von den Opfern gar nicht erst gemeldet oder nicht als queerfeindliche Gewalt registriert werden\u00bb, sagte Kazilas. Dann gehe solch ein hassmotiviertes Verbrechen wom\u00f6glich als normaler Raub\u00fcberfall in die Statistik ein.<\/p>\n<p>Ein Vorreiter sei Berlin, wo es bei der Staatsanwaltschaft bereits seit zehn Jahren spezialisierte Ansprechpartner LGBTIQ gibt, an die sich Zeugen und Opfer queerfeindlicher Gewalt direkt wenden k\u00f6nnen. Aber auch die Gesellschaft m\u00fcsse genauer hinschauen und einschreiten, bei k\u00f6rperlichen \u00dcbergriffen, aber auch bei P\u00f6beleien, sagte der 56-J\u00e4hrige, der im Vorstand des LSVD Hessen sitzt.<\/p>\n<p>In den vergangenen Wochen und Monaten kam es in Frankfurt wiederholt zu verbalen und k\u00f6rperlichen Angriffen auf Angeh\u00f6rige der queeren Community<a href=\"https:\/\/mannschaft.com\/beleidigt-und-geschlagen-homofeindlicher-uebergriff-in-frankfurt\/\" target=\"_blank\" rel=\"noopener\"> (MANNSCHAFT berichtete)<\/a>. In einem Fall erlitt ein Opfer einen Kieferbruch. Und am vergangenen Wochenende war ein junger Mann n\u00f6rdlich der Konstablerwache mit einer Glasflasche attackiert worden, auch hier pr\u00fcfen die Beamten, ob die Tat einen queerfeindlichen Hintergrund hat.<\/p>\n<p>Mitte Juli k\u00fcndigte die Polizei an, ihre Pr\u00e4senz in dem Viertel zu verst\u00e4rken und auch Zivilbeamt*innen einzusetzen <a href=\"https:\/\/mannschaft.com\/frankfurter-polizei-null-toleranz-bei-queerfeindlichen-uebergriffen\/\" target=\"_blank\" rel=\"noopener\">(MANNSCHAFT berichtete).<\/a> Und um bei Hinweisen auf queerfeindliche \u00dcbergriffe rascher und gezielter reagieren zu k\u00f6nnen, wurden innerhalb des Pr\u00e4sidiums die Meldewege verbessert.<\/p>\n<figure id=\"attachment_145810\" aria-describedby=\"caption-attachment-145810\" style=\"width: 746px\" class=\"wp-caption alignnone\"><a href=\"https:\/\/mannschaft.com\/bimber\/wp-content\/uploads\/2022\/08\/Queerfeindlich-Frankfurt_74829329.jpg\"><img data-expand=\"600\" decoding=\"async\" loading=\"lazy\" class=\"lazyload wp-image-145810 size-full\" src=\"data:image\/svg+xml;charset=utf-8,%3Csvg xmlns%3D'http%3A%2F%2Fwww.w3.org%2F2000%2Fsvg' viewBox%3D'0 0 746 1119'%2F%3E\" data-src=\"https:\/\/mannschaft.com\/bimber\/wp-content\/uploads\/2022\/08\/Queerfeindlich-Frankfurt_74829329-e1660284349758.jpg\" alt=\"Georgios Kazilas \" width=\"746\" height=\"1119\" \/><\/a><figcaption id=\"caption-attachment-145810\" class=\"wp-caption-text\">Georgios Kazilas (LSVD) am Frankfurter Engel (Foto: Hannes P. Albert\/dpa)<\/figcaption><\/figure>\n<p>\u00abEs ist vollkommen inakzeptabel, dass sich Menschen aufgrund ihrer sexuellen Orientierung, sexuellen Identit\u00e4t und ihrer \u00e4usseren Erscheinung in bestimmten Strassen nicht mehr sicher f\u00fchlen\u00bb, sagte ein Polizeisprecher. Und Hessens Innenminister Peter Beuth (CDU) betonte unl\u00e4ngst, solche Angriffe k\u00f6nne und werde man nicht hinnehmen. \u00abHessen ist ein tolerantes Land, in dem sich alle Menschen gleichermassen sicher f\u00fchlen m\u00fcssen.\u00bb<\/p>\n<p>Genaue Angaben zu queerfeindlichen Straftaten in Frankfurt lassen sich laut Polizei auch aufgrund der Dunkelziffer nicht machen. 2021 hatten die Ermittler eine niedrige zweistellige Anzahl registriert, in diesem Jahr sind die Zahlen auf einem \u00e4hnlichen Niveau, wie es hiess. Auff\u00e4llig sei aber, dass die Zahl der \u00dcbergriffe in dem Szeneviertel gestiegen sei, sagte der Sprecher.<\/p>\n<p>\u00abEs ist traurig, dass die Gewalt dort stattfindet, wo sich die Community seit langem trifft, in einem Viertel, das sie als ,safe space&#8216; empfunden hat\u00bb, sagt der Sprecher. Durch die Gentrifizierung habe sich das Viertel in den vergangen Jahren und Jahrzehnten ver\u00e4ndert. Szene-Bars und ein queerer Buchladen h\u00e4tten schliessen m\u00fcssen, hier w\u00fcnsche sich die Community einen besseren Milieuschutz von der Stadt.<\/p>\n","protected":false},"excerpt":{"rendered":"<p>In #Frankfurt kam es zuletzt zu mehreren Angriffen auf #Queers. W\u00e4hrend die Polizei ihre Pr\u00e4senz im Szeneviertel erh\u00f6ht, will die #LGBTIQ Community mehr Unterst\u00fctzung, auch von der Gesellschaft. <a class=\"g1-link g1-link-more\" href=\"https:\/\/alte.mannschaft.lgbt\/bimber\/vollkommen-inakzeptabel-kampf-gegen-queerfeindliche-uebergriffe-in-frankfurt\/\">Weiterlesen<\/a><\/p>\n","protected":false},"author":1950,"featured_media":145811,"comment_status":"closed","ping_status":"closed","sticky":false,"template":"","format":"standard","meta":[],"categories":[3],"tags":[5538,5501,5461],"wps_subtitle":"Die Dunkelziffer ist hoch, weil solche Straftaten oft gar nicht gemeldet werden","_links":{"self":[{"href":"https:\/\/alte.mannschaft.lgbt\/bimber\/wp-json\/wp\/v2\/posts\/145809"}],"collection":[{"href":"https:\/\/alte.mannschaft.lgbt\/bimber\/wp-json\/wp\/v2\/posts"}],"about":[{"href":"https:\/\/alte.mannschaft.lgbt\/bimber\/wp-json\/wp\/v2\/types\/post"}],"author":[{"embeddable":true,"href":"https:\/\/alte.mannschaft.lgbt\/bimber\/wp-json\/wp\/v2\/users\/1950"}],"replies":[{"embeddable":true,"href":"https:\/\/alte.mannschaft.lgbt\/bimber\/wp-json\/wp\/v2\/comments?post=145809"}],"version-history":[{"count":5,"href":"https:\/\/alte.mannschaft.lgbt\/bimber\/wp-json\/wp\/v2\/posts\/145809\/revisions"}],"predecessor-version":[{"id":145816,"href":"https:\/\/alte.mannschaft.lgbt\/bimber\/wp-json\/wp\/v2\/posts\/145809\/revisions\/145816"}],"wp:featuredmedia":[{"embeddable":true,"href":"https:\/\/alte.mannschaft.lgbt\/bimber\/wp-json\/wp\/v2\/media\/145811"}],"wp:attachment":[{"href":"https:\/\/alte.mannschaft.lgbt\/bimber\/wp-json\/wp\/v2\/media?parent=145809"}],"wp:term":[{"taxonomy":"category","embeddable":true,"href":"https:\/\/alte.mannschaft.lgbt\/bimber\/wp-json\/wp\/v2\/categories?post=145809"},{"taxonomy":"post_tag","embeddable":true,"href":"https:\/\/alte.mannschaft.lgbt\/bimber\/wp-json\/wp\/v2\/tags?post=145809"}],"curies":[{"name":"wp","href":"https:\/\/api.w.org\/{rel}","templated":true}]}}