{"id":145756,"date":"2022-08-10T17:22:53","date_gmt":"2022-08-10T15:22:53","guid":{"rendered":"https:\/\/mannschaft.com\/?p=145756"},"modified":"2022-08-10T17:31:19","modified_gmt":"2022-08-10T15:31:19","slug":"affenpocken-impfstoff-in-deutschland-und-europa-teils-knapp","status":"publish","type":"post","link":"https:\/\/alte.mannschaft.lgbt\/bimber\/affenpocken-impfstoff-in-deutschland-und-europa-teils-knapp\/","title":{"rendered":"Affenpocken: Impfstoff in Deutschland und Europa teils knapp"},"content":{"rendered":"<h3>Die Zahlen der Affenpocken-F\u00e4lle in Deutschland und ganz Europa steigen weiter. Der Impfstoff reicht in mehreren L\u00e4ndern jedoch nicht mehr aus.<\/h3>\n<p>In Deutschland wurden erstmals mehr als 3000 F\u00e4lle von Affenpocken gemeldet &#8211; und der Impfstoff wird knapp. Wie das Robert Koch-Institut (RKI) am Mittwoch berichtete, handelt es sich bei den insgesamt 3025 F\u00e4llen \u00fcberwiegend um M\u00e4nner. Betroffen seien aber auch acht Frauen, zwei m\u00e4nnliche Jugendliche und ein vierj\u00e4hriges M\u00e4dchen <a href=\"https:\/\/mannschaft.com\/bundesrat-soll-wegen-affenpocken-besondere-lage-ausrufen\/\" target=\"_blank\" rel=\"noopener\">(MANNSCHAFT berichtete)<\/a>. Zugleich gibt es in einigen L\u00e4ndern Europas und nach Angaben der Deutschen Aidshilfe (DAH) auch in Deutschland zu wenig Impfstoff.<\/p>\n<blockquote><p>Wir h\u00f6ren von immer mehr Praxen und Ambulanzen, dass der Impfstoff bald ausgeht oder sie schon nichts mehr haben.<\/p><\/blockquote>\n<p>\u00abWir h\u00f6ren von immer mehr Praxen und Ambulanzen, dass der Impfstoff bald ausgeht oder sie schon nichts mehr haben \u2013 und wenn das noch nicht so ist, dann wird es bald so sein\u00bb, sagte DAH-Sprecher Holger Wicht am Mittwoch. Der Impfstoff sei bislang viel zu knapp bemessen, das Interesse in der Community der bisexuellen und schwulen M\u00e4nner aber sehr gross. Die Affenpocken werden durch engen K\u00f6rperkontakt \u00fcbertragen, nach RKI-Angaben bisher besonders bei sexuellen Aktivit\u00e4ten zwischen M\u00e4nnern (MSM).<\/p>\n<p>Bislang hat die Bundesregierung dem Gesundheitsministerium zufolge 240 000 Impfstoffdosen bestellt, von denen zun\u00e4chst 40 000 ausgeliefert worden seien. Aus EU-Best\u00e4nden kamen einige weitere dazu. 200 000 sollen bis Ende September folgen. Die Impfdosen werden nach bestimmten Kriterien auf die Bundesl\u00e4nder verteilt und dort vergeben.<\/p>\n<p>\u00abGenerell hat Deutschland schon mehr Impfstoff als andere europ\u00e4ische L\u00e4nder, was aufgrund der Infektionszahlen auch n\u00f6tig ist, im Vergleich stehen wir recht gut da\u00bb, so Wicht. \u00abAber gemessen an dem, was gebraucht wird, haben wir viel zu wenig \u2013 auch wenn die 200 000 Dosen dann kommen.\u00bb Vor etwa zwei Wochen hatte die Aidshilfe schon angemerkt, dass in Deutschland etwa eine Million Impfdosen ben\u00f6tigt w\u00fcrden, um einer halben Million Menschen einen dauerhaften Impfschutz zu bieten.<\/p>\n<hr \/>\n<p><em>Die USA verh\u00e4ngen nationalen Notstand wegen Affenpocken: Dadurch sollen zus\u00e4tzliche Mittel zur Bek\u00e4mpfung des Virus freigegeben werden<\/em><a href=\"https:\/\/mannschaft.com\/usa-verhaengen-nationalen-notstand-wegen-affenpocken\/\" target=\"_blank\" rel=\"noopener\"> (mehr)<\/a><\/p>\n<hr \/>\n<p>Belgien vermeldete ebenfalls zum ersten Mal Affenpocken bei einer Frau, wie die Gesundheitsbeh\u00f6rde Sciensano am Mittwoch mitteilte. Dort wurden den j\u00fcngsten Daten zufolge 546 Affenpocken-F\u00e4lle best\u00e4tigt. In dem Land mit mehr als 11 Millionen Einwohner*innen fuhren Menschen zuletzt \u00fcber die Grenze nach Lille in Frankreich, um eine Impfung zu bekommen, wie die Nachrichtenagentur Belga berichtete.<\/p>\n<p>W\u00e4hrend in Belgien zuletzt nach Angaben des Gesundheitsministeriums nur etwa 3000 Impfdosen zur Verf\u00fcgung standen, hat Frankreich laut Gesundheitsminister Fran\u00e7ois Braun gen\u00fcgend Impfstoff, um die Zielgruppe von 250 000 Menschen zu impfen. Weitere 30 000 Dosen wurden in Belgien bestellt und sollen ab Oktober geliefert werden. Um den bestm\u00f6glichen Schutz zu erhalten, muss man zweimal geimpft werden.<\/p>\n<p>EU-weit stehen \u00fcber die neue EU-Beh\u00f6rde Hera f\u00fcr gesundheitliche Notf\u00e4lle insgesamt 163 620 Impfdosen zur Verf\u00fcgung, die teilweise bereits an die Mitgliedstaaten verteilt wurden. Ein Sprecher der EU-Kommission wies bereits am Dienstag darauf hin, dass die Produktionskapazit\u00e4ten f\u00fcr den Impfstoff Grenzen h\u00e4tten. Man f\u00fchre derzeit Gespr\u00e4che mit den betreffenden Unternehmen um zu kl\u00e4ren, wie die Kapazit\u00e4t erh\u00f6ht werden k\u00f6nne. Der belgische Gesundheitsminister Frank Vandenbroucke sagte, das Thema m\u00fcsse bei dem n\u00e4chsten Treffen mit seinen EU-Kolleg*innen besprochen werden.<\/p>\n<p>Auch in Grossbritannien wird der gegen Affenpocken eingesetzte Impfstoff knapp. Der Sender Sky News berichtete am Mittwoch unter Berufung auf Insider-Quellen, das Land habe nur noch einige Tausend Dosen auf Vorrat. In einigen Regionen sei es bereits nicht mehr m\u00f6glich, Impftermine zu buchen. Die <em>Financial Times<\/em> zitierte ein Regierungsschreiben, wonach neue Lieferungen nicht vor September erwartet werden.<\/p>\n","protected":false},"excerpt":{"rendered":"<p>#Berlin #Br\u00fcssel Die Zahlen der #Affenpocken-F\u00e4lle in #Deutschland und ganz Europa steigen weiter. Der Impfstoff reicht in mehreren L\u00e4ndern jedoch nicht mehr aus. <a class=\"g1-link g1-link-more\" href=\"https:\/\/alte.mannschaft.lgbt\/bimber\/affenpocken-impfstoff-in-deutschland-und-europa-teils-knapp\/\">Weiterlesen<\/a><\/p>\n","protected":false},"author":1950,"featured_media":143088,"comment_status":"closed","ping_status":"closed","sticky":false,"template":"","format":"standard","meta":[],"categories":[25,2],"tags":[754,5467,5468],"wps_subtitle":"Belgien vermeldet erstmals die Infektion bei einer Frau","_links":{"self":[{"href":"https:\/\/alte.mannschaft.lgbt\/bimber\/wp-json\/wp\/v2\/posts\/145756"}],"collection":[{"href":"https:\/\/alte.mannschaft.lgbt\/bimber\/wp-json\/wp\/v2\/posts"}],"about":[{"href":"https:\/\/alte.mannschaft.lgbt\/bimber\/wp-json\/wp\/v2\/types\/post"}],"author":[{"embeddable":true,"href":"https:\/\/alte.mannschaft.lgbt\/bimber\/wp-json\/wp\/v2\/users\/1950"}],"replies":[{"embeddable":true,"href":"https:\/\/alte.mannschaft.lgbt\/bimber\/wp-json\/wp\/v2\/comments?post=145756"}],"version-history":[{"count":3,"href":"https:\/\/alte.mannschaft.lgbt\/bimber\/wp-json\/wp\/v2\/posts\/145756\/revisions"}],"predecessor-version":[{"id":145759,"href":"https:\/\/alte.mannschaft.lgbt\/bimber\/wp-json\/wp\/v2\/posts\/145756\/revisions\/145759"}],"wp:featuredmedia":[{"embeddable":true,"href":"https:\/\/alte.mannschaft.lgbt\/bimber\/wp-json\/wp\/v2\/media\/143088"}],"wp:attachment":[{"href":"https:\/\/alte.mannschaft.lgbt\/bimber\/wp-json\/wp\/v2\/media?parent=145756"}],"wp:term":[{"taxonomy":"category","embeddable":true,"href":"https:\/\/alte.mannschaft.lgbt\/bimber\/wp-json\/wp\/v2\/categories?post=145756"},{"taxonomy":"post_tag","embeddable":true,"href":"https:\/\/alte.mannschaft.lgbt\/bimber\/wp-json\/wp\/v2\/tags?post=145756"}],"curies":[{"name":"wp","href":"https:\/\/api.w.org\/{rel}","templated":true}]}}