{"id":145166,"date":"2022-08-03T15:17:05","date_gmt":"2022-08-03T13:17:05","guid":{"rendered":"https:\/\/mannschaft.com\/?p=145166"},"modified":"2022-08-04T17:47:30","modified_gmt":"2022-08-04T15:47:30","slug":"neue-rolle-fuer-sebastian-vettel-nach-karriereende","status":"publish","type":"post","link":"https:\/\/alte.mannschaft.lgbt\/bimber\/neue-rolle-fuer-sebastian-vettel-nach-karriereende\/","title":{"rendered":"Neue Rolle f\u00fcr Sebastian Vettel nach Karriere-Ende?"},"content":{"rendered":"<h3>Sebastian Vettel soll nach Wunsch von Formel-1-Chef Stefano Domenicali auch nach seinem Abschied weiter eine Rolle in der Rennserie spielen.<\/h3>\n<p>\u00abNat\u00fcrlich wollen wir, dass der Draht auch in Zukunft eng bleibt. Wenn er Interesse hat, Teil unseres Systems zu werden, und die Ans\u00e4tze zueinander passen, w\u00fcrde ich ihn nat\u00fcrlich hier begr\u00fcssen\u00bb, sagte der Gesch\u00e4ftsf\u00fchrer der Motorsport-K\u00f6nigsklasse der <em>Sport Bild<\/em> (Mittwoch). Der viermalige Weltmeister Vettel will die Formel 1 nach dem Ende dieser Saison verlassen (<a href=\"https:\/\/mannschaft.com\/sebastian-vettel-beendet-karriere-meine-ziele-haben-sich-veraendert\/\">MANNSCHAFT berichtete<\/a>).<\/p>\n<p>Der 35-J\u00e4hrige hatte betont, k\u00fcnftig mehr Zeit mit seiner Familie verbringen zu wollen. Der Vater von drei Kinder hatte versichert, nach dem Ende seiner Fahrerkarriere keine andere Aufgabe in der Formel 1 anzustreben. Vor allem eine Rolle als TV-Experte hatte der Hesse ausgeschlossen. Stattdessen will Vettel sein Engagement f\u00fcr den Schutz von Klima und Umwelt und weitere gesellschaftliche Themen verst\u00e4rken.<\/p>\n<p>Vettel ist ein <a href=\"https:\/\/mannschaft.com\/wichtiger-als-der-sport-vettel-kontert-wirbel-um-engagement\/\">lautstarker K\u00e4mpfer f\u00fcr LGBTIQ-Rechte<\/a> und hat sich wiederholt daf\u00fcr ausgesprochen, dass trotz aller Homophobievorw\u00fcrfe bez\u00fcglich Rennsportfans ein schwuler Formel-1-Fahrer willkommen w\u00e4re (<a href=\"https:\/\/mannschaft.com\/sebastian-vettel-schwuler-formel-1-fahrer-waere-willkommen\/\">MANNSCHAFT berichtete<\/a>).<\/p>\n<p>\u00abFr\u00fcher w\u00e4re das vielleicht nicht so gewesen, aber jetzt denke ich, dass ein schwuler Formel-1-Fahrer willkommen w\u00e4re \u2013 und das zu Recht\u00bb, sagte der Aston-Martin-Pilot im Interview des britischen Schwulen-Magazins <a href=\"https:\/\/attitude.co.uk\/article\/sebastian-vettel-formula-one-is-ready-for-an-out-gay-driver-1\/27199\/\" target=\"_blank\" rel=\"noopener\"><em>Attitude.<\/em><\/a> Er glaube, dass ein schwuler Fahrer dazu beitragen w\u00fcrde, \u00abVorurteile zu beseitigen und unseren Sport in eine bessere Richtung zu lenken. Ich denke und hoffe also, dass unser Sport f\u00fcr einen solchen Fahrer bereit w\u00e4re.\u00bb<\/p>\n<blockquote class=\"instagram-media\" style=\"background: #FFF; border: 0; border-radius: 3px; box-shadow: 0 0 1px 0 rgba(0,0,0,0.5),0 1px 10px 0 rgba(0,0,0,0.15); margin: 1px; max-width: 540px; min-width: 326px; padding: 0; width: calc(100% - 2px);\" data-instgrm-captioned=\"\" data-instgrm-permalink=\"https:\/\/www.instagram.com\/p\/CgP1-getrJ5\/?utm_source=ig_embed&amp;utm_campaign=loading\" data-instgrm-version=\"14\">\n<div style=\"padding: 16px;\">\n<p>&nbsp;<\/p>\n<div style=\"display: flex; flex-direction: row; align-items: center;\">\n<div style=\"background-color: #f4f4f4; border-radius: 50%; flex-grow: 0; height: 40px; margin-right: 14px; width: 40px;\"><\/div>\n<div style=\"display: flex; flex-direction: column; flex-grow: 1; justify-content: center;\">\n<div style=\"background-color: #f4f4f4; border-radius: 4px; flex-grow: 0; height: 14px; margin-bottom: 6px; width: 100px;\"><\/div>\n<div style=\"background-color: #f4f4f4; border-radius: 4px; flex-grow: 0; height: 14px; width: 60px;\"><\/div>\n<\/div>\n<\/div>\n<div style=\"padding: 19% 0;\"><\/div>\n<div style=\"display: block; height: 50px; margin: 0 auto 12px; width: 50px;\"><\/div>\n<div style=\"padding-top: 8px;\">\n<div style=\"color: #3897f0; font-family: Arial,sans-serif; font-size: 14px; font-style: normal; font-weight: 550; line-height: 18px;\">Sieh dir diesen Beitrag auf Instagram an<\/div>\n<\/div>\n<div style=\"padding: 12.5% 0;\"><\/div>\n<div style=\"display: flex; flex-direction: row; margin-bottom: 14px; align-items: center;\">\n<div>\n<div style=\"background-color: #f4f4f4; border-radius: 50%; height: 12.5px; width: 12.5px; transform: translateX(0px) translateY(7px);\"><\/div>\n<div style=\"background-color: #f4f4f4; height: 12.5px; transform: rotate(-45deg) translateX(3px) translateY(1px); width: 12.5px; flex-grow: 0; margin-right: 14px; margin-left: 2px;\"><\/div>\n<div style=\"background-color: #f4f4f4; border-radius: 50%; height: 12.5px; width: 12.5px; transform: translateX(9px) translateY(-18px);\"><\/div>\n<\/div>\n<div style=\"margin-left: 8px;\">\n<div style=\"background-color: #f4f4f4; border-radius: 50%; flex-grow: 0; height: 20px; width: 20px;\"><\/div>\n<div style=\"width: 0; height: 0; border-top: 2px solid transparent; border-left: 6px solid #f4f4f4; border-bottom: 2px solid transparent; transform: translateX(16px) translateY(-4px) rotate(30deg);\"><\/div>\n<\/div>\n<div style=\"margin-left: auto;\">\n<div style=\"width: 0px; border-top: 8px solid #F4F4F4; border-right: 8px solid transparent; transform: translateY(16px);\"><\/div>\n<div style=\"background-color: #f4f4f4; flex-grow: 0; height: 12px; width: 16px; transform: translateY(-4px);\"><\/div>\n<div style=\"width: 0; height: 0; border-top: 8px solid #F4F4F4; border-left: 8px solid transparent; transform: translateY(-4px) translateX(8px);\"><\/div>\n<\/div>\n<\/div>\n<div style=\"display: flex; flex-direction: column; flex-grow: 1; justify-content: center; margin-bottom: 24px;\">\n<div style=\"background-color: #f4f4f4; border-radius: 4px; flex-grow: 0; height: 14px; margin-bottom: 6px; width: 224px;\"><\/div>\n<div style=\"background-color: #f4f4f4; border-radius: 4px; flex-grow: 0; height: 14px; width: 144px;\"><\/div>\n<\/div>\n<p>&nbsp;<\/p>\n<p style=\"color: #c9c8cd; font-family: Arial,sans-serif; font-size: 14px; line-height: 17px; margin-bottom: 0; margin-top: 8px; overflow: hidden; padding: 8px 0 7px; text-align: center; text-overflow: ellipsis; white-space: nowrap;\"><a style=\"color: #c9c8cd; font-family: Arial,sans-serif; font-size: 14px; font-style: normal; font-weight: normal; line-height: 17px; text-decoration: none;\" href=\"https:\/\/www.instagram.com\/p\/CgP1-getrJ5\/?utm_source=ig_embed&amp;utm_campaign=loading\" target=\"_blank\" rel=\"noopener\">Ein Beitrag geteilt von Mannschaft Magazin (@mannschaftmagazin)<\/a><\/p>\n<\/div>\n<\/blockquote>\n<p><script async src=\"\/\/www.instagram.com\/embed.js\"><\/script><\/p>\n<p>Er pl\u00e4dierte f\u00fcr null Toleranz gegen\u00fcber Diskriminierung und Ausgrenzung (<a href=\"https:\/\/mannschaft.com\/internationale-pressestimmen-zur-ruecktritts-ankuendigung-von-vettel\/\">MANNSCHAFT berichtete<\/a>). Vettel forderte, dass Personen, die andere sexistisch, rassistisch oder homophob beleidigten, auf Lebenszeit von Rennveranstaltungen ausgeschlossen werden sollten.<\/p>\n<p>Nach der Ank\u00fcndigung seines R\u00fccktritts in der Vorwoche suchte Formel-1-Chef Domenicali das Gespr\u00e4ch mit Vettel. \u00abSebastian wird immer mit der Formel 1 verbunden sein\u00bb, bekr\u00e4ftigte der Italiener.<\/p>\n","protected":false},"excerpt":{"rendered":"<p>Laut f\u00fcr #LGBTIQ-Rechte \u2013 #SebastianVettel soll nach Wunsch von Renn-Chef Stefano Domenicali auch nach seinem Abschied weiter eine Rolle in der #Formel1 spielen #queer #loveislove <a class=\"g1-link g1-link-more\" href=\"https:\/\/alte.mannschaft.lgbt\/bimber\/neue-rolle-fuer-sebastian-vettel-nach-karriereende\/\">Weiterlesen<\/a><\/p>\n","protected":false},"author":1950,"featured_media":140430,"comment_status":"closed","ping_status":"closed","sticky":false,"template":"","format":"standard","meta":[],"categories":[2,4447],"tags":[5531,5543],"wps_subtitle":"Formel-1-Chef Stefano Domenicali hat das ins Gespr\u00e4ch gebracht","_links":{"self":[{"href":"https:\/\/alte.mannschaft.lgbt\/bimber\/wp-json\/wp\/v2\/posts\/145166"}],"collection":[{"href":"https:\/\/alte.mannschaft.lgbt\/bimber\/wp-json\/wp\/v2\/posts"}],"about":[{"href":"https:\/\/alte.mannschaft.lgbt\/bimber\/wp-json\/wp\/v2\/types\/post"}],"author":[{"embeddable":true,"href":"https:\/\/alte.mannschaft.lgbt\/bimber\/wp-json\/wp\/v2\/users\/1950"}],"replies":[{"embeddable":true,"href":"https:\/\/alte.mannschaft.lgbt\/bimber\/wp-json\/wp\/v2\/comments?post=145166"}],"version-history":[{"count":8,"href":"https:\/\/alte.mannschaft.lgbt\/bimber\/wp-json\/wp\/v2\/posts\/145166\/revisions"}],"predecessor-version":[{"id":145253,"href":"https:\/\/alte.mannschaft.lgbt\/bimber\/wp-json\/wp\/v2\/posts\/145166\/revisions\/145253"}],"wp:featuredmedia":[{"embeddable":true,"href":"https:\/\/alte.mannschaft.lgbt\/bimber\/wp-json\/wp\/v2\/media\/140430"}],"wp:attachment":[{"href":"https:\/\/alte.mannschaft.lgbt\/bimber\/wp-json\/wp\/v2\/media?parent=145166"}],"wp:term":[{"taxonomy":"category","embeddable":true,"href":"https:\/\/alte.mannschaft.lgbt\/bimber\/wp-json\/wp\/v2\/categories?post=145166"},{"taxonomy":"post_tag","embeddable":true,"href":"https:\/\/alte.mannschaft.lgbt\/bimber\/wp-json\/wp\/v2\/tags?post=145166"}],"curies":[{"name":"wp","href":"https:\/\/api.w.org\/{rel}","templated":true}]}}