{"id":145138,"date":"2022-08-03T10:57:49","date_gmt":"2022-08-03T08:57:49","guid":{"rendered":"https:\/\/mannschaft.com\/?p=145138"},"modified":"2022-08-04T13:46:42","modified_gmt":"2022-08-04T11:46:42","slug":"mainz-wirft-sich-in-regenbogenfarben-und-streitet-fuer-mehr-akzeptanz","status":"publish","type":"post","link":"https:\/\/alte.mannschaft.lgbt\/bimber\/mainz-wirft-sich-in-regenbogenfarben-und-streitet-fuer-mehr-akzeptanz\/","title":{"rendered":"F\u00fcr mehr Akzeptanz: Mainz wirft sich in Regenbogenfarben"},"content":{"rendered":"<h3>Die queere Szene in Mainz feiert mit Drag Queens wie Igitte von Bingen und streitet f\u00fcr Selbstbestimmung und Akzeptanz. Die Veranstalter des Christopher Street Day in Mainz sehen Anzeichen f\u00fcr einen \u00abRollback\u00bb der j\u00fcngsten Entwicklung.<\/h3>\n<p>Die Mainzer Fastnacht hat vier Farben, die Regenbogenfahne hat sechs. \u00abJetzt Farbe bekennen\u00bb lautet das diesj\u00e4hrige Motto zum Christopher Street Day (CSD) in Mainz. Dazu geh\u00f6ren auch f\u00fcnf weitere Farben der Regenbogenfahne in ihrer \u00abprogressiven\u00bb Variante \u2013 diese beziehen Trans-Menschen, \u00abPeople of Color\u00bb (PoC) und Betroffene der Immunschw\u00e4chekrankheit Aids mit ein.<\/p>\n<p>Die Aktionswoche in Mainz erlebt an diesem Samstag mit einer Demonstration durch die Stadt ihren H\u00f6hepunkt. Trier hat seinen CSD schon am 16. Juli erlebt. In Koblenz ist es am 20. August soweit, in Bad Kreuznach wird ein kleinerer CSD f\u00fcr den 17. September geplant.<\/p>\n<p>Mit den Kundgebungen zum Christopher Street Day in Rheinland-Pfalz werde seit Jahren \u00abder Abbau der letzten Diskriminierungen im Bundesrecht und die volle gesellschaftliche Akzeptanz f\u00fcr LGBTIQ*\u00bb gefordert, sagt der Landesbeauftragte f\u00fcr gleichgeschlechtliche Lebensweisen und Geschlechtsidentit\u00e4t, David Profit (Gr\u00fcne). Profit, der auch Staatssekret\u00e4r im Familienministerium ist, zeigt sich zuversichtlich: \u00abDa geht es voran\u00bb. Die Bundesregierung werde mit dem <a href=\"https:\/\/mannschaft.com\/umfrage-vereinfachte-aenderung-des-geschlechtseintrags-umstritten\/\">Selbstbestimmungsgesetz<\/a> und dem Abstammungsrecht (<a href=\"https:\/\/mannschaft.com\/bundesrat-lehnt-reform-des-abstammungsrechts-ab\/\">MANNSCHAFT berichtete<\/a>) gesetzliche Diskriminierungen beenden.<\/p>\n<p>\u00abWir d\u00fcrfen nicht nachlassen, f\u00fcr unsere Anliegen einzustehen\u00bb, mahnt allerdings Philipp Gresch vom Verein <a href=\"https:\/\/schwuguntia.de\/\">Schwuguntia<\/a>, der den CSD veranstaltet. \u00abDer Rollback ist da &#8211; sehr viele Menschen in der Community sagen, dass Alltagsdiskriminierung und Gewalt wieder zunehmen.\u00bb In Mainz habe es P\u00f6beleien in einem Nachtbus gegeben (<a href=\"https:\/\/mannschaft.com\/mainz-17-jaehriger-im-bus-homophob-beleidigt-fahrer-ueberfordert\/\">MANNSCHAFT berichtete<\/a>), in Frankfurt k\u00f6rperliche Angriffe auf homosexuelle und queere Menschen.<\/p>\n<p>Joachim Schulte vom Netzwerk <a href=\"https:\/\/www.queernet-rlp.de\/\">QueerNet Rheinland-Pfalz<\/a> sieht in der \u00f6ffentlichen Meinung zurzeit zwei unterschiedliche Tendenzen. Auf der einen Seite \u00aberhebt die Emanzipationsbewegung klarer ihr Wort und geht aus der Bittstellerrolle heraus &#8211; da erleben wir wie in Trier einen Zuwachs\u00bb. Auf der anderen Seite gebe es immer noch viele, die sagten: \u00abIch habe ja nichts gegen Schwule, aber &#8230;\u00bb<\/p>\n<p>Dem Mainzer CDU-Vorsitzenden<a href=\"https:\/\/mannschaft.com\/regenbogenflaggen-streit-zwischen-deutschen-bundesministerien\/\"> Thomas Gerster<\/a> wirft Schulte vor, mit seiner k\u00fcrzlich auf Twitter verbreiteten Aussage zur Regenbogenfahne diese ausgrenzende Stimmung zu bedienen. \u00abDiese Haltung darf sich nicht noch weiter in die sogenannte Mitte der Gesellschaft fressen\u00bb, sagt Schulte. Nach dem CSD in Berlin hatte Gerster das Hissen der Regenbogenfahne am Bundestag kritisiert und in Anspielung auf die NS-Zeit auf Twitter geschrieben: \u00abMan hat schon einmal schwarz-rot-gold durch andere Farben ersetzt.\u00bb Sp\u00e4ter entschuldigte er sich und l\u00f6schte den Tweet.<\/p>\n<p>Der CSD in Mainz verbindet den politischen Aktionstag mit dem Sommerfest der \u00abSommerschw\u00fcle\u00bb. Am Vorabend der Demonstration moderiert Gresch eine B\u00fchnenshow mit elf Drag Queens aus Mainz und Umgebung. Gracia Gracioso, Igitte von Bingen und andere wollen nach den Worten Greschs \u00abmit dem \u00dcberzeichnen von Geschlechterstereotypen deutlich machen, das es letztlich ein gesellschaftliches Konstrukt ist, was als m\u00e4nnlich und was als weiblich betrachtet wird\u00bb. <a href=\"https:\/\/mannschaft.com\/kuenstler-verwandelt-hitler-in-eine-drag-queen\/\">Damit sei die Drag-Kultur auch politisch<\/a>.<\/p>\n<p>Die Demonstration am Samstag wird nicht als Show mit bunten Wagen, sondern als politische Willensbekundung organisiert. Im Mittelpunkt soll die Forderung nach gleichen Rechten, Akzeptanz und Selbstbestimmung stehen, ehe die Aktionswoche mit einer bunten Party ausklingt.<\/p>\n","protected":false},"excerpt":{"rendered":"<p>Die #queer Szene in #Mainz feiert den #CSD mit #Drag Queens wie #IgittevonBingen und streitet f\u00fcr Selbstbestimmung und #Akzeptanz #LGBTIQ #loveislove <a class=\"g1-link g1-link-more\" href=\"https:\/\/alte.mannschaft.lgbt\/bimber\/mainz-wirft-sich-in-regenbogenfarben-und-streitet-fuer-mehr-akzeptanz\/\">Weiterlesen<\/a><\/p>\n","protected":false},"author":1950,"featured_media":145146,"comment_status":"closed","ping_status":"closed","sticky":false,"template":"","format":"standard","meta":[],"categories":[3,10],"tags":[5447],"wps_subtitle":"CSD unter dem Motto \u00abJetzt Farbe bekennen\u00bb","_links":{"self":[{"href":"https:\/\/alte.mannschaft.lgbt\/bimber\/wp-json\/wp\/v2\/posts\/145138"}],"collection":[{"href":"https:\/\/alte.mannschaft.lgbt\/bimber\/wp-json\/wp\/v2\/posts"}],"about":[{"href":"https:\/\/alte.mannschaft.lgbt\/bimber\/wp-json\/wp\/v2\/types\/post"}],"author":[{"embeddable":true,"href":"https:\/\/alte.mannschaft.lgbt\/bimber\/wp-json\/wp\/v2\/users\/1950"}],"replies":[{"embeddable":true,"href":"https:\/\/alte.mannschaft.lgbt\/bimber\/wp-json\/wp\/v2\/comments?post=145138"}],"version-history":[{"count":7,"href":"https:\/\/alte.mannschaft.lgbt\/bimber\/wp-json\/wp\/v2\/posts\/145138\/revisions"}],"predecessor-version":[{"id":145192,"href":"https:\/\/alte.mannschaft.lgbt\/bimber\/wp-json\/wp\/v2\/posts\/145138\/revisions\/145192"}],"wp:featuredmedia":[{"embeddable":true,"href":"https:\/\/alte.mannschaft.lgbt\/bimber\/wp-json\/wp\/v2\/media\/145146"}],"wp:attachment":[{"href":"https:\/\/alte.mannschaft.lgbt\/bimber\/wp-json\/wp\/v2\/media?parent=145138"}],"wp:term":[{"taxonomy":"category","embeddable":true,"href":"https:\/\/alte.mannschaft.lgbt\/bimber\/wp-json\/wp\/v2\/categories?post=145138"},{"taxonomy":"post_tag","embeddable":true,"href":"https:\/\/alte.mannschaft.lgbt\/bimber\/wp-json\/wp\/v2\/tags?post=145138"}],"curies":[{"name":"wp","href":"https:\/\/api.w.org\/{rel}","templated":true}]}}