{"id":144110,"date":"2022-07-22T17:28:23","date_gmt":"2022-07-22T15:28:23","guid":{"rendered":"https:\/\/mannschaft.com\/?p=144110"},"modified":"2022-07-23T10:09:10","modified_gmt":"2022-07-23T08:09:10","slug":"hunderttausende-zum-christopher-street-day-in-berlin-erwartet","status":"publish","type":"post","link":"https:\/\/alte.mannschaft.lgbt\/bimber\/hunderttausende-zum-christopher-street-day-in-berlin-erwartet\/","title":{"rendered":"Hunderttausende zum Christopher Street Day in Berlin erwartet"},"content":{"rendered":"<h3>Nach zwei Jahren coronabedingter Einschr\u00e4nkungen steigt an diesem Samstag (12.00 Uhr) in Berlin wieder eine grosse Partyparade zum Christopher Street Day.<\/h3>\n<p>\u00dcber den Tag verteilt rechnen die Veranstalter*innen mit bis zu 500 000 Teilnehmenden. Die wollen einerseits gegen Gewalt an sowie gegen Benachteiligung von Lesben, Schwulen oder Transmenschen auf die Strasse gehen. Andererseits wollen sie eine sommerliche Mega-Party feiern und einfach Spass haben. Das kommt auch im Motto der Demonstration zum Ausdruck: Es lautet \u00abVereint in Liebe. Gegen Hass, Krieg und Diskriminierung\u00bb.<\/p>\n<p>Der Demonstrationszug f\u00fchrt auf einer 7,4 Kilometer langen Strecke durch mehrere Berliner Stadtteile. Mit dabei sind laut Veranstalter*innen 96 Fahrzeuge und mindestens 80 Fussgruppen aus aller Welt &#8211; so viele wie noch nie beim CSD in Berlin, der nun seine 44. Auflage erlebt. Darunter sind auch Menschen aus der Ukraine, die sich seit f\u00fcnf Monaten eines russischen Angriffskrieges erwehren muss <a href=\"https:\/\/mannschaft.com\/gezielte-toetungen-und-entfuehrungen-von-lgbtiq-bei-einmarsch-in-ukraine\/\" target=\"_blank\" rel=\"noopener\">(MANNSCHAFT berichtete)<\/a>. Diesen wurde ein Truck gestellt, ihre Reisekosten wurden \u00fcbernommen.<\/p>\n<blockquote class=\"twitter-tweet\">\n<p dir=\"ltr\" lang=\"de\">Dyke March Berlin <a href=\"https:\/\/t.co\/HSJnT8olcs\">pic.twitter.com\/HSJnT8olcs<\/a><\/p>\n<p>\u2014 RadFem_Berlin (@BerlinRadfem) <a href=\"https:\/\/twitter.com\/BerlinRadfem\/status\/1550534025152200704?ref_src=twsrc%5Etfw\">July 22, 2022<\/a><\/p><\/blockquote>\n<p><script async src=\"https:\/\/platform.twitter.com\/widgets.js\" charset=\"utf-8\"><\/script><\/p>\n<p>Bereits am Freitag fand der Dyke March mit ein paar Tausend Teilnehmenden statt.<\/p>\n<figure id=\"attachment_144121\" aria-describedby=\"caption-attachment-144121\" style=\"width: 857px\" class=\"wp-caption alignnone\"><a href=\"https:\/\/mannschaft.com\/bimber\/wp-content\/uploads\/2022\/07\/Pride_Woche_in_Berlin-74604334.jpg\"><img data-expand=\"600\" decoding=\"async\" loading=\"lazy\" class=\"lazyload wp-image-144121 size-full\" src=\"data:image\/svg+xml;charset=utf-8,%3Csvg xmlns%3D'http%3A%2F%2Fwww.w3.org%2F2000%2Fsvg' viewBox%3D'0 0 857 516'%2F%3E\" data-src=\"https:\/\/mannschaft.com\/bimber\/wp-content\/uploads\/2022\/07\/Pride_Woche_in_Berlin-74604334-e1658555275981.jpg\" alt=\"Berlin\" width=\"857\" height=\"516\" data-srcset=\"https:\/\/alte.mannschaft.lgbt\/bimber\/wp-content\/uploads\/2022\/07\/Pride_Woche_in_Berlin-74604334-e1658555275981.jpg 857w, https:\/\/alte.mannschaft.lgbt\/bimber\/wp-content\/uploads\/2022\/07\/Pride_Woche_in_Berlin-74604334-e1658555275981-300x181.jpg 300w, https:\/\/alte.mannschaft.lgbt\/bimber\/wp-content\/uploads\/2022\/07\/Pride_Woche_in_Berlin-74604334-e1658555275981-425x256.jpg 425w, https:\/\/alte.mannschaft.lgbt\/bimber\/wp-content\/uploads\/2022\/07\/Pride_Woche_in_Berlin-74604334-e1658555275981-768x462.jpg 768w, https:\/\/alte.mannschaft.lgbt\/bimber\/wp-content\/uploads\/2022\/07\/Pride_Woche_in_Berlin-74604334-e1658555275981-561x338.jpg 561w, https:\/\/alte.mannschaft.lgbt\/bimber\/wp-content\/uploads\/2022\/07\/Pride_Woche_in_Berlin-74604334-e1658555275981-265x160.jpg 265w, https:\/\/alte.mannschaft.lgbt\/bimber\/wp-content\/uploads\/2022\/07\/Pride_Woche_in_Berlin-74604334-e1658555275981-531x320.jpg 531w, https:\/\/alte.mannschaft.lgbt\/bimber\/wp-content\/uploads\/2022\/07\/Pride_Woche_in_Berlin-74604334-e1658555275981-364x219.jpg 364w, https:\/\/alte.mannschaft.lgbt\/bimber\/wp-content\/uploads\/2022\/07\/Pride_Woche_in_Berlin-74604334-e1658555275981-728x438.jpg 728w, https:\/\/alte.mannschaft.lgbt\/bimber\/wp-content\/uploads\/2022\/07\/Pride_Woche_in_Berlin-74604334-e1658555275981-608x366.jpg 608w, https:\/\/alte.mannschaft.lgbt\/bimber\/wp-content\/uploads\/2022\/07\/Pride_Woche_in_Berlin-74604334-e1658555275981-758x456.jpg 758w, https:\/\/alte.mannschaft.lgbt\/bimber\/wp-content\/uploads\/2022\/07\/Pride_Woche_in_Berlin-74604334-e1658555275981-80x48.jpg 80w, https:\/\/alte.mannschaft.lgbt\/bimber\/wp-content\/uploads\/2022\/07\/Pride_Woche_in_Berlin-74604334-e1658555275981-159x96.jpg 159w, https:\/\/alte.mannschaft.lgbt\/bimber\/wp-content\/uploads\/2022\/07\/Pride_Woche_in_Berlin-74604334-e1658555275981-400x241.jpg 400w\" data-sizes=\"(max-width: 857px) 100vw, 857px\" \/><\/a><figcaption id=\"caption-attachment-144121\" class=\"wp-caption-text\">Dyke March in Berlin (Christoph Soeder\/dpa)<\/figcaption><\/figure>\n<p>Novum in Berlin: Anl\u00e4sslich der 44. CSD-Auflage werden erstmals drei Regenbogenfahnen am und auf dem Reichstagsgeb\u00e4ude wehen, dem Sitz des Bundestags (<a href=\"https:\/\/mannschaft.com\/bekenntnis-zu-diversitaet-regenbogenflagge-am-reichstagsgebaeude\/\" target=\"_blank\" rel=\"noopener\">MANNSCHAFT berichtete)<\/a>. Und n\u00e4chstes Jahr soll das Holocaust-Gedenken im Parlament erstmal den homosexuellen NS-Opfern gelten <a href=\"https:\/\/mannschaft.com\/deutscher-bundestag-gedenkt-der-homosexuellen-ns-opfer\/\" target=\"_blank\" rel=\"noopener\">(MANNSCHAFT berichtete)<\/a>.<\/p>\n<p>Sorgen gibt es diesmal weniger wegen des Coronavirus als wegen der Affenpocken. Berlin gilt bundesweit als besonders stark betroffen. Die Teilnahme am CSD sei aber nicht generell mit einem erh\u00f6hten Infektionsrisiko verbunden, sagte der Sprecher des LSVD Berlin-Brandenburg, Christopher Schreiber, am Freitag. Zuvor hatten mehrere Berliner Medien \u00fcber das Thema berichtet.<\/p>\n<figure id=\"attachment_144112\" aria-describedby=\"caption-attachment-144112\" style=\"width: 890px\" class=\"wp-caption alignnone\"><a href=\"https:\/\/mannschaft.com\/bimber\/wp-content\/uploads\/2022\/07\/Pride_Woche_in_Berlin_74604527-e1658555143897.jpg\"><img data-expand=\"600\" decoding=\"async\" loading=\"lazy\" class=\"lazyload wp-image-144112 size-full\" src=\"data:image\/svg+xml;charset=utf-8,%3Csvg xmlns%3D'http%3A%2F%2Fwww.w3.org%2F2000%2Fsvg' viewBox%3D'0 0 890 593'%2F%3E\" data-src=\"https:\/\/mannschaft.com\/bimber\/wp-content\/uploads\/2022\/07\/Pride_Woche_in_Berlin_74604527-e1658555143897.jpg\" alt=\"\" width=\"890\" height=\"593\" \/><\/a><figcaption id=\"caption-attachment-144112\" class=\"wp-caption-text\">Ronja beim Dyke March Berlin (Foto: Christoph Soeder\/dpa)<\/figcaption><\/figure>\n<p>\u00abMan muss zwei Sachen trennen: Das eine ist die Demonstration an sich, da ist das \u00dcbertragungsrisiko relativ gering nach bisherigem Kenntnisstand\u00bb, sagte Schreiber. \u00abAber es gibt nat\u00fcrlich auch die ganzen Veranstaltungen drumherum, auch Partys, bei denen in Darkrooms viel Sex passiert.\u00bb In dem Zusammenhang gebe es schon die Sorge, dass es dabei zu Ansteckungen kommen k\u00f6nne<a href=\"https:\/\/mannschaft.com\/who-europa-dringt-auf-gemeinsame-anstrengungen-gegen-affenpocken\/\" target=\"_blank\" rel=\"noopener\"> (MANNSCHAFT berichtete)<\/a>.<\/p>\n<p>Impfungen gegen Affenpocken, die bislang nur bestimmten Gruppen empfohlen werden, sind in Berlin Mitte vergangener Woche angelaufen. \u00abDen Impfstoff gibt es aber noch nicht fl\u00e4chendeckend in Berlin\u00bb, sagte Schreiber. Die rund 8000 verf\u00fcgbaren Impfdosen reichten schlicht nicht aus f\u00fcr die Nachfrage in der Hauptstadt. \u00abIch weiss das von vielen \u00c4rzten, von vielen HIV-Schwerpunktpraxen und infektiologischen Praxen\u00bb, sagte der LSVD-Sprecher. \u00abDeswegen fahren Menschen in andere Bundesl\u00e4nder, um sich dort impfen zu lassen.\u00bb<\/p>\n<p>Andr\u00e9 Lehmann aus dem LSVD-Bundesvorstand kritisiert, Berlin habe den Start der Impfkampagne offenbar verschlafen. \u00abImpfungen d\u00fcrfen nicht l\u00e4nger verschleppt werden, und den Arztpraxen muss unverz\u00fcglich gen\u00fcgend Impfstoff zur Verf\u00fcgung gestellt werden.\u00bb<\/p>\n","protected":false},"excerpt":{"rendered":"<p>#Berlin Nach zwei Jahren coronabedingter Einschr\u00e4nkungen findet heute wieder eine grosse Parade zum Christopher Street Day statt. Sorgen macht die Ausbreitung der #Affenpocken. <a class=\"g1-link g1-link-more\" href=\"https:\/\/alte.mannschaft.lgbt\/bimber\/hunderttausende-zum-christopher-street-day-in-berlin-erwartet\/\">Weiterlesen<\/a><\/p>\n","protected":false},"author":1950,"featured_media":144111,"comment_status":"closed","ping_status":"closed","sticky":false,"template":"","format":"standard","meta":[],"categories":[3],"tags":[128,5468,5478],"wps_subtitle":"Sorgen gibt es diesmal weniger wegen des Coronavirus als wegen der Affenpocken","_links":{"self":[{"href":"https:\/\/alte.mannschaft.lgbt\/bimber\/wp-json\/wp\/v2\/posts\/144110"}],"collection":[{"href":"https:\/\/alte.mannschaft.lgbt\/bimber\/wp-json\/wp\/v2\/posts"}],"about":[{"href":"https:\/\/alte.mannschaft.lgbt\/bimber\/wp-json\/wp\/v2\/types\/post"}],"author":[{"embeddable":true,"href":"https:\/\/alte.mannschaft.lgbt\/bimber\/wp-json\/wp\/v2\/users\/1950"}],"replies":[{"embeddable":true,"href":"https:\/\/alte.mannschaft.lgbt\/bimber\/wp-json\/wp\/v2\/comments?post=144110"}],"version-history":[{"count":11,"href":"https:\/\/alte.mannschaft.lgbt\/bimber\/wp-json\/wp\/v2\/posts\/144110\/revisions"}],"predecessor-version":[{"id":144156,"href":"https:\/\/alte.mannschaft.lgbt\/bimber\/wp-json\/wp\/v2\/posts\/144110\/revisions\/144156"}],"wp:featuredmedia":[{"embeddable":true,"href":"https:\/\/alte.mannschaft.lgbt\/bimber\/wp-json\/wp\/v2\/media\/144111"}],"wp:attachment":[{"href":"https:\/\/alte.mannschaft.lgbt\/bimber\/wp-json\/wp\/v2\/media?parent=144110"}],"wp:term":[{"taxonomy":"category","embeddable":true,"href":"https:\/\/alte.mannschaft.lgbt\/bimber\/wp-json\/wp\/v2\/categories?post=144110"},{"taxonomy":"post_tag","embeddable":true,"href":"https:\/\/alte.mannschaft.lgbt\/bimber\/wp-json\/wp\/v2\/tags?post=144110"}],"curies":[{"name":"wp","href":"https:\/\/api.w.org\/{rel}","templated":true}]}}