{"id":143795,"date":"2022-07-18T16:55:54","date_gmt":"2022-07-18T14:55:54","guid":{"rendered":"https:\/\/mannschaft.com\/?p=143795"},"modified":"2022-07-18T17:11:18","modified_gmt":"2022-07-18T15:11:18","slug":"eu-kauft-weiteren-impfstoff-gegen-affenpocken","status":"publish","type":"post","link":"https:\/\/alte.mannschaft.lgbt\/bimber\/eu-kauft-weiteren-impfstoff-gegen-affenpocken\/","title":{"rendered":"EU kauft weiteren Impfstoff gegen Affenpocken"},"content":{"rendered":"<h3>Im Kampf gegen die Affenpocken schafft die EU weiteren Impfstoff an.<\/h3>\n<p>Die zust\u00e4ndige Beh\u00f6rde habe sich 54 530 Dosen der dritten Generation bei dem Unternehmen Bavarian Nordic gesichert, teilte die EU-Kommission am Montag mit. Insgesamt st\u00fcnden den 27 EU-Staaten sowie Norwegen und Island somit 163 620 \u00fcber die EU angeschaffte Dosen zur Verf\u00fcgung.<\/p>\n<figure id=\"attachment_143799\" aria-describedby=\"caption-attachment-143799\" style=\"width: 425px\" class=\"wp-caption alignnone\"><a href=\"https:\/\/mannschaft.com\/bimber\/wp-content\/uploads\/2022\/07\/affenpocken.jpg\"><img data-expand=\"600\" decoding=\"async\" loading=\"lazy\" class=\"lazyload wp-image-143799 size-large\" src=\"data:image\/svg+xml;charset=utf-8,%3Csvg xmlns%3D'http%3A%2F%2Fwww.w3.org%2F2000%2Fsvg' viewBox%3D'0 0 425 298'%2F%3E\" data-src=\"https:\/\/mannschaft.com\/bimber\/wp-content\/uploads\/2022\/07\/affenpocken-425x298.jpg\" alt=\"Affenpocken\" width=\"425\" height=\"298\" \/><\/a><figcaption id=\"caption-attachment-143799\" class=\"wp-caption-text\">Aufkl\u00e4rung auf dem Lesbisch-Schwulen Strassenfest in Berlin (Foto: Kriss Rudolph)<\/figcaption><\/figure>\n<p>\u00abIch bin besorgt \u00fcber die steigende Zahl von Affenpockenf\u00e4llen in der EU\u00bb, sagte EU-Gesundheitskommissarin Stella Kyriakides. Sie sprach von mehr als 7000 F\u00e4llen und einem Zuwachs um fast 50 Prozent im Vergleich zur Vorwoche. In Deutschland hat das Robert Koch-Institut (RKI) mit Stand vom Montag 1924 Affenpockenf\u00e4lle registriert.<\/p>\n<blockquote class=\"twitter-tweet\">\n<p dir=\"ltr\" lang=\"de\">Meldepflicht f\u00fcr Erkrankung an Affenpocken in Verordnung verankert. Lesen Sie mehr dazu im neuen BAG-Bulletin: <a href=\"https:\/\/t.co\/cItiWBAa4j\">https:\/\/t.co\/cItiWBAa4j<\/a><\/p>\n<p>\u2014 BAG \u2013 OFSP \u2013 UFSP (@BAG_OFSP_UFSP) <a href=\"https:\/\/twitter.com\/BAG_OFSP_UFSP\/status\/1548958603993927680?ref_src=twsrc%5Etfw\">July 18, 2022<\/a><\/p><\/blockquote>\n<p><script async src=\"https:\/\/platform.twitter.com\/widgets.js\" charset=\"utf-8\"><\/script><\/p>\n<p><strong>Meldepflicht in der Schweiz<\/strong><br \/>\nIn der Schweiz wurden 189 F\u00e4lle gez\u00e4hlt \u2013 hier werden Affenpocken-Ansteckungen ab Mittwoch meldepflichtig. In Deutschland und in \u00d6sterreich ist das bereits der Fall.<\/p>\n<p>In \u00d6sterreich wurden bislang 83 F\u00e4lle von Affenpocken gemeldet (Stand 15.07.2022). Dort sind \u2013 ebenso wie in Deutschland \u2013 laut Gesundheitsministerium insbesondere M\u00e4nner mit gleichgeschlechtlichen Partnern betroffen.<\/p>\n<p>Im Juni hatte die EU bereits rund 110.000 Dosen des Impfstoffs gekauft. Davon sind bereits rund 25.000 an Deutschland und f\u00fcnf weiteren Staaten gegangen.<\/p>\n<p>Eine Impfung gegen Affenpocken empfiehlt die St\u00e4ndige Impfkommission (Stiko) in Deutschland f\u00fcr bestimmte Risikogruppen und Menschen, die engen Kontakt zu Infizierten hatten.<\/p>\n<p>Ein M\u00fcnchner Gericht entschied k\u00fcrzlich: Eine Quarant\u00e4ne wegen Affenpocken ist rechtm\u00e4ssig <a href=\"https:\/\/mannschaft.com\/muenchner-gericht-affenpocken-quarantaene-rechtmaessig\/\" target=\"_blank\" rel=\"noopener\">(MANNSCHAFT berichtete)<\/a>.<\/p>\n","protected":false},"excerpt":{"rendered":"<p>Im Kampf gegen #Affenpocken schafft die EU weiteren Impfstoff an. \u00abIch bin besorgt \u00fcber die steigende Zahl von Affenpockenf\u00e4llen in der EU\u00bb, sagt Gesundheitskommissarin Stella Kyriakides. <a class=\"g1-link g1-link-more\" href=\"https:\/\/alte.mannschaft.lgbt\/bimber\/eu-kauft-weiteren-impfstoff-gegen-affenpocken\/\">Weiterlesen<\/a><\/p>\n","protected":false},"author":1950,"featured_media":87905,"comment_status":"closed","ping_status":"closed","sticky":false,"template":"","format":"standard","meta":[],"categories":[25],"tags":[5467,5468,5484],"wps_subtitle":"Die Gesundheitskommissarin zeigt sich besorgt","_links":{"self":[{"href":"https:\/\/alte.mannschaft.lgbt\/bimber\/wp-json\/wp\/v2\/posts\/143795"}],"collection":[{"href":"https:\/\/alte.mannschaft.lgbt\/bimber\/wp-json\/wp\/v2\/posts"}],"about":[{"href":"https:\/\/alte.mannschaft.lgbt\/bimber\/wp-json\/wp\/v2\/types\/post"}],"author":[{"embeddable":true,"href":"https:\/\/alte.mannschaft.lgbt\/bimber\/wp-json\/wp\/v2\/users\/1950"}],"replies":[{"embeddable":true,"href":"https:\/\/alte.mannschaft.lgbt\/bimber\/wp-json\/wp\/v2\/comments?post=143795"}],"version-history":[{"count":7,"href":"https:\/\/alte.mannschaft.lgbt\/bimber\/wp-json\/wp\/v2\/posts\/143795\/revisions"}],"predecessor-version":[{"id":143804,"href":"https:\/\/alte.mannschaft.lgbt\/bimber\/wp-json\/wp\/v2\/posts\/143795\/revisions\/143804"}],"wp:featuredmedia":[{"embeddable":true,"href":"https:\/\/alte.mannschaft.lgbt\/bimber\/wp-json\/wp\/v2\/media\/87905"}],"wp:attachment":[{"href":"https:\/\/alte.mannschaft.lgbt\/bimber\/wp-json\/wp\/v2\/media?parent=143795"}],"wp:term":[{"taxonomy":"category","embeddable":true,"href":"https:\/\/alte.mannschaft.lgbt\/bimber\/wp-json\/wp\/v2\/categories?post=143795"},{"taxonomy":"post_tag","embeddable":true,"href":"https:\/\/alte.mannschaft.lgbt\/bimber\/wp-json\/wp\/v2\/tags?post=143795"}],"curies":[{"name":"wp","href":"https:\/\/api.w.org\/{rel}","templated":true}]}}