{"id":142750,"date":"2022-07-06T07:27:27","date_gmt":"2022-07-06T05:27:27","guid":{"rendered":"https:\/\/mannschaft.com\/?p=142750"},"modified":"2022-07-07T18:15:47","modified_gmt":"2022-07-07T16:15:47","slug":"maenner-zum-kraulen-brusthaare-als-dominanzmarker","status":"publish","type":"post","link":"https:\/\/alte.mannschaft.lgbt\/bimber\/maenner-zum-kraulen-brusthaare-als-dominanzmarker\/","title":{"rendered":"M\u00e4nner zum Kraulen \u2013 Brusthaare als \u00abDominanzmarker\u00bb"},"content":{"rendered":"<h3>Sind behaarte M\u00e4nner attraktiv oder sind es eher die glatten? Die Meinungen dazu gehen stark auseinander. Kommen jetzt nach dem Bart-Hype die Brusthaare als Zeichen der M\u00e4nnlichkeit zur\u00fcck?<\/h3>\n<p>Von Gregor Tholl, dpa<\/p>\n<p>\u00abEchte Kerle\u00bb sind behaart und zeigen das auch. So war es zumindest fr\u00fcher in Film und Fernsehen. Man denke an <a href=\"https:\/\/mannschaft.com\/wird-james-bond-kuenftig-nicht-binaer-produzentin-offen-fuer-vorschlaege\/\" target=\"_blank\" rel=\"noopener\">\u00abJames Bond\u00bb<\/a>-Legende Sean Connery oder \u00abMagnum\u00bb-Serienheld Tom Selleck. In den 90ern brach die Zeit unbehaarter W\u00e4schemodels und Promis an wie Mark Wahlberg und David Beckham. Und heute? Da wimmelt es auf Instagram von blanken Waschbrettb\u00e4uchen. Andererseits muss wohl auch wieder archaische M\u00e4nnlichkeit demonstriert werden. Der ukrainische Pr\u00e4sident Wolodymyr Selenskyj zeigt sich nach Russlands Angriff mit gest\u00e4hlter Brust im engen Tarnfarben-T-Shirt.<\/p>\n<blockquote class=\"twitter-tweet\">\n<p dir=\"ltr\" lang=\"en\"><a href=\"https:\/\/twitter.com\/fifiglover?ref_src=twsrc%5Etfw\">@fifiglover<\/a> <a href=\"https:\/\/twitter.com\/janegarvey1?ref_src=twsrc%5Etfw\">@janegarvey1<\/a> the first thing I thought of when I heard Emmanuel Macron had won was Oh, I must look for a photo of his chest hair that Fi and Jane were on about. <a href=\"https:\/\/twitter.com\/hashtag\/forgetthepolitics?src=hash&amp;ref_src=twsrc%5Etfw\">#forgetthepolitics<\/a> <a href=\"https:\/\/twitter.com\/hashtag\/fortunately?src=hash&amp;ref_src=twsrc%5Etfw\">#fortunately<\/a> <a href=\"https:\/\/twitter.com\/hashtag\/isitreal?src=hash&amp;ref_src=twsrc%5Etfw\">#isitreal<\/a> <a href=\"https:\/\/t.co\/qIbwPwMCCN\">pic.twitter.com\/qIbwPwMCCN<\/a><\/p>\n<p>\u2014 Debbie Folkes (@FolkesD) <a href=\"https:\/\/twitter.com\/FolkesD\/status\/1518487791864365056?ref_src=twsrc%5Etfw\">April 25, 2022<\/a><\/p><\/blockquote>\n<p><script async src=\"https:\/\/platform.twitter.com\/widgets.js\" charset=\"utf-8\"><\/script><\/p>\n<p>Der franz\u00f6sische Pr\u00e4sident Emmanuel Macron posierte dagegen im Wahlkampf offenherzig mit sichtbarem Brusthaar. Ist 2022 eine R\u00fcckkehr der breiten, wilden M\u00e4nnerbrust angesagt &#8211; als Gegenbewegung zu den vergangenen Jahrzehnten?<\/p>\n<p>\u00abNicht nur die behaarte M\u00e4nnerbrust, sondern auch die glattrasierte als Teil eines durchtrainierten K\u00f6rpers ist eine Stilisierung von M\u00e4nnlichkeit\u00bb, sagt der M\u00e4nnlichkeitsforscher Toni Tholen von der Uni Hildesheim. Der Umgang von M\u00e4nnern mit ihrem Brusthaar unterliege &#8211; wie vieles andere auch &#8211; einem st\u00e4ndigen, konsumorientierten Wechsel.<\/p>\n<figure id=\"attachment_142751\" aria-describedby=\"caption-attachment-142751\" style=\"width: 400px\" class=\"wp-caption alignnone\"><a href=\"https:\/\/mannschaft.com\/bimber\/wp-content\/uploads\/2022\/07\/chiara-summer-Yum68i4tt8Q-unsplash.jpg\"><img data-expand=\"600\" decoding=\"async\" loading=\"lazy\" class=\"lazyload wp-image-142751 size-large\" src=\"data:image\/svg+xml;charset=utf-8,%3Csvg xmlns%3D'http%3A%2F%2Fwww.w3.org%2F2000%2Fsvg' viewBox%3D'0 0 400 600'%2F%3E\" data-src=\"https:\/\/mannschaft.com\/bimber\/wp-content\/uploads\/2022\/07\/chiara-summer-Yum68i4tt8Q-unsplash-400x600.jpg\" alt=\"Brusthaare\" width=\"400\" height=\"600\" \/><\/a><figcaption id=\"caption-attachment-142751\" class=\"wp-caption-text\">Foto: Chiara Summer\/Unsplash<\/figcaption><\/figure>\n<p>Der Literaturwissenschaftler Tholen h\u00e4lt es f\u00fcr m\u00f6glich, dass \u00abvor dem Hintergrund einer gesellschaftlich und politisch induzierten Remaskulinisierung\u00bb die Behaarung wieder mehr als \u00abDominanzmarker\u00bb eingesetzt werden k\u00f6nnte. Jedenfalls sei die M\u00e4nnerbrust traditionell eine zentrale K\u00f6rperregion f\u00fcr die Modellierung von M\u00e4nnlichkeit.<\/p>\n<p>\u00abIm Vergleich zu fr\u00fcheren Jahrzehnten wird der M\u00e4nnerk\u00f6rper zunehmend \u00e4sthetisiert\u00bb, sagt auch die Psychologin Ada Borkenhagen, die derzeit am Buch \u00abBin ich sch\u00f6n genug? Sch\u00f6nheitswahn und Body Modification\u00bb arbeitet. In den 70ern zum Beispiel habe kaum ein Mann daran gedacht, seinen Haarwuchs auf Brust, Bauch oder gar R\u00fccken zu b\u00e4ndigen, sagt Borkenhagen. \u00abM\u00e4nner durften so bleiben, wie sie sind.\u00bb<\/p>\n<p>Das sei heutzutage ganz anders, sagt die Professorin von der Magdeburger Universit\u00e4tsklinik. Zeitgleich gebe es einen Trend zur sogenannten Body Positivity, die unrealistische und diskriminierende Sch\u00f6nheitsideale \u00fcberwinden wolle. Bei M\u00e4nnern gehe es da zum Beispiel um Stolz auf runde Formen, <a href=\"https:\/\/mannschaft.com\/wir-bekennen-farbe-was-es-heisst-ginger-zu-sein\/\" target=\"_blank\" rel=\"noopener\">rotes Haar<\/a> oder \u00fcppige Behaarung.<\/p>\n<hr \/>\n<p><em>Unterdessen wird vielerorts diskutiert \u00fcber \u00abGleiche Brust f\u00fcr alle\u00bb. In st\u00e4dtischen Schwimmb\u00e4dern sollen alle oben ohne baden k\u00f6nnen, nicht nur M\u00e4nner<\/em> <a href=\"https:\/\/mannschaft.com\/gleiche-brust-fuer-alle-ein-tabu-im-schwimmbad-faellt\/\" target=\"_blank\" rel=\"noopener\">(mehr)<\/a><\/p>\n<hr \/>\n<p>Gerade die K\u00f6rperbehaarung ist bei M\u00e4nnern stets ein Thema. In Deutschland ist sie recht unbeliebt. Das geht aus einer repr\u00e4sentativen Umfrage des Meinungsforschungsinstituts YouGov im Auftrag der Deutschen Presse-Agentur hervor. Lediglich jede*r zwanzigste findet Brusthaar \u00absehr sch\u00f6n\u00bb &#8211; sowohl bei Frauen als auch M\u00e4nnern sind es nur 5 Prozent. Es gibt auch keinen nennenswerten Unterschied zwischen Ost und West. \u00abGar nicht sch\u00f6n\u00bb finden sie 17 Prozent. Der Rest gibt sich recht unentschieden: So finden 21 Prozent eine behaarte Brust \u00abeher nicht sch\u00f6n\u00bb, 11 Prozent \u00abeher sch\u00f6n\u00bb und 39 Prozent \u00abteils\/teils\u00bb. Der Rest machte keine Angabe. <a href=\"https:\/\/mannschaft.com\/weinbauer-heischi-ich-stehe-auf-brusthaare\/\" target=\"_blank\" rel=\"noopener\">(Dieser schwule Weinbauer aus der Schweiz findet Brusthaare ganz toll \u2013 MANNSCHAFT+)<\/a><\/p>\n<p>Ein bisschen \u00fcber dem Schnitt, was das Sch\u00f6nfinden von Brustbehaarung angeht, sind Frauen zwischen 35 und 44 Jahren sowie junge M\u00e4nner von 18 bis Mitte 30. Die gr\u00f6sste Ablehnung erf\u00e4hrt das Brusthaar bei Mittvierzigern bis Mittf\u00fcnfzigern. Das sind theoretisch die Leute, die w\u00e4hrend ihrer Kindheit oder Jugend in den 80ern mit dem haarigen Hawaii-Privatdetektiv und Krimihelden \u00abMagnum\u00bb konfrontiert waren. Ein Zusammenhang mit TV-Gr\u00f6ssen aus dieser Zeit ist aber v\u00f6llig unklar.<\/p>\n<p>Psychologin Borkenhagen sieht im Wellenmodus der Mode eine Chance f\u00fcr ein Comeback des Brusthaars. Die Brustbehaarung &#8211; allerdings nicht mehr als wilde Matte wie fr\u00fcher &#8211; k\u00f6nnte demnach die B\u00e4rte als neues ausgestelltes M\u00e4nnlichkeitszeichen ersetzen oder mindestens erg\u00e4nzen.<\/p>\n<blockquote><p>Bei Schwulen scheint das Fachvokabular dazu (etwa \u00abHappy Trail\u00bb f\u00fcr die Haarlinie zwischen Bauchnabel und Schamhaar schon weiter verbreitet zu sein.<\/p><\/blockquote>\n<p>So wie der Vollbart-Hype einst in der Schwulenszene begonnen habe, k\u00f6nnte der Expertin zufolge die Liebe zum gepflegten und frisierten (also gestutzten, getrimmten, geschickt zurechtrasierten) Brust- und Bauchhaar bald auch zum Trend bei Heterosexuellen werden. Bei Schwulen scheint das Fachvokabular dazu (etwa \u00abHappy Trail\u00bb f\u00fcr die Haarlinie zwischen Bauchnabel und Schamhaar &#8211; auf Deutsch also die \u00abgl\u00fcckliche Spur\u00bb) schon weiter verbreitet zu sein.<\/p>\n<p>M\u00e4nnlichkeitsforscher Tholen sieht jedenfalls auch im \u00abTrend zum penibel gepflegten Brusthaar\u00bb ein Indiz f\u00fcr die Stilisierung von M\u00e4nnlichkeit. In der neoliberalen Gesellschaft sei es g\u00e4ngige Praxis, den eigenen K\u00f6rper als Teil einer st\u00e4ndigen Selbstkultivierung zu betrachten. \u00abMan k\u00f6nnte daher sagen: Auch der Trend, wieder mehr Brusthaar zu zeigen, wird &#8211; \u00e4hnlich wie beim Barthaar &#8211; dem Mechanismus m\u00e4nnlicher Selbstoptimierung einverleibt.\u00bb<\/p>\n","protected":false},"excerpt":{"rendered":"<p>Sind behaarte M\u00e4nner attraktiv oder sind es eher die glatten? Die Meinungen dazu gehen stark auseinander. #Brusthaare als Zeichen der M\u00e4nnlichkeit und \u00abDominanzmarker\u00bb  <a class=\"g1-link g1-link-more\" href=\"https:\/\/alte.mannschaft.lgbt\/bimber\/maenner-zum-kraulen-brusthaare-als-dominanzmarker\/\">Weiterlesen<\/a><\/p>\n","protected":false},"author":1950,"featured_media":142752,"comment_status":"closed","ping_status":"closed","sticky":false,"template":"","format":"standard","meta":[],"categories":[10,262],"tags":[5535,5484],"wps_subtitle":"Im Vergleich zu fr\u00fcheren Jahrzehnten werden m\u00e4nnliche K\u00f6rper zunehmend \u00e4sthetisiert","_links":{"self":[{"href":"https:\/\/alte.mannschaft.lgbt\/bimber\/wp-json\/wp\/v2\/posts\/142750"}],"collection":[{"href":"https:\/\/alte.mannschaft.lgbt\/bimber\/wp-json\/wp\/v2\/posts"}],"about":[{"href":"https:\/\/alte.mannschaft.lgbt\/bimber\/wp-json\/wp\/v2\/types\/post"}],"author":[{"embeddable":true,"href":"https:\/\/alte.mannschaft.lgbt\/bimber\/wp-json\/wp\/v2\/users\/1950"}],"replies":[{"embeddable":true,"href":"https:\/\/alte.mannschaft.lgbt\/bimber\/wp-json\/wp\/v2\/comments?post=142750"}],"version-history":[{"count":4,"href":"https:\/\/alte.mannschaft.lgbt\/bimber\/wp-json\/wp\/v2\/posts\/142750\/revisions"}],"predecessor-version":[{"id":142756,"href":"https:\/\/alte.mannschaft.lgbt\/bimber\/wp-json\/wp\/v2\/posts\/142750\/revisions\/142756"}],"wp:featuredmedia":[{"embeddable":true,"href":"https:\/\/alte.mannschaft.lgbt\/bimber\/wp-json\/wp\/v2\/media\/142752"}],"wp:attachment":[{"href":"https:\/\/alte.mannschaft.lgbt\/bimber\/wp-json\/wp\/v2\/media?parent=142750"}],"wp:term":[{"taxonomy":"category","embeddable":true,"href":"https:\/\/alte.mannschaft.lgbt\/bimber\/wp-json\/wp\/v2\/categories?post=142750"},{"taxonomy":"post_tag","embeddable":true,"href":"https:\/\/alte.mannschaft.lgbt\/bimber\/wp-json\/wp\/v2\/tags?post=142750"}],"curies":[{"name":"wp","href":"https:\/\/api.w.org\/{rel}","templated":true}]}}