{"id":140640,"date":"2022-06-13T06:58:21","date_gmt":"2022-06-13T04:58:21","guid":{"rendered":"https:\/\/mannschaft.com\/?p=140640"},"modified":"2022-06-13T07:10:11","modified_gmt":"2022-06-13T05:10:11","slug":"pro-lgbtiq-reformer-generalvikar-verlaesst-enttaeuscht-katholische-kirche","status":"publish","type":"post","link":"https:\/\/alte.mannschaft.lgbt\/bimber\/pro-lgbtiq-reformer-generalvikar-verlaesst-enttaeuscht-katholische-kirche\/","title":{"rendered":"Pro-LGBTIQ-Reformer: Generalvikar verl\u00e4sst entt\u00e4uscht katholische Kirche"},"content":{"rendered":"<h3>F\u00fcr Experten ist es ein \u00abPaukenschlag\u00bb: Ein ranghoher Geistlicher tritt aus der katholischen Kirche aus &#8211; und einer anderen bei. Was hat Andreas Sturm zu diesem drastischen Schritt getrieben?<\/h3>\n<p>Von Wolfgang Jung, dpa<\/p>\n<p>Am Ende fehlte Generalvikar Andreas Sturm schlicht die Hoffnung. Er habe keine Zuversicht mehr in die Reformf\u00e4higkeit der r\u00f6misch-katholischen Kirche, sagte der ranghohe Geistliche in Speyer &#8211; und trat in einem drastischen Schritt aus der Kirche aus.<\/p>\n<p>Sturms Entscheidung ersch\u00fctterte vor wenigen Wochen das Bistum in der pf\u00e4lzischen Domstadt. Von einem \u00abgewaltigen Schock\u00bb spricht Bischof Karl-Heinz Wiesemann. Ob die schleppende Aufarbeitung des Missbrauchsskandals, das l\u00e4hmende Innenleben der Institution Kirche &#8211; oder die Sehnsucht nach einer Familie: Nur Sturm weiss, was ihn am Ende getrieben hat. \u00dcber seine Motive gibt ein Buch nun Auskunft.<\/p>\n<p>\u00abIch muss raus aus dieser Kirche\u00bb, heisst das Werk, das in diesen Tagen im Verlag Herder erscheint (ISBN: 978-3-451-03398-8). Darin beschreibt der 47-J\u00e4hrige seinen Werdegang vom \u00fcberzeugten Geistlichen zum Zweifler. \u00abEigentlich ist es mir erst heute im R\u00fcckblick klar, dass es ein langer Weg der Entfremdung war\u00bb, meint Sturm unter anderem. Das Buch solle auch zeigen, wie sehr er noch an der Kirche h\u00e4nge und dass er ihr alles Gute w\u00fcnsche. \u00abNur ohne mich.\u00bb<\/p>\n<p>Der Schritt verdeutlicht die Krise der Kirche. Ein Beispiel: W\u00e4hrend beim Katholikentag in M\u00fcnster 2018 noch 50 000 Dauerteilnehmer dabei waren, waren es j\u00fcngst in Stuttgart 19 000. Die Missbrauchsskandale ersch\u00fcttern die Kirche immer noch in ihren Grundfesten, ebenso wie der Reformstau, die massenhafte Abkehr und der Bedeutungsverlust der Institution. Heute geh\u00f6rt nur noch eine Minderheit &#8211; weniger als die H\u00e4lfte der Bev\u00f6lkerung &#8211; einer der beiden Gro\u00dfkirchen an.<\/p>\n<p>Sturm galt im Bistum als Reformer. Als der Vatikan sich gegen die Segnung homosexueller Partnerschaften aussprach, stellte sich der damalige Generalvikar \u00f6ffentlich dagegen: \u00abIch habe Wohnungen, Autos, Fahrst\u00fchle, unz\u00e4hlige Rosenkr\u00e4nze und so weiter gesegnet und soll zwei Menschen nicht segnen k\u00f6nnen, die sich lieben? Das kann nicht Gottes Wille sein.\u00bb Er beklagte auch die Diskriminierung von Frauen.<a href=\"https:\/\/mannschaft.com\/outinchurch-erwartet-mehr-engagement-von-deutschen-bischoefen\/\" target=\"_blank\" rel=\"noopener\"> (MANNSCHAFT berichtete)<\/a><\/p>\n<p>Doch ob das Verh\u00e4ltnis zu Frauen oder zu Homosexuellen: \u00abDas sind weltkirchlich noch immer keine Themen\u00bb, kritisiert Sturm in einem Gespr\u00e4ch mit der Deutschen Presse-Agentur. Er habe nicht den Eindruck, dass der Vatikan wirklich Verst\u00e4ndnis habe f\u00fcr die aktuelle Situation. \u00abSolange Rom glaubt, es m\u00fcsse alles \u00fcberall wie eine Art Konzernzentrale steuern, denke ich nicht, dass sich etwas \u00e4ndert.\u00bb<\/p>\n<p>Sturm ist ausgetreten &#8211; und gleichzeitig der Altkatholischen Kirche beigetreten, f\u00fcr die er k\u00fcnftig als Priester am Bodensee arbeitet. Die Altkatholische Kirche entstand nach den Entscheidungen des Ersten Vatikanischen Konzils von 1870, wonach der Papst die oberste rechtliche Gewalt in der katholischen Kirche aus\u00fcbt und in Fragen des Glaubens unfehlbar ist. Das Bistum der Altkatholiken in Deutschland umfasst rund 60 Gemeinden in nahezu allen Bundesl\u00e4ndern.<\/p>\n<blockquote><p>Ein Paukenschlag, dass ein ranghoher Geistlicher nicht nur sein Amt aufgibt, sondern auch in eine andere Kirche eintritt.<\/p><\/blockquote>\n<p>Der Kirchenexperte und Buchautor Andreas P\u00fcttmann (\u00abWie katholisch ist Deutschland&#8230; und was hat es davon?\u00bb) nennt es einen \u00abPaukenschlag\u00bb, dass ein ranghoher Geistlicher nicht nur sein Amt aufgibt, sondern auch in eine andere Kirche eintritt und zur Begr\u00fcndung ein Buch schreibt. \u00abDieser beispiellose Vorgang zeigt, was die Stunde geschlagen hat f\u00fcr die katholische Kirche in der modernen, liberalen Gesellschaft.\u00bb F\u00fcr die Altkatholische Kirche sei der prominente \u00dcbertritt \u00abein Coup\u00bb, meint er. \u00abViele frustrierte Katholiken haben sie als Alternative gar nicht auf dem Schirm.\u00bb<\/p>\n<p>Aus Sturms Worten sei erkennbar, dass es sich um einen lange gereiften Entschluss handele, sagt P\u00fcttmann. \u00abEr bleibt differenziert und dr\u00fcckt auch Dankbarkeit, ja sogar Liebe zu seiner bisherigen Berufung aus. Man m\u00fcsste schon ein Herz aus Stein haben, um da einfach die Nase \u00fcber einen sogenannten Abtr\u00fcnnigen zu r\u00fcmpfen.\u00bb<\/p>\n<p>\u00abIch muss raus aus dieser Kirche, in der Missbrauchst\u00e4ter viel zu lange ihre Verbrechen durchf\u00fchren konnten und gedeckt wurden\u00bb, schreibt Sturm im Buch. \u00abIch muss raus aus dieser Kirche, in der Frauen nicht geweiht werden, weil wir ihre Berufung schlicht negieren und eine Weihe als unm\u00f6glich ablehnen.\u00bb Raus aus einer Kirche, in der Priester nicht heiraten d\u00fcrften. Sturm r\u00e4umt einen Bruch des Z\u00f6libats ein. \u00abEs gab in meinem Leben Beziehungen, und ich weiss leider nur zu gut, wie sehr ich durch Heimlichtuerei Menschen verletzt habe.\u00bb<\/p>\n<p>Als Priester komme man oft mit vielen Eindr\u00fccken nach Hause, und da sei dann niemand, sagt Sturm. \u00abDa ist viel Einsamkeit. Mir ist es nicht gelungen, das immer allein im Gebet aufzufangen.\u00bb F\u00fcr die Zukunft wolle er in Richtung Familie nichts ausschlie\u00dfen. \u00abIch gehe derzeit nicht in die aktive Planung. Aber ich glaube, ich k\u00f6nnte gl\u00fccklicher werden mit einer Partnerin an meiner Seite.\u00bb<\/p>\n<p>Der in Frankenthal (Pfalz) geborene Sturm war mehr als vier Jahre lang Generalvikar. Immer wieder sei er bei Reformbem\u00fchungen \u00abmit dem Kopf gegen die Wand gelaufen\u00bb, erz\u00e4hlt er. \u00abIrgendwann ist Ihnen ihr Kopf zu schade.\u00bb Sein Buch sei keine Abrechnung mit der katholischen Kirche. \u00abIch verdanke ihr viel. Was ich will: den riesigen Reformstau aufzeigen.\u00bb Er bereue den Schritt nicht, betone aber auch: \u00abIch bitte alle um Verzeihung, die ich durch diesen Schritt entt\u00e4usche, verletze und ver\u00e4rgere &#8211; ich hatte einfach keine Kraft mehr.\u00bb<\/p>\n<blockquote><p>Ich will das mit heissem Herzen tun \u2013 und keine Show.<\/p><\/blockquote>\n<p>\u00dcberfl\u00fcssig sei Kirche nicht, meint Sturm. \u00abWir haben der Welt viel zu sagen. Die Botschaft ist toll und immer noch notwendig.\u00bb Die r\u00f6misch-katholische Kirche m\u00fcsse sich aber dringend um jene Themen k\u00fcmmern, \u00abdie man eigentlich sehr schnell kl\u00e4ren\u00bb m\u00fcsste. \u00abDann k\u00f6nnen Kirchen wieder Strahlkraft entwickeln.\u00bb Das sei ihm am Ende in Speyer nicht mehr m\u00f6glich gewesen. \u00abIch dachte, ich spiele eine Schallplatte ab. Aber wenn ich beim Predigen eher eine Rolle spiele, muss ich gehen. Ich will das mit heissem Herzen tun &#8211; und keine Show.\u00bb<\/p>\n","protected":false},"excerpt":{"rendered":"<p>#Speyer Am Ende fehlte Pro-#LGBTIQ-Generalvikar Andreas Sturm schlicht die Hoffnung. Er habe keine Zuversicht mehr in die Reformf\u00e4higkeit der r\u00f6misch-katholischen Kirche, so der ranghohe Geistliche in #Speyer und trat mit drastischem Schritt aus <a class=\"g1-link g1-link-more\" href=\"https:\/\/alte.mannschaft.lgbt\/bimber\/pro-lgbtiq-reformer-generalvikar-verlaesst-enttaeuscht-katholische-kirche\/\">Weiterlesen<\/a><\/p>\n","protected":false},"author":1950,"featured_media":138534,"comment_status":"closed","ping_status":"closed","sticky":false,"template":"","format":"standard","meta":[],"categories":[3],"tags":[5512],"wps_subtitle":"Er hat ein Buch geschrieben: \u00abIch muss raus aus dieser Kirche\u00bb","_links":{"self":[{"href":"https:\/\/alte.mannschaft.lgbt\/bimber\/wp-json\/wp\/v2\/posts\/140640"}],"collection":[{"href":"https:\/\/alte.mannschaft.lgbt\/bimber\/wp-json\/wp\/v2\/posts"}],"about":[{"href":"https:\/\/alte.mannschaft.lgbt\/bimber\/wp-json\/wp\/v2\/types\/post"}],"author":[{"embeddable":true,"href":"https:\/\/alte.mannschaft.lgbt\/bimber\/wp-json\/wp\/v2\/users\/1950"}],"replies":[{"embeddable":true,"href":"https:\/\/alte.mannschaft.lgbt\/bimber\/wp-json\/wp\/v2\/comments?post=140640"}],"version-history":[{"count":5,"href":"https:\/\/alte.mannschaft.lgbt\/bimber\/wp-json\/wp\/v2\/posts\/140640\/revisions"}],"predecessor-version":[{"id":140645,"href":"https:\/\/alte.mannschaft.lgbt\/bimber\/wp-json\/wp\/v2\/posts\/140640\/revisions\/140645"}],"wp:featuredmedia":[{"embeddable":true,"href":"https:\/\/alte.mannschaft.lgbt\/bimber\/wp-json\/wp\/v2\/media\/138534"}],"wp:attachment":[{"href":"https:\/\/alte.mannschaft.lgbt\/bimber\/wp-json\/wp\/v2\/media?parent=140640"}],"wp:term":[{"taxonomy":"category","embeddable":true,"href":"https:\/\/alte.mannschaft.lgbt\/bimber\/wp-json\/wp\/v2\/categories?post=140640"},{"taxonomy":"post_tag","embeddable":true,"href":"https:\/\/alte.mannschaft.lgbt\/bimber\/wp-json\/wp\/v2\/tags?post=140640"}],"curies":[{"name":"wp","href":"https:\/\/api.w.org\/{rel}","templated":true}]}}