{"id":140632,"date":"2022-06-12T21:18:59","date_gmt":"2022-06-12T19:18:59","guid":{"rendered":"https:\/\/mannschaft.com\/?p=140632"},"modified":"2022-06-12T21:27:56","modified_gmt":"2022-06-12T19:27:56","slug":"andreas-gabalier-will-zeichen-gegen-schwulenfeindlichkeit-setzen","status":"publish","type":"post","link":"https:\/\/alte.mannschaft.lgbt\/bimber\/andreas-gabalier-will-zeichen-gegen-schwulenfeindlichkeit-setzen\/","title":{"rendered":"Andreas Gabalier will Zeichen gegen Schwulenfeindlichkeit setzen"},"content":{"rendered":"<h3>Der \u00f6sterreichische Volksmusiker Andreas Gabalier will bei seiner Tournee im Sommer den Vorwurf der Schwulenfeindlichkeit ausr\u00e4umen.<\/h3>\n<p>Mit seinem neuen Lied \u00abLiebeleben\u00bb wolle er klarstellen, dass er nichts mit Homophobie zu tun habe, sagte der 37-J\u00e4hrige der <em>Augsburger Allgemeinen.<\/em> \u00abDas ist mir ein Riesenanliegen\u00bb, betonte Gabalier.<\/p>\n<p>In seinem neuen Song heisst es:<br \/>\n\u00abOb Frau und Mann<br \/>\nOder Mann und Mann<br \/>\nOder zwei M\u00e4dchen dann<br \/>\nIrgendwann<br \/>\nWenn der Forrest Gump<br \/>\nNicht mehr laufen kann<br \/>\nIst es Liebe, ist es Leben<br \/>\nDann ist das die Liebe\u00bb<\/p>\n<p>Fr\u00fchere \u00c4usserungen von ihm seien falsch interpretiert worden. \u00abDas hat mir weh getan\u00bb, betonte er. \u00abDas waren ja Fetzen, die aus dem Zusammenhang gerissen wurden.\u00bb<\/p>\n<p>Mit dem neuen Lied wolle Gabalier sich gegen den Vorwurf der Homophobie wehren. \u00abMir ist es wirklich egal, wer wen liebt\u00bb, sagte er. \u00abUnd das wollte ich mit diesem Song tats\u00e4chlich klarstellen.\u00bb<\/p>\n<p><iframe loading=\"lazy\" title=\"YouTube video player\" src=\"https:\/\/www.youtube.com\/embed\/ECG72etNlsQ\" width=\"560\" height=\"315\" frameborder=\"0\" allowfullscreen=\"allowfullscreen\"><\/iframe><\/p>\n<p>Gabalier hatte vor bereits vor einigen Jahren erkl\u00e4rt, dass man es mittlerweile schwer habe, \u00abwenn man als Manderl noch auf Weiberl steht\u00bb \u2013 Sichtbarkeit von Homosexuellen und deren Gleichberechtigung sind ihm offenbar ein Dorn im Auge. Das zeigt auch dieses Gabalier-Zitat: \u00abIch kenne sogar drei schwule P\u00e4rchen, zwei beim Fernsehen, eins privat. Ich finde nur, dass man diese Sexualit\u00e4t nicht ganz so breit in der \u00d6ffentlichkeit austreten muss.\u00bb<\/p>\n<p>Der selbsternannte \u00abVolkss\u00e4nger 2.0\u00bb, der bei seinen Konzerten volkst\u00fcmliche Musik mit Stadionrock verbindet, versteht die ganze Aufregung nicht, sagte er schon vor ein paar Jahren. \u00abIch bin weder homophob noch frauenfeindlich und auch nicht rechtspopulistisch unterwegs\u00bb, sagte der 34-J\u00e4hrige dem Wiener <em>Kurier<\/em>.<\/p>\n<p>Die Auszeichnung mit dem Karl-Valentin-Orden an Gabalier vor drei Jahren stiess auf Kritik <a href=\"https:\/\/mannschaft.com\/trotz-kritik-andreas-gabalier-erhaelt-karl-valentin-orden\/\" target=\"_blank\" rel=\"noopener\">(MANNSCHAFT berichtete)<\/a>.<\/p>\n","protected":false},"excerpt":{"rendered":"<p>#Volksmusik Andreas Gabalier will bei seiner Tournee im Sommer den Vorwurf der #Schwulenfeindlichkeit ausr\u00e4umen. Fr\u00fchere \u00c4usserungen von ihm seien falsch interpretiert worden, sagt der Musiker aus #\u00d6sterreich <a class=\"g1-link g1-link-more\" href=\"https:\/\/alte.mannschaft.lgbt\/bimber\/andreas-gabalier-will-zeichen-gegen-schwulenfeindlichkeit-setzen\/\">Weiterlesen<\/a><\/p>\n","protected":false},"author":1950,"featured_media":140633,"comment_status":"closed","ping_status":"closed","sticky":false,"template":"","format":"standard","meta":[],"categories":[346,2527],"tags":[5531,5493,5546],"wps_subtitle":"Fr\u00fchere \u00c4usserungen von ihm seien falsch interpretiert worden, sagt der S\u00e4nger","_links":{"self":[{"href":"https:\/\/alte.mannschaft.lgbt\/bimber\/wp-json\/wp\/v2\/posts\/140632"}],"collection":[{"href":"https:\/\/alte.mannschaft.lgbt\/bimber\/wp-json\/wp\/v2\/posts"}],"about":[{"href":"https:\/\/alte.mannschaft.lgbt\/bimber\/wp-json\/wp\/v2\/types\/post"}],"author":[{"embeddable":true,"href":"https:\/\/alte.mannschaft.lgbt\/bimber\/wp-json\/wp\/v2\/users\/1950"}],"replies":[{"embeddable":true,"href":"https:\/\/alte.mannschaft.lgbt\/bimber\/wp-json\/wp\/v2\/comments?post=140632"}],"version-history":[{"count":5,"href":"https:\/\/alte.mannschaft.lgbt\/bimber\/wp-json\/wp\/v2\/posts\/140632\/revisions"}],"predecessor-version":[{"id":140639,"href":"https:\/\/alte.mannschaft.lgbt\/bimber\/wp-json\/wp\/v2\/posts\/140632\/revisions\/140639"}],"wp:featuredmedia":[{"embeddable":true,"href":"https:\/\/alte.mannschaft.lgbt\/bimber\/wp-json\/wp\/v2\/media\/140633"}],"wp:attachment":[{"href":"https:\/\/alte.mannschaft.lgbt\/bimber\/wp-json\/wp\/v2\/media?parent=140632"}],"wp:term":[{"taxonomy":"category","embeddable":true,"href":"https:\/\/alte.mannschaft.lgbt\/bimber\/wp-json\/wp\/v2\/categories?post=140632"},{"taxonomy":"post_tag","embeddable":true,"href":"https:\/\/alte.mannschaft.lgbt\/bimber\/wp-json\/wp\/v2\/tags?post=140632"}],"curies":[{"name":"wp","href":"https:\/\/api.w.org\/{rel}","templated":true}]}}