{"id":139700,"date":"2022-05-31T13:00:16","date_gmt":"2022-05-31T11:00:16","guid":{"rendered":"https:\/\/mannschaft.com\/?p=139700"},"modified":"2022-06-02T11:00:11","modified_gmt":"2022-06-02T09:00:11","slug":"fussball-deutsches-team-fuer-frauen-em-in-england-steht","status":"publish","type":"post","link":"https:\/\/alte.mannschaft.lgbt\/bimber\/fussball-deutsches-team-fuer-frauen-em-in-england-steht\/","title":{"rendered":"Fussball: Deutsches Team f\u00fcr Frauen-EM in England steht"},"content":{"rendered":"<h3>Nicht mit Almuth Schult, sondern mit Merle Frohms im Tor will Bundestrainerin Martina Voss-Tecklenburg die EM bestreiten. Schon die Gruppenspiele werden f\u00fcr die DFB-Frauen und die Nummer 1 aus Frankfurt sehr herausfordernd.<\/h3>\n<p><em>Von Ulrike John, dpa<\/em><\/p>\n<p>Mit Kapit\u00e4nin Alexandra Popp vom VfL Wolfsburg als erfahrenster Spielerin, der Frankfurterin Merle Frohms als Nummer 1 im Tor und grossen Ambitionen starten die deutschen Fussballerinnen in die Vorbereitung auf die Europameisterschaft.<\/p>\n<p>Bundestrainerin Martina Voss-Tecklenburg nominierte am Dienstag das vorl\u00e4ufige Aufgebot von 28 Spielerinnen f\u00fcr das Turnier vom 6. bis 31. Juli in England.<\/p>\n<p>\u00abIch traue der Mannschaft unheimlich viel zu. Das Ziel ist, dass wir ganz weit kommen bei dieser EM\u00bb, sagte die 54-J\u00e4hrige bei einer Pressekonferenz in der DFB-Zentrale in Frankfurt\/Main.<\/p>\n<figure id=\"attachment_139703\" aria-describedby=\"caption-attachment-139703\" style=\"width: 999px\" class=\"wp-caption alignnone\"><a href=\"https:\/\/mannschaft.com\/bimber\/wp-content\/uploads\/2022\/05\/Bundestrainerin_Mart_71424492.jpg\"><img data-expand=\"600\" decoding=\"async\" loading=\"lazy\" class=\"lazyload wp-image-139703 size-full\" src=\"data:image\/svg+xml;charset=utf-8,%3Csvg xmlns%3D'http%3A%2F%2Fwww.w3.org%2F2000%2Fsvg' viewBox%3D'0 0 999 586'%2F%3E\" data-src=\"https:\/\/mannschaft.com\/bimber\/wp-content\/uploads\/2022\/05\/Bundestrainerin_Mart_71424492.jpg\" alt=\"Bundestrainerin Martina Voss-Tecklenburg\" width=\"999\" height=\"586\" data-srcset=\"https:\/\/alte.mannschaft.lgbt\/bimber\/wp-content\/uploads\/2022\/05\/Bundestrainerin_Mart_71424492.jpg 999w, https:\/\/alte.mannschaft.lgbt\/bimber\/wp-content\/uploads\/2022\/05\/Bundestrainerin_Mart_71424492-300x176.jpg 300w, https:\/\/alte.mannschaft.lgbt\/bimber\/wp-content\/uploads\/2022\/05\/Bundestrainerin_Mart_71424492-425x249.jpg 425w, https:\/\/alte.mannschaft.lgbt\/bimber\/wp-content\/uploads\/2022\/05\/Bundestrainerin_Mart_71424492-768x450.jpg 768w, https:\/\/alte.mannschaft.lgbt\/bimber\/wp-content\/uploads\/2022\/05\/Bundestrainerin_Mart_71424492-561x329.jpg 561w, https:\/\/alte.mannschaft.lgbt\/bimber\/wp-content\/uploads\/2022\/05\/Bundestrainerin_Mart_71424492-265x155.jpg 265w, https:\/\/alte.mannschaft.lgbt\/bimber\/wp-content\/uploads\/2022\/05\/Bundestrainerin_Mart_71424492-531x311.jpg 531w, https:\/\/alte.mannschaft.lgbt\/bimber\/wp-content\/uploads\/2022\/05\/Bundestrainerin_Mart_71424492-364x214.jpg 364w, https:\/\/alte.mannschaft.lgbt\/bimber\/wp-content\/uploads\/2022\/05\/Bundestrainerin_Mart_71424492-728x427.jpg 728w, https:\/\/alte.mannschaft.lgbt\/bimber\/wp-content\/uploads\/2022\/05\/Bundestrainerin_Mart_71424492-608x357.jpg 608w, https:\/\/alte.mannschaft.lgbt\/bimber\/wp-content\/uploads\/2022\/05\/Bundestrainerin_Mart_71424492-758x445.jpg 758w, https:\/\/alte.mannschaft.lgbt\/bimber\/wp-content\/uploads\/2022\/05\/Bundestrainerin_Mart_71424492-82x48.jpg 82w, https:\/\/alte.mannschaft.lgbt\/bimber\/wp-content\/uploads\/2022\/05\/Bundestrainerin_Mart_71424492-164x96.jpg 164w, https:\/\/alte.mannschaft.lgbt\/bimber\/wp-content\/uploads\/2022\/05\/Bundestrainerin_Mart_71424492-400x235.jpg 400w\" data-sizes=\"(max-width: 999px) 100vw, 999px\" \/><\/a><figcaption id=\"caption-attachment-139703\" class=\"wp-caption-text\">Bundestrainerin Martina Voss-Tecklenburg (Foto: Berney Ardov\/dpa)<\/figcaption><\/figure>\n<p>Der Rekord-Europameister z\u00e4hlt diesmal allerdings nicht zu den Topfavoriten. \u00abDas kann ja vielleicht dazu f\u00fchren, dass uns der eine oder andere untersch\u00e4tzt\u00bb, sagte Voss-Tecklenburg. Sie nannte als Titelanw\u00e4rter Spanien, Frankreich, die Niederlande, England, Schweden, Norwegen und D\u00e4nemark.<\/p>\n<p>Auf zwei dieser Teams trifft Deutschland gleich in der Vorrunde: Vize-Europameister D\u00e4nemark ist am 8. Juli der erste Gegner, dann geht es gegen das hoch eingesch\u00e4tzte Spanien (12. Juli) und danach gegen Finnland (16. Juli). Bei einem Viertelfinaleinzug k\u00f6nnte Gastgeber England im Weg stehen. <a href=\"https:\/\/mannschaft.com\/frauenfussball-ein-staendiger-kampf-gegen-klischees\/\" target=\"_blank\" rel=\"noopener\">(MANNSCHAFTberichtete dar\u00fcber, dass Frauenfussball auch ein st\u00e4ndiger Kampf gegen Klischees ist.)<\/a><\/p>\n<p><strong>Torh\u00fcterin Almuth Schult muss sich weiter hinter Merle Frohms anstellen<\/strong><br \/>\nKlar ist bereits vor dem ersten Spiel: Torh\u00fcterin Almuth Schult muss sich weiter hinter ihrer Rivalin Merle Frohms anstellen. \u00abMerle ist seit drei Jahren die Nummer eins. Von daher \u00e4ndert sich an diesem Status gar nichts\u00bb, sagte Voss-Tecklenburg. Wolfsburgs Olympiasiegerin Schult hatte zuletzt Hoffnungen auf eine R\u00fcckkehr zwischen die Pfosten angemeldet und gesagt: \u00abIch sehe nicht, dass die Entscheidung schon in Stein gemeisselt ist.\u00bb<\/p>\n<p>Die 31-J\u00e4hrige geh\u00f6rt nach der Geburt ihrer Zwillinge schon l\u00e4nger wieder der DFB-Auswahl an. Schult wechselt nach der EM in die USA zu den Angel City FC in Los Angeles. Nachfolgerin der 64-fachen Nationalspielerin in Wolfsburg ist ausgerechnet Frohms.<\/p>\n<p>Die 27-J\u00e4hrige spielte zuletzt zwei Jahre f\u00fcr Eintracht Frankfurt, begann ihre Bundesliga-Karriere einst aber beim VfL. \u00abMerle hat bei uns sehr, sehr gute bis herausragende Leistungen gebracht, deshalb geht die Merle als Nummer eins in das Turnier\u00bb, sagte Voss-Tecklenburg. <a href=\"https:\/\/mannschaft.com\/coming-out-im-frauenfussball-quinn-ist-trans\/\" target=\"_blank\" rel=\"noopener\">(MANNSCHAFT berichtete \u00fcbers Coming-out als trans von Quinn von der kanadischen Frauen-Nationalmannschaft.)<\/a><\/p>\n<figure id=\"attachment_139705\" aria-describedby=\"caption-attachment-139705\" style=\"width: 1000px\" class=\"wp-caption alignnone\"><a href=\"https:\/\/mannschaft.com\/bimber\/wp-content\/uploads\/2022\/05\/Portugal_Deutschland_71857369.jpg\"><img data-expand=\"600\" decoding=\"async\" loading=\"lazy\" class=\"lazyload wp-image-139705 size-full\" src=\"data:image\/svg+xml;charset=utf-8,%3Csvg xmlns%3D'http%3A%2F%2Fwww.w3.org%2F2000%2Fsvg' viewBox%3D'0 0 1000 665'%2F%3E\" data-src=\"https:\/\/mannschaft.com\/bimber\/wp-content\/uploads\/2022\/05\/Portugal_Deutschland_71857369.jpg\" alt=\"Fussball\" width=\"1000\" height=\"665\" data-srcset=\"https:\/\/alte.mannschaft.lgbt\/bimber\/wp-content\/uploads\/2022\/05\/Portugal_Deutschland_71857369.jpg 1000w, https:\/\/alte.mannschaft.lgbt\/bimber\/wp-content\/uploads\/2022\/05\/Portugal_Deutschland_71857369-300x200.jpg 300w, https:\/\/alte.mannschaft.lgbt\/bimber\/wp-content\/uploads\/2022\/05\/Portugal_Deutschland_71857369-425x283.jpg 425w, https:\/\/alte.mannschaft.lgbt\/bimber\/wp-content\/uploads\/2022\/05\/Portugal_Deutschland_71857369-768x511.jpg 768w, https:\/\/alte.mannschaft.lgbt\/bimber\/wp-content\/uploads\/2022\/05\/Portugal_Deutschland_71857369-180x120.jpg 180w, https:\/\/alte.mannschaft.lgbt\/bimber\/wp-content\/uploads\/2022\/05\/Portugal_Deutschland_71857369-561x373.jpg 561w, https:\/\/alte.mannschaft.lgbt\/bimber\/wp-content\/uploads\/2022\/05\/Portugal_Deutschland_71857369-265x176.jpg 265w, https:\/\/alte.mannschaft.lgbt\/bimber\/wp-content\/uploads\/2022\/05\/Portugal_Deutschland_71857369-531x353.jpg 531w, https:\/\/alte.mannschaft.lgbt\/bimber\/wp-content\/uploads\/2022\/05\/Portugal_Deutschland_71857369-364x242.jpg 364w, https:\/\/alte.mannschaft.lgbt\/bimber\/wp-content\/uploads\/2022\/05\/Portugal_Deutschland_71857369-728x484.jpg 728w, https:\/\/alte.mannschaft.lgbt\/bimber\/wp-content\/uploads\/2022\/05\/Portugal_Deutschland_71857369-608x404.jpg 608w, https:\/\/alte.mannschaft.lgbt\/bimber\/wp-content\/uploads\/2022\/05\/Portugal_Deutschland_71857369-758x504.jpg 758w, https:\/\/alte.mannschaft.lgbt\/bimber\/wp-content\/uploads\/2022\/05\/Portugal_Deutschland_71857369-72x48.jpg 72w, https:\/\/alte.mannschaft.lgbt\/bimber\/wp-content\/uploads\/2022\/05\/Portugal_Deutschland_71857369-144x96.jpg 144w, https:\/\/alte.mannschaft.lgbt\/bimber\/wp-content\/uploads\/2022\/05\/Portugal_Deutschland_71857369-400x266.jpg 400w\" data-sizes=\"(max-width: 1000px) 100vw, 1000px\" \/><\/a><figcaption id=\"caption-attachment-139705\" class=\"wp-caption-text\">Die deutsche Mannschaft bei der WM-Qualifikation Europa im November 2021 (Foto: Karsten Lauer\/foto2press\/dpa)<\/figcaption><\/figure>\n<p><strong>\u00abWir werden uns jeder Aufgabe stellen\u00bb<\/strong><br \/>\nEine erste Vorbereitung ihres Teams findet vom 5. bis 9. Juni auf dem neuen DFB-Campus in Frankfurt statt. Dabei fehlen &#8211; bis auf die lange verletzte, 31 Jahre alte Popp (113 L\u00e4nderspiele) &#8211; noch die Spielerinnen aus Wolfsburg. Der Meister und Pokalsieger stellt ebenso wie der FC Bayern M\u00fcnchen jeweils acht Spielerinnen im EM-Aufgebot. Dieses wird vor der abschliessenden Massnahme vom 21. bis 29. Juni in Herzogenaurach auf 23 Spielerinnen reduziert. Am 24. Juni steht in Erfurt noch ein Test-L\u00e4nderspiel gegen die Schweiz an.<\/p>\n<p>Einzige Auslandsprofis im Kader sind Mittelfeldakteurin Sara D\u00e4britz von Paris Saint-Germain und Torfrau Ann-Katrin Berger vom FC Chelsea. Dzsenifer Marozsan vom Champions-League-Sieger Olympique Lyon wegen eines Kreuzbandrisses und die schwangere Melanie Leupolz vom FC Chelsea hatten ihre EM-Teilnahme schon l\u00e4nger abgesagt.<\/p>\n<p>Die wahre St\u00e4rke der deutschen Auswahl ist schwer einzusch\u00e4tzen. Zuletzt setzte es in der WM-Qualifikation eine ern\u00fcchternde 2:3-Niederlage in Serbien. Die DFB-Frauen waren bei der WM 2019 im Viertelfinale an Schweden gescheitert und verpassten damit als Olympiasieger von Rio 2016 die Sommerspiele in Tokio. \u00abEs ist eine EM, die sportlich herausfordernd ist. Aber wir werden uns jeder Aufgabe stellen\u00bb, sagte Voss-Tecklenburg.<\/p>\n<p><a href=\"https:\/\/mannschaft.com\/schweizer-nationaltrainer-murat-yakin-kennt-keine-schwulen-fussballer\/\" target=\"_blank\" rel=\"noopener\"><strong>MANNSCHAFT berichtete \u00fcber den Schweizer Nationaltrainer Murat Yakin, der sagt, er kenne keine schwulen Fussballer.<\/strong><\/a><\/p>\n","protected":false},"excerpt":{"rendered":"<p>#Frankfurt &#8211; Bundestrainerin Martina Voss-Tecklenburg nominierte das vorl\u00e4ufige deutsche Aufgebot von 28 Spielerinnen f\u00fcrs #Frauenfussball #EM #Turnier im Juli im #England. <a class=\"g1-link g1-link-more\" href=\"https:\/\/alte.mannschaft.lgbt\/bimber\/fussball-deutsches-team-fuer-frauen-em-in-england-steht\/\">Weiterlesen<\/a><\/p>\n","protected":false},"author":1950,"featured_media":139702,"comment_status":"closed","ping_status":"closed","sticky":false,"template":"","format":"standard","meta":[],"categories":[4447],"tags":[1641,5543],"wps_subtitle":"Bundestrainerin Martina Voss-Tecklenburg nominierte das vorl\u00e4ufige Aufgebot von 28 Spielerinnen f\u00fcrs Turnier im Juli","_links":{"self":[{"href":"https:\/\/alte.mannschaft.lgbt\/bimber\/wp-json\/wp\/v2\/posts\/139700"}],"collection":[{"href":"https:\/\/alte.mannschaft.lgbt\/bimber\/wp-json\/wp\/v2\/posts"}],"about":[{"href":"https:\/\/alte.mannschaft.lgbt\/bimber\/wp-json\/wp\/v2\/types\/post"}],"author":[{"embeddable":true,"href":"https:\/\/alte.mannschaft.lgbt\/bimber\/wp-json\/wp\/v2\/users\/1950"}],"replies":[{"embeddable":true,"href":"https:\/\/alte.mannschaft.lgbt\/bimber\/wp-json\/wp\/v2\/comments?post=139700"}],"version-history":[{"count":5,"href":"https:\/\/alte.mannschaft.lgbt\/bimber\/wp-json\/wp\/v2\/posts\/139700\/revisions"}],"predecessor-version":[{"id":139737,"href":"https:\/\/alte.mannschaft.lgbt\/bimber\/wp-json\/wp\/v2\/posts\/139700\/revisions\/139737"}],"wp:featuredmedia":[{"embeddable":true,"href":"https:\/\/alte.mannschaft.lgbt\/bimber\/wp-json\/wp\/v2\/media\/139702"}],"wp:attachment":[{"href":"https:\/\/alte.mannschaft.lgbt\/bimber\/wp-json\/wp\/v2\/media?parent=139700"}],"wp:term":[{"taxonomy":"category","embeddable":true,"href":"https:\/\/alte.mannschaft.lgbt\/bimber\/wp-json\/wp\/v2\/categories?post=139700"},{"taxonomy":"post_tag","embeddable":true,"href":"https:\/\/alte.mannschaft.lgbt\/bimber\/wp-json\/wp\/v2\/tags?post=139700"}],"curies":[{"name":"wp","href":"https:\/\/api.w.org\/{rel}","templated":true}]}}