{"id":138533,"date":"2022-05-16T16:05:10","date_gmt":"2022-05-16T14:05:10","guid":{"rendered":"https:\/\/mannschaft.com\/?p=138533"},"modified":"2022-05-16T16:37:58","modified_gmt":"2022-05-16T14:37:58","slug":"outinchurch-erwartet-mehr-engagement-von-deutschen-bischoefen","status":"publish","type":"post","link":"https:\/\/alte.mannschaft.lgbt\/bimber\/outinchurch-erwartet-mehr-engagement-von-deutschen-bischoefen\/","title":{"rendered":"Homofreundlicher Generalvikar legt \u00c4mter nieder, wechselt Kirche"},"content":{"rendered":"<h3>Andreas Sturm, Generalvikar des Bistums Speyer, hat seine \u00c4mter niedergelegt und tritt als Priester in die Altkatholische Kirche \u00fcber. Sturm scheide \u00abaus pers\u00f6nlichen Gr\u00fcnden\u00bb aus dem Dienst, soll er dem Speyerer Bischof Karl-Heinz Wiesemann mitgeteilt haben.<\/h3>\n<p>Wiesemann habe den R\u00fccktritt laut Agentur epd \u00abmit grossem Bedauern\u00bb angenommen und Sturm von allen priesterlichen Aufgaben entbunden. Sturm stellte sich mit der Segnung homosexueller Paare einst gegen den Vatikan, der solcherlei Gottesdienste verboten hatte <a href=\"https:\/\/mannschaft.com\/vatikan-verbietet-segensfeiern-fuer-gleichgeschlechtliche-paare\/\" target=\"_blank\" rel=\"noopener\">(MANNSCHAFT berichtete)<\/a>. Zudem sprach er sich f\u00fcr ein Ende des Z\u00f6libats f\u00fcr katholische Priester aus.<\/p>\n<p>Zum Ausscheiden des Generalvikars aus seinem Amt erkl\u00e4rt die Initiative<a href=\"https:\/\/mannschaft.com\/125-mitarbeiterinnen-der-katholischen-kirche-outen-sich-als-queer\/\" target=\"_blank\" rel=\"noopener\"> #OutInChurch<\/a>: \u00abDas Ausscheiden von Andreas Sturm aus seinem Amt macht uns traurig. Es wirft viele Fragen auf, manche von uns l\u00e4sst es auch ratlos zur\u00fcck.\u00bb Der fr\u00fchere Generalvikar von Speyer hatte sich als einer der ersten Vertreter einer Di\u00f6zesanleitung deutlich positiv zu #OutInChurch ge\u00e4ussert.<\/p>\n<p>\u00abWir sahen in ihm einen aufrichtigen Hoffnungstr\u00e4ger und einen wichtigen Verb\u00fcndeten, der sich unter den Generalvikaren nicht nur f\u00fcr die \u00c4nderung des diskriminierenden Dienstrechts eingesetzt hat, sondern der erkannte, dass es grundlegende Reformen in der katholischen Kirche braucht\u00bb, erkl\u00e4rt Pfarrer Bernd M\u00f6nkeb\u00fcscher aus Hamm.<\/p>\n<p><a href=\"https:\/\/mannschaft.com\/segnungsverbot-fuer-homopaare-gegner-uebergeben-unterschriftenliste\/\" target=\"_blank\" rel=\"noopener\">Burkhard Hose<\/a>, Hochschulseelsorger in W\u00fcrzburg erkl\u00e4rt: \u00abDass ein Amtstr\u00e4ger mit Einfluss keine Hoffnung mehr in die Reformf\u00e4higkeit der Kirche setzt und auch f\u00fcr den Synodalen Weg wenig Chancen auf Erfolg sieht, ist mehr als ein Alarmsignal, das nicht \u00fcberh\u00f6rt werden darf.\u00bb<\/p>\n<p>Es erschrecke zudem, wie am gleichen Tag des R\u00fccktritts von Sturm das System durch die Pr\u00e4sentation eines neuen Generalvikars v\u00f6llig ver\u00e4nderungsfrei weiter funktioniert.<\/p>\n<p>Dass dieser Schritt eines Generalvikars solche Aufmerksamkeit erf\u00e4hrt, sei verst\u00e4ndlich. Zugleich weise man darauf hin, dass viele tausende Katholik*innen, seien es ehrenamtlich engagierte, wie hauptberuflich t\u00e4tige Personen, diesen Schritt bereits vor Andreas Sturm gegangen seien. Ebenso viele Katholik*innen spielten mit diesem Gedanken, heisst es in einer Pressemitteilung am Montag.<\/p>\n<p>#OutInChurch betont, man erwarte von den Verantwortlichen im<a href=\"https:\/\/mannschaft.com\/konservative-katholiken-kommen-vom-synodalen-weg-ab\/\" target=\"_blank\" rel=\"noopener\"> Synodalen Weg<\/a> und insbesondere von den Deutschen Bisch\u00f6fen, dass sie sich deutlicher und pers\u00f6nlicher als bisher f\u00fcr den Reformweg einsetzen.<\/p>\n<p>\u00abWir haben grossen Respekt vor dem Schritt, den Andreas Sturm gegangen ist. Er hat sich f\u00fcr die Wahrhaftigkeit entschieden. Das verbindet ihn auch weiterhin mit vielen von uns, die mit der Aktion #OutInChurch auf ihre Weise den Weg des aufrechten Gangs f\u00fcr sich gew\u00e4hlt haben.\u00bb<\/p>\n","protected":false},"excerpt":{"rendered":"<p>#Speyer Generalvikar Andreas Sturm hat seine \u00c4mter niedergelegt und tritt als Priester in die Altkatholische Kirche \u00fcber. Sturm hatte sich mit der Segnung von #homosexuellen Paare gegen den #Vatikan gestellt <a class=\"g1-link g1-link-more\" href=\"https:\/\/alte.mannschaft.lgbt\/bimber\/outinchurch-erwartet-mehr-engagement-von-deutschen-bischoefen\/\">Weiterlesen<\/a><\/p>\n","protected":false},"author":1,"featured_media":138534,"comment_status":"closed","ping_status":"closed","sticky":false,"template":"","format":"standard","meta":[],"categories":[3],"tags":[5442,5512],"wps_subtitle":"#OutInChurch erwartet mehr Engagement von deutschen Bisch\u00f6fen","_links":{"self":[{"href":"https:\/\/alte.mannschaft.lgbt\/bimber\/wp-json\/wp\/v2\/posts\/138533"}],"collection":[{"href":"https:\/\/alte.mannschaft.lgbt\/bimber\/wp-json\/wp\/v2\/posts"}],"about":[{"href":"https:\/\/alte.mannschaft.lgbt\/bimber\/wp-json\/wp\/v2\/types\/post"}],"author":[{"embeddable":true,"href":"https:\/\/alte.mannschaft.lgbt\/bimber\/wp-json\/wp\/v2\/users\/1"}],"replies":[{"embeddable":true,"href":"https:\/\/alte.mannschaft.lgbt\/bimber\/wp-json\/wp\/v2\/comments?post=138533"}],"version-history":[{"count":10,"href":"https:\/\/alte.mannschaft.lgbt\/bimber\/wp-json\/wp\/v2\/posts\/138533\/revisions"}],"predecessor-version":[{"id":138545,"href":"https:\/\/alte.mannschaft.lgbt\/bimber\/wp-json\/wp\/v2\/posts\/138533\/revisions\/138545"}],"wp:featuredmedia":[{"embeddable":true,"href":"https:\/\/alte.mannschaft.lgbt\/bimber\/wp-json\/wp\/v2\/media\/138534"}],"wp:attachment":[{"href":"https:\/\/alte.mannschaft.lgbt\/bimber\/wp-json\/wp\/v2\/media?parent=138533"}],"wp:term":[{"taxonomy":"category","embeddable":true,"href":"https:\/\/alte.mannschaft.lgbt\/bimber\/wp-json\/wp\/v2\/categories?post=138533"},{"taxonomy":"post_tag","embeddable":true,"href":"https:\/\/alte.mannschaft.lgbt\/bimber\/wp-json\/wp\/v2\/tags?post=138533"}],"curies":[{"name":"wp","href":"https:\/\/api.w.org\/{rel}","templated":true}]}}