{"id":138512,"date":"2022-05-16T13:20:32","date_gmt":"2022-05-16T11:20:32","guid":{"rendered":"https:\/\/mannschaft.com\/?p=138512"},"modified":"2022-05-16T15:40:51","modified_gmt":"2022-05-16T13:40:51","slug":"pastor-olaf-latzel-verteidiger-plaedieren-auf-freispruch","status":"publish","type":"post","link":"https:\/\/alte.mannschaft.lgbt\/bimber\/pastor-olaf-latzel-verteidiger-plaedieren-auf-freispruch\/","title":{"rendered":"Pastor Olaf Latzel: Verteidiger pl\u00e4dieren auf Freispruch"},"content":{"rendered":"<h3>In einem Berufungsprozess wegen Volksverhetzung hat die Staatsanwaltschaft erneut einen Schuldspruch gegen den Bremer Pastor Olaf Latzel gefordert. Zwei Verteidiger des evangelischen Geistlichen pl\u00e4dierten dagegen am Montag auf Freispruch.<\/h3>\n<p>Der konservative Theologe hatte 2019 bei einem Eheseminar abwertende \u00c4usserungen \u00fcber Homosexuelle und Gendertheorien gemacht, die das Amtsgericht 2020 als Volksverhetzung einstufte <a href=\"https:\/\/mannschaft.com\/gutachter-bibel-deckt-latzel-aeusserungen-gegen-homosexuelle\/\" target=\"_blank\" rel=\"noopener\">(MANNSCHAFT berichtete)<\/a>.<\/p>\n<p>\u00abIch wollte niemanden und werde niemanden als Mensch diskreditieren\u00bb, sagte Latzel in seinem Schlusswort. Die Vertreterin des Staatsanwaltschaft hielt ihm dagegen seine \u00c4usserungen vor wie: \u00ab\u00dcberall laufen diese Verbrecher rum vom CSD\u00bb. Damit werde zu Hass aufgestachelt und \u00abunmittelbar in die Menschenw\u00fcrde einzelner Menschen eingegriffen\u00bb.<\/p>\n<p>Die Verteidigung argumentierte, dass die theologische Einstellung des 54-J\u00e4hrigen zu Homosexualit\u00e4t bibelkonform sei. Die \u00c4usserungen seien erst ein halbes Jahr sp\u00e4ter im Internet \u00f6ffentlich gemacht worden und nach Bekanntwerden von Kritik auch sofort wieder zur\u00fcckgezogen worden.<\/p>\n<p>Latzel soll dagegen nach Forderung der Staatsanwaltschaft auch im Berufungsverfahren schuldig gesprochen werden. Er habe mit hetzerischen \u00c4usserungen \u00fcber Homosexuelle \u00abunmittelbar in die Menschenw\u00fcrde einzelner Menschen eingegriffen\u00bb, sagte die Vertreterin der Anklage am Montag in ihrem Pl\u00e4doyer.<\/p>\n<p>Ein Urteil des Landgerichts ist f\u00fcr kommenden Freitag angesetzt. <a href=\"https:\/\/mannschaft.com\/olaf-latzel-bin-zutiefst-gegen-die-ausgrenzung-von-menschen\/\" target=\"_blank\" rel=\"noopener\">(MANNSCHAFT berichtete dar\u00fcber, dass der Pastor angeblich zutiefst gegen die Ausgrenzung von Menschen sei.)<\/a><\/p>\n","protected":false},"excerpt":{"rendered":"<p>#Bremen:  Die Verteidiger von Pastor #OlafLatzel pl\u00e4dieren vorm Landgericht auf Freispruch. Die Verteidigung argumentierte, dass die theologische Einstellung des 54-J\u00e4hrigen zu Homosexualit\u00e4t bibelkonform sei.  <a class=\"g1-link g1-link-more\" href=\"https:\/\/alte.mannschaft.lgbt\/bimber\/pastor-olaf-latzel-verteidiger-plaedieren-auf-freispruch\/\">Weiterlesen<\/a><\/p>\n","protected":false},"author":1950,"featured_media":0,"comment_status":"closed","ping_status":"closed","sticky":false,"template":"","format":"standard","meta":[],"categories":[3,4701],"tags":[5461,5512],"wps_subtitle":"Am Freitag soll das Urteil vorm Bremer Landgericht fallen","_links":{"self":[{"href":"https:\/\/alte.mannschaft.lgbt\/bimber\/wp-json\/wp\/v2\/posts\/138512"}],"collection":[{"href":"https:\/\/alte.mannschaft.lgbt\/bimber\/wp-json\/wp\/v2\/posts"}],"about":[{"href":"https:\/\/alte.mannschaft.lgbt\/bimber\/wp-json\/wp\/v2\/types\/post"}],"author":[{"embeddable":true,"href":"https:\/\/alte.mannschaft.lgbt\/bimber\/wp-json\/wp\/v2\/users\/1950"}],"replies":[{"embeddable":true,"href":"https:\/\/alte.mannschaft.lgbt\/bimber\/wp-json\/wp\/v2\/comments?post=138512"}],"version-history":[{"count":5,"href":"https:\/\/alte.mannschaft.lgbt\/bimber\/wp-json\/wp\/v2\/posts\/138512\/revisions"}],"predecessor-version":[{"id":138531,"href":"https:\/\/alte.mannschaft.lgbt\/bimber\/wp-json\/wp\/v2\/posts\/138512\/revisions\/138531"}],"wp:attachment":[{"href":"https:\/\/alte.mannschaft.lgbt\/bimber\/wp-json\/wp\/v2\/media?parent=138512"}],"wp:term":[{"taxonomy":"category","embeddable":true,"href":"https:\/\/alte.mannschaft.lgbt\/bimber\/wp-json\/wp\/v2\/categories?post=138512"},{"taxonomy":"post_tag","embeddable":true,"href":"https:\/\/alte.mannschaft.lgbt\/bimber\/wp-json\/wp\/v2\/tags?post=138512"}],"curies":[{"name":"wp","href":"https:\/\/api.w.org\/{rel}","templated":true}]}}