{"id":138481,"date":"2022-05-16T12:38:56","date_gmt":"2022-05-16T10:38:56","guid":{"rendered":"https:\/\/mannschaft.com\/?p=138481"},"modified":"2022-05-17T08:14:20","modified_gmt":"2022-05-17T06:14:20","slug":"wien-vortragsreihe-zu-homosexualitaet-und-nationalsozialismus","status":"publish","type":"post","link":"https:\/\/alte.mannschaft.lgbt\/bimber\/wien-vortragsreihe-zu-homosexualitaet-und-nationalsozialismus\/","title":{"rendered":"Wien: Vortragsreihe zu Homosexualit\u00e4t und Nationalsozialismus"},"content":{"rendered":"<h3>Verteilt auf verschiedene Orte in Wien bespricht die Vortragsreihe \u00abHomosexualit\u00e4t und Nationalsozialismus\u00bb des QWIEN (Zentrum f\u00fcr queere Geschichte) unterschiedliche Fragen des Strafrechts und der Verfolgung, der T\u00e4ter*innenschaft sowie der Schicksale der Opfer in Wien 1938-1945.<\/h3>\n<p>Los geht\u2019s am 25. Mai mit einem Einf\u00fchrungsvortrag von Andreas Brunner und Hannes Sulzenbacher zur Geschichte der Homosexuellenverfolgung in der NS-Zeit in Wien. Die Veranstaltung findet in der Urania statt. <a href=\"https:\/\/mannschaft.com\/grab-von-schwulem-ns-opfer-in-wien-geschaendet\/\" target=\"_blank\" rel=\"noopener\">(MANNSCHAFT berichtete \u00fcber den schwulen Franz Doms, der 21-j\u00e4hrig von den Nazis hingerichtet wurde und dessen Grab k\u00fcrzlich gesch\u00e4ndet wurde.)<\/a><\/p>\n<p>Im Juni spricht dann Johann Kirchknopf \u00fcber \u00abRegional- und mikrogeschichtliche Perspektiven auf nationalsozialistische Massnahmen zur Bek\u00e4mpfung der Homosexualit\u00e4t und deren Umsetzung in Wien\u00bb in der Buchhandlung L\u00f6wenherz.<\/p>\n<p>Ebenfalls im Juni referiert Magdalena Bauer zu \u00abEnthemmten und gez\u00fcgelten Trieben. Psychiatrische Gerichtsgutachten \u00fcber homosexuelle Personen in der Zeit des Nationalsozialismus\u00bb im Bezirksmuseum Wieden. <a href=\"https:\/\/mannschaft.com\/ein-zweites-zuhause-im-queeren-jugendzentrum-wien\/\" target=\"_blank\" rel=\"noopener\">(MANNSCHAFT berichtete \u00fcber das neue queere Jugendzentrum in Wien.)<\/a><\/p>\n<p>Weitere Vortr\u00e4ge sind f\u00fcr den Herbst geplant. Alle Einzelheiten finden sich <a href=\"https:\/\/www.qwien.at\/2022\/05\/12\/vortsragsreihe-homosexualitaet-und-nationalsozialismus\/\" target=\"_blank\" rel=\"noopener\">hier<\/a>.<\/p>\n","protected":false},"excerpt":{"rendered":"<p>#Wien: Das #QWIEN \u2013 als Zentrum f\u00fcr queere Geschichte \u2013 besch\u00e4ftigt sich in einer neuen Vortragsreihe mit der Homosexuellenverfolgung in Wien zwischen 1938 und 1945. #LGBTIQ #Nationalsozialismus #Verfolgung <a class=\"g1-link g1-link-more\" href=\"https:\/\/alte.mannschaft.lgbt\/bimber\/wien-vortragsreihe-zu-homosexualitaet-und-nationalsozialismus\/\">Weiterlesen<\/a><\/p>\n","protected":false},"author":1,"featured_media":138483,"comment_status":"closed","ping_status":"closed","sticky":false,"template":"","format":"standard","meta":[],"categories":[4701,2527],"tags":[5461,567],"wps_subtitle":"QWIEN \u2013 das Zentrum f\u00fcr queere Geschichte \u2013 besch\u00e4ftigt sich mit der Homosexuellenverfolgung zwischen 1938 und 1945","_links":{"self":[{"href":"https:\/\/alte.mannschaft.lgbt\/bimber\/wp-json\/wp\/v2\/posts\/138481"}],"collection":[{"href":"https:\/\/alte.mannschaft.lgbt\/bimber\/wp-json\/wp\/v2\/posts"}],"about":[{"href":"https:\/\/alte.mannschaft.lgbt\/bimber\/wp-json\/wp\/v2\/types\/post"}],"author":[{"embeddable":true,"href":"https:\/\/alte.mannschaft.lgbt\/bimber\/wp-json\/wp\/v2\/users\/1"}],"replies":[{"embeddable":true,"href":"https:\/\/alte.mannschaft.lgbt\/bimber\/wp-json\/wp\/v2\/comments?post=138481"}],"version-history":[{"count":5,"href":"https:\/\/alte.mannschaft.lgbt\/bimber\/wp-json\/wp\/v2\/posts\/138481\/revisions"}],"predecessor-version":[{"id":138549,"href":"https:\/\/alte.mannschaft.lgbt\/bimber\/wp-json\/wp\/v2\/posts\/138481\/revisions\/138549"}],"wp:featuredmedia":[{"embeddable":true,"href":"https:\/\/alte.mannschaft.lgbt\/bimber\/wp-json\/wp\/v2\/media\/138483"}],"wp:attachment":[{"href":"https:\/\/alte.mannschaft.lgbt\/bimber\/wp-json\/wp\/v2\/media?parent=138481"}],"wp:term":[{"taxonomy":"category","embeddable":true,"href":"https:\/\/alte.mannschaft.lgbt\/bimber\/wp-json\/wp\/v2\/categories?post=138481"},{"taxonomy":"post_tag","embeddable":true,"href":"https:\/\/alte.mannschaft.lgbt\/bimber\/wp-json\/wp\/v2\/tags?post=138481"}],"curies":[{"name":"wp","href":"https:\/\/api.w.org\/{rel}","templated":true}]}}