{"id":138228,"date":"2022-05-17T07:51:41","date_gmt":"2022-05-17T05:51:41","guid":{"rendered":"https:\/\/mannschaft.com\/?p=138228"},"modified":"2022-05-17T15:42:23","modified_gmt":"2022-05-17T13:42:23","slug":"diese-veranstaltungen-und-demos-gibts-zum-idahobit-2022","status":"publish","type":"post","link":"https:\/\/alte.mannschaft.lgbt\/bimber\/diese-veranstaltungen-und-demos-gibts-zum-idahobit-2022\/","title":{"rendered":"Diese Veranstaltungen und Demos gibt&#8217;s zum IDAHOBIT 2022"},"content":{"rendered":"<h3>Zum International Day Against Homophobia, Biphobia, Interphobia and Transphobia am 17. Mai finden in Deutschland, \u00d6sterreich und der Schweiz mehrere Veranstaltungen statt. MANNSCHAFT gibt einen kurzen \u00dcberblick.<\/h3>\n<p><strong>Berlin<\/strong><br \/>\nDie <a href=\"http:\/\/www.grundgesetz-fuer-alle.de\">Initiative Grundgesetz f\u00fcr Alle (GFA)<\/a> plant unterst\u00fctz von Queer Eye Germany eine Aktion vor dem Deutschen Bundestag in Berlin. Vertreter*innen der Initiative \u00fcbergeben mehr als 10.000 Postkarten an die Fraktionsvorsitzenden des Deutschen Bundestages, die mit der Forderung versehen sind, den <a href=\"https:\/\/mannschaft.com\/mehrheit-der-deutschen-will-lgbtiq-schutz-im-grundgesetz\/\">Artikel 3 des Deutschen Grundgesetzes<\/a> zum Schutz der sexuellen sowie geschlechtlichen Identit\u00e4t zu erg\u00e4nzen.<\/p>\n<p>Ausserdem werden 1.051 Regenbogenflaggen als ein Zeichen gegen die zunehmende Gewalt gegen\u00fcber queeren Menschen in Deutschland gehisst \u2013 sie stehen stellvertretend f\u00fcr die 1.051 queerfeindliche \u00dcbergriffe in Deutschland, darunter auch Morde, die allein im Jahr 2021 ver\u00fcbt wurden (<a href=\"https:\/\/mannschaft.com\/idahobit-eu-pandemie-steigert-gewalt-gegen-lgbtiq\/\">MANNSCHAFT berichtete \u00fcber die gesteigerte Gewalt in der Pandemie<\/a>). Beginn ist morgens um 10 Uhr vor dem Reichstagsgeb\u00e4ude.<\/p>\n<p>Weiter wird die Senatorin f\u00fcr Justiz, Vielfalt und Antidiskriminierung, Lena Kreck, gemeinsam mit Evelina Chayka von <a href=\"http:\/\/www.quarteera.de\/\">Quarteera e.V.<\/a> die progressive Pride Flag im Beisein von Aktivist*innen um circa 13 Uhr vor dem Senatsgeb\u00e4ude in der Salzburger Strasse 21-25 hissen.<\/p>\n<p>Auch das schwule Anti-Gewalt-Projekt MANEO l\u00e4dt um 13.30 Uhr zur <a href=\"https:\/\/www.facebook.com\/events\/733467071019022?ref=newsfeed\" target=\"_blank\" rel=\"noopener\">Kundgebung<\/a> am Nollendorfplatz ein, als Redner wurde u.a. der Queer-Beauftragte der deutschen Bundesregierung, <a href=\"https:\/\/mannschaft.com\/bundesregierung-beruft-sven-lehmann-zum-queer-beauftragten\/\" target=\"_blank\" rel=\"noopener\">Sven Lehmann<\/a>, angek\u00fcndigt.<\/p>\n<p><strong>Bern<\/strong><br \/>\nHier organisiert die Universit\u00e4t Bern ab 17.15 Uhr eine \u00f6ffentliche Veranstaltung zum Thema <a href=\"https:\/\/www.unibe.ch\/universitaet\/portraet\/selbstverstaendnis\/gleichstellung\/veranstaltungen\/idahobit\/index_ger.html\">\u00abLGBTIQ+ an der Universit\u00e4t Bern\u00bb<\/a> mit Redebeitr\u00e4gen und Diskussionspanel im Kuppelraum des Hauptgeb\u00e4udes. Ab 19 Uhr findet dann im Foyer der UniS ein Vernetzungsap\u00e9ro f\u00fcr LGBTIQ-Mitarbeitende und -Studierende statt.<\/p>\n<p><strong>Frankfurt\/Main<br \/>\n<\/strong>Der <a href=\"http:\/\/www.maincheck.de\">Aktionstag<\/a> in Frankfurt findet unter dem Motto \u00abMehr Schutz f\u00fcr queere Menschen\u00bb statt. Ab 16.30 Uhr bricht daf\u00fcr ein Trauermarsch vom R\u00f6merberg zum \u00abFrankfurter Engel\u00bb, dem Mahnmal der Homosexuellenverfolgung, am Klaus-Mann-Platz auf und soll jenen Gedenken, die Gewalt zum Opfer fielen. Im Rahmen der Kranzniederlegung werden dort sowohl die B\u00fcrgermeisterin und Dezernentin f\u00fcr Diversit\u00e4t, Antidiskriminierung und gesellschaftlichen Zusammenhalt, Nargess Eskandari-Gr\u00fcnberg, sowie das Vorstandsmitglied Christian Setzepfandt der AHF sprechen.<\/p>\n<p><strong>K\u00f6ln<br \/>\n<\/strong>Die Initiative Liebesleben der Bundeszentrale f\u00fcr gesundheitliche Aufkl\u00e4rung (BZgA) erg\u00e4nzt zum 17. Mai ihr <a href=\"http:\/\/www.liebesleben.de\/fuer-alle\/online-beratung\/\">Onlineberatungsangebot<\/a> um eine Telefonberatung zum Schutz vor <a href=\"https:\/\/mannschaft.com\/deutschland-verbietet-konversionsbehandlungen\/\">\u00abKonversionsbehandlungen\u00bb<\/a> sowie zur Aufkl\u00e4rung \u00fcber sexuelle und geschlechtliche Vielfalt. Unter der Nummer 0221\/8992 876 ist ein Beratungsteam kostenlos und anonym montags bis donnerstags von 12 bis 16 Uhr erreichbar. (<a href=\"https:\/\/mannschaft.com\/aussenminister-heiko-maas-zum-idahobit-liebe-ist-kein-verbrechen\/\">MANNSCHAFT \u00fcber Heiko Maas und seine Botschaft zum letztj\u00e4hrigen IDAHOBIT<\/a>)<\/p>\n<p><strong>M\u00fcnchen<\/strong><br \/>\nDie M\u00fcnchner LGBTIQ-Community fordert ebenso wie in den anderen Bundesl\u00e4ndern auch in Bayern einen Aktionsplan gegen Homo- und Transphobie und hat daf\u00fcr eine <a href=\"https:\/\/action.allout.org\/de\/m\/911d506e\/\">Petition<\/a> gestartet. Weiter soll vom<a href=\"https:\/\/subonline.org\/\"> Schwul-Queeren Zentrum Sub<\/a> organisiert ein Demonstrationszug durchs Glockenbachviertel f\u00fchren, der 19.30 Uhr nach einer Kundgebung Ecke Thalkirchner Strasse\/M\u00fcllerstrasse startet.<\/p>\n<p><strong>Stuttgart<\/strong><br \/>\nDer CSD Stuttgart organisiert gemeinsam mit dem Projekt 100% MENSCH und dem LSVD Baden-W\u00fcrttemberg von 11 bis 19 Uhr einen Aktionstag unter dem Motto \u00abStop hating us!\u00bb. Neben einem Infostand auf dem Stuttgarter Schlossplatz wird es dort zudem um 17 Uhr eine Kundgebung mit zahlreichen Vertreter*innen aus Community und Politik geben.<\/p>\n<p><strong>Wien<br \/>\n<\/strong>In \u00d6sterreich steht der IDAHOBIT in diesem Jahr <a href=\"https:\/\/www.hosiwien.at\/idahobit-2022-we-walk-in-solidarity\/\">im Zeichen der Solidarit\u00e4t<\/a> mit der ukrainischen LGBTIQ-Community, die durch den Krieg noch einmal besonders bedroht wird. Ausgehend vom Christian-Broda-Platz am Westbahnhof soll daher ein Demonstrationszug starten, der ab 18 Uhr \u00fcber die Mariahilfer Strasse bis zum Platz der Menschenrechte (beim Museumsquartier) f\u00fchrt.<\/p>\n<p><strong>W\u00fcrzburg<\/strong><br \/>\nMit dem <a href=\"http:\/\/www.queerpridewue.de\">Queer Pride<\/a> m\u00f6chte W\u00fcrzburg ein besonderes Zeichen gegen Gewalt setzen und gemeinsam f\u00fcr Menschenrechte, Vielfalt und Respekt demonstrieren. Geplant ist ein Info-Stand am Sternplatz von 17 bis 19 Uhr. Zus\u00e4tzlich ist eine Postkartenaktion angedacht, und eine grosse Pride-Flagge soll am Markt gehisst werden.<\/p>\n<p><em><strong>Fehlt die IDAHOBIT-Veranstaltung in deiner Stadt? Dann schick uns die Infos an redaktion (at) mannschaft.com.<\/strong><\/em><\/p>\n","protected":false},"excerpt":{"rendered":"<p>Zum #IDAHOBIT am 17. Mai finden in Deutschland, \u00d6sterreich u. der Schweiz mehrere Veranstaltungen. Hier ein kleiner \u00dcberblick #queer #LGBTIQ #Wien #Bern #Berlin #M\u00fcnchen #Stuttgart <a class=\"g1-link g1-link-more\" href=\"https:\/\/alte.mannschaft.lgbt\/bimber\/diese-veranstaltungen-und-demos-gibts-zum-idahobit-2022\/\">Weiterlesen<\/a><\/p>\n","protected":false},"author":1,"featured_media":110567,"comment_status":"closed","ping_status":"closed","sticky":false,"template":"","format":"standard","meta":[],"categories":[3,2527,1340],"tags":[128,696,5466,5507,567],"wps_subtitle":"Aktionstag am 17. Mai: \u00abMehr Schutz f\u00fcr queere Menschen\u00bb","_links":{"self":[{"href":"https:\/\/alte.mannschaft.lgbt\/bimber\/wp-json\/wp\/v2\/posts\/138228"}],"collection":[{"href":"https:\/\/alte.mannschaft.lgbt\/bimber\/wp-json\/wp\/v2\/posts"}],"about":[{"href":"https:\/\/alte.mannschaft.lgbt\/bimber\/wp-json\/wp\/v2\/types\/post"}],"author":[{"embeddable":true,"href":"https:\/\/alte.mannschaft.lgbt\/bimber\/wp-json\/wp\/v2\/users\/1"}],"replies":[{"embeddable":true,"href":"https:\/\/alte.mannschaft.lgbt\/bimber\/wp-json\/wp\/v2\/comments?post=138228"}],"version-history":[{"count":16,"href":"https:\/\/alte.mannschaft.lgbt\/bimber\/wp-json\/wp\/v2\/posts\/138228\/revisions"}],"predecessor-version":[{"id":138258,"href":"https:\/\/alte.mannschaft.lgbt\/bimber\/wp-json\/wp\/v2\/posts\/138228\/revisions\/138258"}],"wp:featuredmedia":[{"embeddable":true,"href":"https:\/\/alte.mannschaft.lgbt\/bimber\/wp-json\/wp\/v2\/media\/110567"}],"wp:attachment":[{"href":"https:\/\/alte.mannschaft.lgbt\/bimber\/wp-json\/wp\/v2\/media?parent=138228"}],"wp:term":[{"taxonomy":"category","embeddable":true,"href":"https:\/\/alte.mannschaft.lgbt\/bimber\/wp-json\/wp\/v2\/categories?post=138228"},{"taxonomy":"post_tag","embeddable":true,"href":"https:\/\/alte.mannschaft.lgbt\/bimber\/wp-json\/wp\/v2\/tags?post=138228"}],"curies":[{"name":"wp","href":"https:\/\/api.w.org\/{rel}","templated":true}]}}