{"id":138215,"date":"2022-05-13T09:02:29","date_gmt":"2022-05-13T07:02:29","guid":{"rendered":"https:\/\/mannschaft.com\/?p=138215"},"modified":"2022-05-13T09:06:16","modified_gmt":"2022-05-13T07:06:16","slug":"sp-nationalraetin-celine-widmer-will-mehr-mut-zum-gendern","status":"publish","type":"post","link":"https:\/\/alte.mannschaft.lgbt\/bimber\/sp-nationalraetin-celine-widmer-will-mehr-mut-zum-gendern\/","title":{"rendered":"SP-Nationalr\u00e4tin C\u00e9line Widmer will mehr Mut zum Gendern"},"content":{"rendered":"<h3>Die SP-Nationalr\u00e4tin C\u00e9line Widmer will trans-inklusive Sprache in der Bundesverwaltung umsetzen, etwa durch den Gebrauch von Genderstern oder den Genderdoppelpunkt.<\/h3>\n<p>\u00abDas generische Maskulin (B\u00fcrger) ist nicht zul\u00e4ssig. F\u00fcr die Bundeskanzlei steht dabei ausser Frage, dass auch dort, wo in Texten des Bundes Paarformen (B\u00fcrgerinnen und B\u00fcrger) verwendet werden, alle Geschlechtsidentit\u00e4ten gemeint sind. Die deutsche Sprache hat bislang keine Mittel herausgebildet, die es erlauben w\u00fcrden, auch Geschlechtsidentit\u00e4ten ausserhalb des bin\u00e4ren Modells in solchen Formulierungen ausdr\u00fccklich zu erw\u00e4hnen\u00bb \u2013 So heisst es in einem <a href=\"https:\/\/www.bk.admin.ch\/dam\/bk\/de\/dokumente\/sprachdienste\/sprachdienst_de\/20210615_Weisung%20der%20BK%20zum%20Genderstern.pdf.download.pdf\/20210615_Weisung%20der%20BK%20zum%20Genderstern.pdf\" target=\"_blank\" rel=\"noopener\">Leitfaden<\/a> zum geschlechtergerechten Formulieren von Texten des Bundes, den die Bundeskanzlei im Juni des letzten Jahr publizierte.<\/p>\n<p>Jetzt wird es konkreter: SP-Nationalr\u00e4tin C\u00e9line Widmer fordert in einem Postulat den Bundesrat auf, zu pr\u00fcfen, wie eine trans-inklusive Sprache in der Bundesverwaltung umgesetzt werden kann. Damit auch trans oder non-bin\u00e4re Personen angesprochen sind.<\/p>\n<blockquote class=\"twitter-tweet\">\n<p dir=\"ltr\" lang=\"de\">Das Verbot des Gendersterns der Bundeskanzlei ist schlicht nicht zeitgem\u00e4ss. <a href=\"https:\/\/t.co\/R9xqggKeXy\">https:\/\/t.co\/R9xqggKeXy<\/a> via <a href=\"https:\/\/twitter.com\/watson_news?ref_src=twsrc%5Etfw\">@watson_news<\/a> von <a href=\"https:\/\/twitter.com\/Sara_Sera_?ref_src=twsrc%5Etfw\">@sara_sera_<\/a><\/p>\n<p>\u2014 C\u00e9line Widmer (@CelineWidmer1) <a href=\"https:\/\/twitter.com\/CelineWidmer1\/status\/1524710623258550272?ref_src=twsrc%5Etfw\">May 12, 2022<\/a><\/p><\/blockquote>\n<p><script async src=\"https:\/\/platform.twitter.com\/widgets.js\" charset=\"utf-8\"><\/script><\/p>\n<p>Dass die Bundeskanzlei typografische Mittel wie Genderstern oder den Genderdoppelpunkt ablehnt, kann SP-Nationalr\u00e4tin Widmer laut einem Bericht von <a href=\"https:\/\/www.watson.ch\/!185190031?\" target=\"_blank\" rel=\"noopener\"><em>Watson<\/em> <\/a>nicht nachvollziehen: \u00abEinerseits anerkennen sie das Bed\u00fcrfnis, sprechen aber ein Verbot aus, den Genderstern zu benutzen.\u00bb Schliesslich verwendeten Universit\u00e4ten oder die Stadt Bern den Genderstern bereits.<\/p>\n<p>Widmer legt sich nicht fest, welches typografische Zeichen man am Schluss benutzen k\u00f6nnte. Hauptsache man schaffe eine trans-inklusive Sprache. \u00abEs nicht einmal zu versuchen, finde ich mutlos und ein Kniefall vor genau jenen, die sich grunds\u00e4tzlich gegen eine gendergerechte Sprache aussprechen.\u00bb<\/p>\n<p>Im Leitfaden des letzten Jahres hiess es, Genderstern, Genderdoppelpunkt, der Gender-Gap und Gender-Mediopunkt seien \u00abnicht geeignet\u00bb, dem Anliegen gerecht zu werden: Sie verursachten eine ganze Reihe von sprachlichen, hiess es: Ausserdem spr\u00e4chen \u00absprachpolitische und rechtliche Gr\u00fcnde\u00bb gegen die Verwendung dieser Zeichen.<\/p>\n<p>Ob sich Widmer durchsetzen kann, wird sich zeigen. Der St. Galler SVP-Nationalrat Mike Egger erkl\u00e4rt schon im letzten Sommer laut <a href=\"https:\/\/www.srf.ch\/news\/schweiz\/geschlechtergerechte-sprache-genderstern-ist-in-der-bundesverwaltung-bereits-verglueht\" target=\"_blank\" rel=\"noopener\">SRF<\/a>: Es k\u00f6nnten geschlechterabstrakte oder geschlechtsneutrale Formen verwendet werden: \u00abDamit sollte eigentlich der ganzen Sache Rechnung getragen sein.\u00bb<\/p>\n<p>Sein FDP-Ratskollege Andri Silberschmidt verlangte \u00ablesefreundliche L\u00f6sungen\u00bb und sagte damals: Alle sollten so schreiben, wie sie wollten.<\/p>\n","protected":false},"excerpt":{"rendered":"<p>SP-Nationalr\u00e4tin @CelineWidmer1 will #trans-inklusive Sprache in der Bundesverwaltung umsetzen. Es nicht zu versuchen, findet sie mutlos. #Gendern #Genderstern <a class=\"g1-link g1-link-more\" href=\"https:\/\/alte.mannschaft.lgbt\/bimber\/sp-nationalraetin-celine-widmer-will-mehr-mut-zum-gendern\/\">Weiterlesen<\/a><\/p>\n","protected":false},"author":1,"featured_media":138217,"comment_status":"closed","ping_status":"closed","sticky":false,"template":"","format":"standard","meta":[],"categories":[1340],"tags":[4527,5507],"wps_subtitle":"Ihr Ziel: eine trans-inklusive Sprache","_links":{"self":[{"href":"https:\/\/alte.mannschaft.lgbt\/bimber\/wp-json\/wp\/v2\/posts\/138215"}],"collection":[{"href":"https:\/\/alte.mannschaft.lgbt\/bimber\/wp-json\/wp\/v2\/posts"}],"about":[{"href":"https:\/\/alte.mannschaft.lgbt\/bimber\/wp-json\/wp\/v2\/types\/post"}],"author":[{"embeddable":true,"href":"https:\/\/alte.mannschaft.lgbt\/bimber\/wp-json\/wp\/v2\/users\/1"}],"replies":[{"embeddable":true,"href":"https:\/\/alte.mannschaft.lgbt\/bimber\/wp-json\/wp\/v2\/comments?post=138215"}],"version-history":[{"count":2,"href":"https:\/\/alte.mannschaft.lgbt\/bimber\/wp-json\/wp\/v2\/posts\/138215\/revisions"}],"predecessor-version":[{"id":138218,"href":"https:\/\/alte.mannschaft.lgbt\/bimber\/wp-json\/wp\/v2\/posts\/138215\/revisions\/138218"}],"wp:featuredmedia":[{"embeddable":true,"href":"https:\/\/alte.mannschaft.lgbt\/bimber\/wp-json\/wp\/v2\/media\/138217"}],"wp:attachment":[{"href":"https:\/\/alte.mannschaft.lgbt\/bimber\/wp-json\/wp\/v2\/media?parent=138215"}],"wp:term":[{"taxonomy":"category","embeddable":true,"href":"https:\/\/alte.mannschaft.lgbt\/bimber\/wp-json\/wp\/v2\/categories?post=138215"},{"taxonomy":"post_tag","embeddable":true,"href":"https:\/\/alte.mannschaft.lgbt\/bimber\/wp-json\/wp\/v2\/tags?post=138215"}],"curies":[{"name":"wp","href":"https:\/\/api.w.org\/{rel}","templated":true}]}}