{"id":132625,"date":"2022-03-10T13:39:35","date_gmt":"2022-03-10T12:39:35","guid":{"rendered":"https:\/\/mannschaft.com\/?p=132625"},"modified":"2022-05-25T14:11:50","modified_gmt":"2022-05-25T12:11:50","slug":"orban-vertraute-wird-staatspraesidentin-in-ungarn","status":"publish","type":"post","link":"https:\/\/alte.mannschaft.lgbt\/bimber\/orban-vertraute-wird-staatspraesidentin-in-ungarn\/","title":{"rendered":"Homophobe Vertraute von Viktor Orb\u00e1n wird Staatspr\u00e4sidentin in Ungarn"},"content":{"rendered":"<h3>Mit den Stimmen der rechten Regierungsmehrheit hat das ungarische Parlament die ehemalige Familienministerin Katalin Novak als erste Frau in der Geschichte des Landes zum Staatsoberhaupt gew\u00e4hlt.<\/h3>\n<p>Die Vertraute des m\u00e4chtigen <a href=\"https:\/\/mannschaft.com\/der-schicksalstag-fuer-viktor-orban-steht-fest\/\" target=\"_blank\" rel=\"noopener\">Ministerpr\u00e4sidenten Viktor Orban<\/a> erhielt 137 Stimmen und damit die f\u00fcr einen Sieg im ersten Wahlgang erforderliche Zweidrittelmehrheit. Auf den Z\u00e4hlkandidaten der Opposition, den in England lehrenden Wirtschaftsprofessor Peter Ronai, entfielen 51 Stimmen.<\/p>\n<p>Novak war vor ihrer Nominierung Vize-Pr\u00e4sidentin der Orban-Partei Fidesz. Als Staatspr\u00e4sidentin l\u00f6st die 44-J\u00e4hrige den gleichfalls aus der Fidesz-Partei kommenden Janos Ader ab, der nach zwei Amtszeiten kein weiteres Mal antreten durfte.<\/p>\n<p>Das Staatsoberhaupt wird in Ungarn f\u00fcr f\u00fcnf Jahre gew\u00e4hlt und hat eher protokollarische Befugnisse. Unter anderem kann es Gesetze, die es f\u00fcr verfassungsrechtlich bedenklich h\u00e4lt, entweder an das Parlament zur\u00fcckschicken oder vom Verfassungsgericht \u00fcberpr\u00fcfen lassen. Ader hatte von dieser M\u00f6glichkeit kaum Gebrauch gemacht. <a href=\"https:\/\/mannschaft.com\/expertinnen-des-europarats-kritisieren-ungarns-gesetz-gegen-lgbtiq\/\" target=\"_blank\" rel=\"noopener\">(MANNSCHAFT berichtete \u00fcber die Kritik an den Anti-LGBTIQ-Gesetzen in Ungarn.)<\/a><\/p>\n<p><strong>Traditionelles Familienbild<\/strong><br \/>\nVon Novak wird dies noch weniger erwartet, solange Orban regiert. Als Familienministerin war sie das Gesicht seiner Politik, die darauf abzielt, ein traditionelles Familienbild zu f\u00f6rdern und von der heterosexuellen Norm abweichende sexuelle Orientierungen zu diffamieren.<\/p>\n<p>Im Auftrag Orbans vertrat Novak ihr Land immer wieder bei den sogenannte Weltkongressen der Familien (World Congress of Families). Dabei handelt es sich um Veranstaltungen ultra-konservativer Kr\u00e4fte, darunter russische Staatsvertreter und Oligarchen sowie Pers\u00f6nlichkeiten des rechten Randes der US-Republikaner. Die Kongresse fanden zum Teil in Moskau und einmal in Budapest statt.<\/p>\n<p>In ihrer Bewerbungsrede im Parlament verurteilte Novak die russische Invasion in die Ukraine scharf. \u00abDieser von Russland gestartete Krieg ist unverst\u00e4ndlich, unerkl\u00e4rlich\u00bb, sagte sie. Nach der Corona-Pandemie sei \u00abin unserer Nachbarschaft ein weiteres verheerendes Virus entfesselt\u00bb worden. <a href=\"https:\/\/mannschaft.com\/lgbtiq-hoffen-auf-regierungswechsel-in-ungarn\/\" target=\"_blank\" rel=\"noopener\">(MANNSCHAFT berichtete \u00fcber die Hoffnungen vieler LGBTIQ auf einen Regierungswechsel in Ungarn.)<\/a><\/p>\n","protected":false},"excerpt":{"rendered":"<p>Als Familienministerin war #KatalinNovak das Gesicht jener Politik, die von der #Hetero-Norm abweichende Orientierungen diffamierte. Jetzt wird sie die erste #Staatspr\u00e4sidentin in #Ungarn. <a class=\"g1-link g1-link-more\" href=\"https:\/\/alte.mannschaft.lgbt\/bimber\/orban-vertraute-wird-staatspraesidentin-in-ungarn\/\">Weiterlesen<\/a><\/p>\n","protected":false},"author":1950,"featured_media":132627,"comment_status":"closed","ping_status":"closed","sticky":false,"template":"","format":"standard","meta":[],"categories":[2],"tags":[5509,1737,3196,4138],"wps_subtitle":"Als Familienministerin war sie das Gesicht jener Politik, die von der Hetero-Norm abweichende Orientierungen diffamierte","_links":{"self":[{"href":"https:\/\/alte.mannschaft.lgbt\/bimber\/wp-json\/wp\/v2\/posts\/132625"}],"collection":[{"href":"https:\/\/alte.mannschaft.lgbt\/bimber\/wp-json\/wp\/v2\/posts"}],"about":[{"href":"https:\/\/alte.mannschaft.lgbt\/bimber\/wp-json\/wp\/v2\/types\/post"}],"author":[{"embeddable":true,"href":"https:\/\/alte.mannschaft.lgbt\/bimber\/wp-json\/wp\/v2\/users\/1950"}],"replies":[{"embeddable":true,"href":"https:\/\/alte.mannschaft.lgbt\/bimber\/wp-json\/wp\/v2\/comments?post=132625"}],"version-history":[{"count":8,"href":"https:\/\/alte.mannschaft.lgbt\/bimber\/wp-json\/wp\/v2\/posts\/132625\/revisions"}],"predecessor-version":[{"id":139243,"href":"https:\/\/alte.mannschaft.lgbt\/bimber\/wp-json\/wp\/v2\/posts\/132625\/revisions\/139243"}],"wp:featuredmedia":[{"embeddable":true,"href":"https:\/\/alte.mannschaft.lgbt\/bimber\/wp-json\/wp\/v2\/media\/132627"}],"wp:attachment":[{"href":"https:\/\/alte.mannschaft.lgbt\/bimber\/wp-json\/wp\/v2\/media?parent=132625"}],"wp:term":[{"taxonomy":"category","embeddable":true,"href":"https:\/\/alte.mannschaft.lgbt\/bimber\/wp-json\/wp\/v2\/categories?post=132625"},{"taxonomy":"post_tag","embeddable":true,"href":"https:\/\/alte.mannschaft.lgbt\/bimber\/wp-json\/wp\/v2\/tags?post=132625"}],"curies":[{"name":"wp","href":"https:\/\/api.w.org\/{rel}","templated":true}]}}