{"id":130531,"date":"2022-02-14T14:25:40","date_gmt":"2022-02-14T13:25:40","guid":{"rendered":"https:\/\/mannschaft.com\/?p=130531"},"modified":"2022-02-14T15:03:53","modified_gmt":"2022-02-14T14:03:53","slug":"glow-up-riccardo-simonetti-ruft-zum-make-up-wettbewerb-auf","status":"publish","type":"post","link":"https:\/\/alte.mannschaft.lgbt\/bimber\/glow-up-riccardo-simonetti-ruft-zum-make-up-wettbewerb-auf\/","title":{"rendered":"\u00abGlow Up\u00bb: Riccardo Simonetti ruft zum Make-up-Wettbewerb auf"},"content":{"rendered":"<h3>In der neuen ZDFneo-Show \u00abGlow Up \u2013 Deutschlands n\u00e4chster Make-up-Star\u00bb treten zehn Make-up-Artists (MUAs) in einem Wettbewerb gegeneinander an, um sich zum gr\u00f6ssten Talent des Landes kr\u00f6nen zu lassen. Das kommunizierte das ZDF in einer Pressemitteilung vom Montag.<\/h3>\n<p>Host des achtteiligen Formats ist Riccardo Simonetti, der ab sofort alle professionellen und nicht-professionellen MUAs zur Teilnahme aufruft.<\/p>\n<p>Der Entertainer und Autor begleite die Talente auf einer intensiven Reise in die Welt der Make-up-Kunst: \u00abIch freue mich riesig auf \u2039Glow up\u203a, weil Deutschland sowas von bereit f\u00fcr mehr Farbe ist. Ich bin fest davon \u00fcberzeugt, dass wir hierzulande grosse Talente haben, die wunderbare Kreationen schaffen k\u00f6nnen und spannende, pers\u00f6nliche Geschichten mitbringen.\u00bb<\/p>\n<figure id=\"attachment_130534\" aria-describedby=\"caption-attachment-130534\" style=\"width: 720px\" class=\"wp-caption alignnone\"><a href=\"https:\/\/mannschaft.com\/bimber\/wp-content\/uploads\/2022\/02\/riccardo_simonetti_zdf_max_menning.jpg\"><img data-expand=\"600\" decoding=\"async\" loading=\"lazy\" class=\"lazyload wp-image-130534 size-full\" src=\"data:image\/svg+xml;charset=utf-8,%3Csvg xmlns%3D'http%3A%2F%2Fwww.w3.org%2F2000%2Fsvg' viewBox%3D'0 0 720 405'%2F%3E\" data-src=\"https:\/\/mannschaft.com\/bimber\/wp-content\/uploads\/2022\/02\/riccardo_simonetti_zdf_max_menning.jpg\" alt=\"Riccardo Simonetti\" width=\"720\" height=\"405\" data-srcset=\"https:\/\/alte.mannschaft.lgbt\/bimber\/wp-content\/uploads\/2022\/02\/riccardo_simonetti_zdf_max_menning.jpg 720w, https:\/\/alte.mannschaft.lgbt\/bimber\/wp-content\/uploads\/2022\/02\/riccardo_simonetti_zdf_max_menning-300x169.jpg 300w, https:\/\/alte.mannschaft.lgbt\/bimber\/wp-content\/uploads\/2022\/02\/riccardo_simonetti_zdf_max_menning-425x239.jpg 425w, https:\/\/alte.mannschaft.lgbt\/bimber\/wp-content\/uploads\/2022\/02\/riccardo_simonetti_zdf_max_menning-192x108.jpg 192w, https:\/\/alte.mannschaft.lgbt\/bimber\/wp-content\/uploads\/2022\/02\/riccardo_simonetti_zdf_max_menning-384x216.jpg 384w, https:\/\/alte.mannschaft.lgbt\/bimber\/wp-content\/uploads\/2022\/02\/riccardo_simonetti_zdf_max_menning-364x205.jpg 364w, https:\/\/alte.mannschaft.lgbt\/bimber\/wp-content\/uploads\/2022\/02\/riccardo_simonetti_zdf_max_menning-561x316.jpg 561w, https:\/\/alte.mannschaft.lgbt\/bimber\/wp-content\/uploads\/2022\/02\/riccardo_simonetti_zdf_max_menning-265x149.jpg 265w, https:\/\/alte.mannschaft.lgbt\/bimber\/wp-content\/uploads\/2022\/02\/riccardo_simonetti_zdf_max_menning-531x299.jpg 531w, https:\/\/alte.mannschaft.lgbt\/bimber\/wp-content\/uploads\/2022\/02\/riccardo_simonetti_zdf_max_menning-608x342.jpg 608w, https:\/\/alte.mannschaft.lgbt\/bimber\/wp-content\/uploads\/2022\/02\/riccardo_simonetti_zdf_max_menning-85x48.jpg 85w, https:\/\/alte.mannschaft.lgbt\/bimber\/wp-content\/uploads\/2022\/02\/riccardo_simonetti_zdf_max_menning-171x96.jpg 171w, https:\/\/alte.mannschaft.lgbt\/bimber\/wp-content\/uploads\/2022\/02\/riccardo_simonetti_zdf_max_menning-400x225.jpg 400w\" data-sizes=\"(max-width: 720px) 100vw, 720px\" \/><\/a><figcaption id=\"caption-attachment-130534\" class=\"wp-caption-text\">Riccardo Simonetti wird Host der neuen ZDF-Serie sein (Foto: Max Menning \/ ZDF)<\/figcaption><\/figure>\n<p>Simonetti weiter: \u00abAls Mann, der Make-up liebt und lebt, wird man oft noch als provozierend wahrgenommen und Menschen, die sich oder andere schminken, m\u00fcssen h\u00e4ufig noch mit dem Vorurteil k\u00e4mpfen, dass das oberfl\u00e4chlich sei. Dass ich das Gesicht einer Show sein werde, die zeigt, dass Make-up so viel mehr sein kann, ist ein Meilenstein.\u00bb<\/p>\n<p><strong>K\u00fcnstlerische und technische F\u00e4higkeiten<\/strong><br \/>\nLaut ZDF-Mitteilung m\u00fcssen in jeder Folge die Talente ihre k\u00fcnstlerischen und technischen F\u00e4higkeiten in zwei Challenges unter Beweis stellen \u2013 on location bei Fashion Shows, am Set von Video-Drehs und im Studio. Eine Jury bewerte die Arbeit der MUAs, heisst es.<\/p>\n<p>Dabei werden zwei feste Jury-Mitglieder in jeder Woche durch einen Gast-Juror erg\u00e4nzt. Die beiden Make-up-Artists, die am wenigsten begeistern k\u00f6nnen, m\u00fcssen im \u00abFace Off\u00bb gegeneinander antreten. In der Final-Show stehen die besten Drei.<\/p>\n<p>Alle Interessierten k\u00f6nnen ihre Bewerbung unter castingglowupzdfneo.de einreichen. Auf der Seite und auf dem Instagram-Kanal @glowupzdfneo ist Riccardo Simonettis Aufruf-Video online abrufbar.<\/p>\n<blockquote class=\"instagram-media\" style=\"background: #FFF; border: 0; border-radius: 3px; box-shadow: 0 0 1px 0 rgba(0,0,0,0.5),0 1px 10px 0 rgba(0,0,0,0.15); margin: 1px; max-width: 540px; min-width: 326px; padding: 0; width: calc(100% - 2px);\" data-instgrm-permalink=\"https:\/\/www.instagram.com\/reel\/CZ9Lt5QF-1o\/?utm_source=ig_embed&amp;utm_campaign=loading\" data-instgrm-version=\"14\">\n<div style=\"padding: 16px;\">\n<p>&nbsp;<\/p>\n<div style=\"display: flex; flex-direction: row; align-items: center;\">\n<div style=\"background-color: #f4f4f4; border-radius: 50%; flex-grow: 0; height: 40px; margin-right: 14px; width: 40px;\"><\/div>\n<div style=\"display: flex; flex-direction: column; flex-grow: 1; justify-content: center;\">\n<div style=\"background-color: #f4f4f4; border-radius: 4px; flex-grow: 0; height: 14px; margin-bottom: 6px; width: 100px;\"><\/div>\n<div style=\"background-color: #f4f4f4; border-radius: 4px; flex-grow: 0; height: 14px; width: 60px;\"><\/div>\n<\/div>\n<\/div>\n<div style=\"padding: 19% 0;\"><\/div>\n<div style=\"display: block; height: 50px; margin: 0 auto 12px; width: 50px;\"><\/div>\n<div style=\"padding-top: 8px;\">\n<div style=\"color: #3897f0; font-family: Arial,sans-serif; font-size: 14px; font-style: normal; font-weight: 550; line-height: 18px;\">Sieh dir diesen Beitrag auf Instagram an<\/div>\n<\/div>\n<div style=\"padding: 12.5% 0;\"><\/div>\n<div style=\"display: flex; flex-direction: row; margin-bottom: 14px; align-items: center;\">\n<div>\n<div style=\"background-color: #f4f4f4; border-radius: 50%; height: 12.5px; width: 12.5px; transform: translateX(0px) translateY(7px);\"><\/div>\n<div style=\"background-color: #f4f4f4; height: 12.5px; transform: rotate(-45deg) translateX(3px) translateY(1px); width: 12.5px; flex-grow: 0; margin-right: 14px; margin-left: 2px;\"><\/div>\n<div style=\"background-color: #f4f4f4; border-radius: 50%; height: 12.5px; width: 12.5px; transform: translateX(9px) translateY(-18px);\"><\/div>\n<\/div>\n<div style=\"margin-left: 8px;\">\n<div style=\"background-color: #f4f4f4; border-radius: 50%; flex-grow: 0; height: 20px; width: 20px;\"><\/div>\n<div style=\"width: 0; height: 0; border-top: 2px solid transparent; border-left: 6px solid #f4f4f4; border-bottom: 2px solid transparent; transform: translateX(16px) translateY(-4px) rotate(30deg);\"><\/div>\n<\/div>\n<div style=\"margin-left: auto;\">\n<div style=\"width: 0px; border-top: 8px solid #F4F4F4; border-right: 8px solid transparent; transform: translateY(16px);\"><\/div>\n<div style=\"background-color: #f4f4f4; flex-grow: 0; height: 12px; width: 16px; transform: translateY(-4px);\"><\/div>\n<div style=\"width: 0; height: 0; border-top: 8px solid #F4F4F4; border-left: 8px solid transparent; transform: translateY(-4px) translateX(8px);\"><\/div>\n<\/div>\n<\/div>\n<div style=\"display: flex; flex-direction: column; flex-grow: 1; justify-content: center; margin-bottom: 24px;\">\n<div style=\"background-color: #f4f4f4; border-radius: 4px; flex-grow: 0; height: 14px; margin-bottom: 6px; width: 224px;\"><\/div>\n<div style=\"background-color: #f4f4f4; border-radius: 4px; flex-grow: 0; height: 14px; width: 144px;\"><\/div>\n<\/div>\n<p>&nbsp;<\/p>\n<p style=\"color: #c9c8cd; font-family: Arial,sans-serif; font-size: 14px; line-height: 17px; margin-bottom: 0; margin-top: 8px; overflow: hidden; padding: 8px 0 7px; text-align: center; text-overflow: ellipsis; white-space: nowrap;\"><a style=\"color: #c9c8cd; font-family: Arial,sans-serif; font-size: 14px; font-style: normal; font-weight: normal; line-height: 17px; text-decoration: none;\" href=\"https:\/\/www.instagram.com\/reel\/CZ9Lt5QF-1o\/?utm_source=ig_embed&amp;utm_campaign=loading\" target=\"_blank\" rel=\"noopener\">Ein Beitrag geteilt von Glow Up (@glowupzdfneo)<\/a><\/p>\n<\/div>\n<\/blockquote>\n<p><script async src=\"\/\/www.instagram.com\/embed.js\"><\/script><\/p>\n<p>\u00abGlow Up \u2013 Deutschlands n\u00e4chster Make-up-Star\u00bb ist eine Adaption des erfolgreichen BBC-Formats. Die acht Folgen \u00e0 45 Minuten werden ab September 2022 in der ZDFmediathek und in ZDFneo zu sehen sein.<\/p>\n","protected":false},"excerpt":{"rendered":"<p>\u00abGlow Up\u00bb: Riccardo Simonetti ruft zum Make-up-Wettbewerb auf und wird Host einer neuen achtteiligen #ZDF #Serie. Er spricht von einem \u00abMeilenstein\u00bb. #LGBTIQ <a class=\"g1-link g1-link-more\" href=\"https:\/\/alte.mannschaft.lgbt\/bimber\/glow-up-riccardo-simonetti-ruft-zum-make-up-wettbewerb-auf\/\">Weiterlesen<\/a><\/p>\n","protected":false},"author":1,"featured_media":130544,"comment_status":"closed","ping_status":"closed","sticky":false,"template":"","format":"standard","meta":[],"categories":[2534],"tags":[5535,4875],"wps_subtitle":"Das ZDF startet eine achtteiligen Make-up-Competition nach britischem Vorbild","_links":{"self":[{"href":"https:\/\/alte.mannschaft.lgbt\/bimber\/wp-json\/wp\/v2\/posts\/130531"}],"collection":[{"href":"https:\/\/alte.mannschaft.lgbt\/bimber\/wp-json\/wp\/v2\/posts"}],"about":[{"href":"https:\/\/alte.mannschaft.lgbt\/bimber\/wp-json\/wp\/v2\/types\/post"}],"author":[{"embeddable":true,"href":"https:\/\/alte.mannschaft.lgbt\/bimber\/wp-json\/wp\/v2\/users\/1"}],"replies":[{"embeddable":true,"href":"https:\/\/alte.mannschaft.lgbt\/bimber\/wp-json\/wp\/v2\/comments?post=130531"}],"version-history":[{"count":7,"href":"https:\/\/alte.mannschaft.lgbt\/bimber\/wp-json\/wp\/v2\/posts\/130531\/revisions"}],"predecessor-version":[{"id":130546,"href":"https:\/\/alte.mannschaft.lgbt\/bimber\/wp-json\/wp\/v2\/posts\/130531\/revisions\/130546"}],"wp:featuredmedia":[{"embeddable":true,"href":"https:\/\/alte.mannschaft.lgbt\/bimber\/wp-json\/wp\/v2\/media\/130544"}],"wp:attachment":[{"href":"https:\/\/alte.mannschaft.lgbt\/bimber\/wp-json\/wp\/v2\/media?parent=130531"}],"wp:term":[{"taxonomy":"category","embeddable":true,"href":"https:\/\/alte.mannschaft.lgbt\/bimber\/wp-json\/wp\/v2\/categories?post=130531"},{"taxonomy":"post_tag","embeddable":true,"href":"https:\/\/alte.mannschaft.lgbt\/bimber\/wp-json\/wp\/v2\/tags?post=130531"}],"curies":[{"name":"wp","href":"https:\/\/api.w.org\/{rel}","templated":true}]}}