{"id":130237,"date":"2022-02-09T13:52:41","date_gmt":"2022-02-09T12:52:41","guid":{"rendered":"https:\/\/mannschaft.com\/?p=130237"},"modified":"2022-02-09T14:22:32","modified_gmt":"2022-02-09T13:22:32","slug":"gewalt-gegen-lgbtiq-in-bayern-nur-die-spitze-des-eisbergs-sichtbar","status":"publish","type":"post","link":"https:\/\/alte.mannschaft.lgbt\/bimber\/gewalt-gegen-lgbtiq-in-bayern-nur-die-spitze-des-eisbergs-sichtbar\/","title":{"rendered":"Gewalt gegen LGBTIQ in Bayern \u2013\u00a0Nur die Spitze des Eisbergs sichtbar"},"content":{"rendered":"<h3>LGBTIQ erleben in Bayern tagt\u00e4glich Gewalt. Die Fachstelle <a href=\"https:\/\/strong-community.de\/\" target=\"_blank\" rel=\"noopener\">Strong!<\/a> im Sub M\u00fcnchen fordert deshalb einen Aktionsplan.<\/h3>\n<p>Mehr Gewalt? Das sei schwer zu sagen, meint die Diplom-Psychologin Bettina Gl\u00f6ggler. Die Zahlen der gemeldeten \u00dcbergriffe auf Lesben, Schwule, Bisexuelle, trans, inter und queere Menschen in Bayern steigen zwar seit Jahren, aber es k\u00f6nne schlicht sein, dass sich einfach mehr Betroffene trauen, zu melden, was ihnen widerfahren ist.<\/p>\n<p>\u00abDie Leute werden da auch sensibler und haben mit der Fachstelle Strong! nun auch einen Platz, wo sie ihren Bedarf adressieren k\u00f6nnen\u00bb, sagt die Diplom-Psychologin laut einer Pressemitteilung des Sub M\u00fcnchen. Gl\u00f6ggler leitet mit dem P\u00e4dagogen Michael Pla\u00df im Schwulen Zentrum die LGBTI Fachstelle gegen Diskriminierung und Gewalt in Bayern, Strong! Dieser Tage haben sie ihren Jahresbericht f\u00fcr 2021 ver\u00f6ffentlicht. \u00abWer ihn liest, merkt schnell: Es besteht Handlungsbedarf\u00bb, heisst es.<\/p>\n<p><a href=\"https:\/\/mannschaft.com\/bimber\/wp-content\/uploads\/2022\/02\/strong2022-Tatorte.png\"><img data-expand=\"600\" decoding=\"async\" loading=\"lazy\" class=\"lazyload alignnone size-large wp-image-130242\" src=\"data:image\/svg+xml;charset=utf-8,%3Csvg xmlns%3D'http%3A%2F%2Fwww.w3.org%2F2000%2Fsvg' viewBox%3D'0 0 425 425'%2F%3E\" data-src=\"https:\/\/mannschaft.com\/bimber\/wp-content\/uploads\/2022\/02\/strong2022-Tatorte-425x425.png\" alt=\"\" width=\"425\" height=\"425\" data-srcset=\"https:\/\/alte.mannschaft.lgbt\/bimber\/wp-content\/uploads\/2022\/02\/strong2022-Tatorte-425x425.png 425w, https:\/\/alte.mannschaft.lgbt\/bimber\/wp-content\/uploads\/2022\/02\/strong2022-Tatorte-300x300.png 300w, https:\/\/alte.mannschaft.lgbt\/bimber\/wp-content\/uploads\/2022\/02\/strong2022-Tatorte-50x50.png 50w, https:\/\/alte.mannschaft.lgbt\/bimber\/wp-content\/uploads\/2022\/02\/strong2022-Tatorte-768x768.png 768w, https:\/\/alte.mannschaft.lgbt\/bimber\/wp-content\/uploads\/2022\/02\/strong2022-Tatorte-192x192.png 192w, https:\/\/alte.mannschaft.lgbt\/bimber\/wp-content\/uploads\/2022\/02\/strong2022-Tatorte-384x384.png 384w, https:\/\/alte.mannschaft.lgbt\/bimber\/wp-content\/uploads\/2022\/02\/strong2022-Tatorte-110x110.png 110w, https:\/\/alte.mannschaft.lgbt\/bimber\/wp-content\/uploads\/2022\/02\/strong2022-Tatorte-220x220.png 220w, https:\/\/alte.mannschaft.lgbt\/bimber\/wp-content\/uploads\/2022\/02\/strong2022-Tatorte-561x561.png 561w, https:\/\/alte.mannschaft.lgbt\/bimber\/wp-content\/uploads\/2022\/02\/strong2022-Tatorte-1122x1122.png 1122w, https:\/\/alte.mannschaft.lgbt\/bimber\/wp-content\/uploads\/2022\/02\/strong2022-Tatorte-265x265.png 265w, https:\/\/alte.mannschaft.lgbt\/bimber\/wp-content\/uploads\/2022\/02\/strong2022-Tatorte-531x531.png 531w, https:\/\/alte.mannschaft.lgbt\/bimber\/wp-content\/uploads\/2022\/02\/strong2022-Tatorte-364x364.png 364w, https:\/\/alte.mannschaft.lgbt\/bimber\/wp-content\/uploads\/2022\/02\/strong2022-Tatorte-728x728.png 728w, https:\/\/alte.mannschaft.lgbt\/bimber\/wp-content\/uploads\/2022\/02\/strong2022-Tatorte-608x608.png 608w, https:\/\/alte.mannschaft.lgbt\/bimber\/wp-content\/uploads\/2022\/02\/strong2022-Tatorte-758x758.png 758w, https:\/\/alte.mannschaft.lgbt\/bimber\/wp-content\/uploads\/2022\/02\/strong2022-Tatorte-1152x1152.png 1152w, https:\/\/alte.mannschaft.lgbt\/bimber\/wp-content\/uploads\/2022\/02\/strong2022-Tatorte-48x48.png 48w, https:\/\/alte.mannschaft.lgbt\/bimber\/wp-content\/uploads\/2022\/02\/strong2022-Tatorte-96x96.png 96w, https:\/\/alte.mannschaft.lgbt\/bimber\/wp-content\/uploads\/2022\/02\/strong2022-Tatorte-400x400.png 400w, https:\/\/alte.mannschaft.lgbt\/bimber\/wp-content\/uploads\/2022\/02\/strong2022-Tatorte-100x100.png 100w, https:\/\/alte.mannschaft.lgbt\/bimber\/wp-content\/uploads\/2022\/02\/strong2022-Tatorte.png 1200w\" data-sizes=\"(max-width: 425px) 100vw, 425px\" \/><\/a><\/p>\n<p>F\u00fcr das vergangene Jahr erfasst Strong! 165 Vorf\u00e4lle. Sie reichen von Beleidigungen (12 F\u00e4lle) \u00fcber Bedrohung (29) und T\u00e4tlichkeiten (30) bis hin zu sexuellen \u00dcbergriffen und Vergewaltigung (29). Zum Beispiel hat letztes Jahr in M\u00fcnchen ein 18-J\u00e4hriger eine Sch\u00fclerin beleidigt und angegriffen, weil sie und ihr Begleiter eine Regenbogenflagge mit sich trugen <a href=\"https:\/\/mannschaft.com\/nach-pruegel-wegen-regenbogenflagge-bayern-braucht-aktionsplan\/\" target=\"_blank\" rel=\"noopener\">(MANNSCHAFT berichtete)<\/a>.<\/p>\n<p>Tats\u00e4chlich erleben viele das eigene Zuhause als Ort, an dem sie sich nicht in Sicherheit wiegen k\u00f6nnen, zum Beispiel beim Dating oder gar in der eigenen Beziehung (25). Auch das Elternhaus (12) kann, nach einem Coming-out, zur Gefahr werden und erst recht Unterk\u00fcnfte f\u00fcr Gefl\u00fcchtete (28), in denen LGBTIQ oft auf ein ebenso homo- und\/oder transphobes Umfeld treffen wie in ihrem Herkunftsland. Gefl\u00fcchtete haben noch dazu oft mit Rassismus zu k\u00e4mpfen.<\/p>\n<p>\u00abWir m\u00fcssen davon ausgehen, dass unsere Fallzahlen nur die Spitze des Eisbergs darstellen und die Dunkelziffer um ein Vielfaches h\u00f6her liegt\u00bb, sagt Pla\u00df. \u00abDenn jeder weiss, dass 12 Meldungen von Beleidigungen oder 55 Vorf\u00e4lle in ganz Bayern ausserhalb der Landeshauptstadt mit der Realit\u00e4t nichts zu tun haben k\u00f6nnen.\u00bb<\/p>\n<p>26 der genannten F\u00e4lle seien immerhin bei der Polizei angezeigt worden. Aber das seien noch viel zu wenige, sagt Pla\u00df. Viele Betroffene h\u00e4tten Angst davor, die T\u00e4ter*innen k\u00f6nnten sich r\u00e4chen. Sie f\u00fcrchten ausserdem, die Polizei n\u00e4hme derlei F\u00e4lle nicht ernst. Die Zahlen von Diskriminierungen und Gewalt steigt, seitdem das Sub in den 90er Jahren angefangen hat, eine entsprechende Statistik zu erstellen.<\/p>\n<blockquote><p>\u00dcber die tats\u00e4chliche Entwicklung von Homo- und Transfeindlichkeit in Bayern k\u00f6nnen wir tats\u00e4chlich keine Aussage treffen.<\/p><\/blockquote>\n<p>Angefangen hat das 1988 mit dem st\u00e4dtisch gef\u00f6rderten Anti-Gewalt-Projekt f\u00fcr schwule M\u00e4nner. Seit 2020 gibt es die Strong!-Fachstelle f\u00fcr ganz Bayern, die neben der Stadt M\u00fcnchen auch das Land finanziert. \u00abDie relativ geringen absoluten Zahlen sprechen wie gesagt f\u00fcr ein immenses Dunkelfeld\u201c, so Gl\u00f6ggler. \u00ab\u00dcber die tats\u00e4chliche Entwicklung von Homo- und Transfeindlichkeit in Bayern k\u00f6nnen wir tats\u00e4chlich keine Aussage treffen.\u00bb<\/p>\n<p>Klar sei nur: Das ist ein Thema, mit dem man sich befassen muss. Ein Aktionsplan f\u00fcr Bayern jetzt!<br \/>\nGl\u00f6ggler und ihr Kollege Pla\u00df fordern deshalb einen Aktionsplan gegen Homo- und Transphobie auch in Bayern. \u00abDer muss endlich kommen!\u00bb, betont Pla\u00df. In s\u00e4mtlichen Bundesl\u00e4ndern gebe es einen, nur hierzulande nicht. Die Staatsregierung habe die Aufgabe, allen B\u00fcrger*innen in Bayern Sicherheit zu bieten, ignoriere das aber.<\/p>\n<p>\u00abEs wird deshalb h\u00f6chste Zeit, dass der Diskriminierungsschutz aufgrund der sexuellen<br \/>\nOrientierung und Gender-Identit\u00e4t auf Bundesebene Verfassungsrang bekommt\u201c, betont Gl\u00f6ggler. Artikel 3 des Grundgesetzes will die neue Regierung ja laut Koalitionsvertrag entsprechend erweitern <a href=\"https:\/\/mannschaft.com\/ampel-koalition-klare-kante-gegen-diskriminierung-queerfeindlichkeit\/\" target=\"_blank\" rel=\"noopener\">(MANNSCHAFT berichtete)<\/a>. Das h\u00e4tte dann, glaubt sie, auch Signalwirkung f\u00fcr Bayern.<\/p>\n<p><strong>Knapp 15 000 F\u00e4lle von Gewalt gibt es in Familien und Beziehungen in Berlin. Die T\u00e4ter sind fast immer M\u00e4nner <a href=\"https:\/\/mannschaft.com\/knapp-15-000-faelle-von-gewalt-in-familien-und-beziehungen\/\" target=\"_blank\" rel=\"noopener\">(MANNSCHAFT berichtete)<\/a>.<\/strong><\/p>\n","protected":false},"excerpt":{"rendered":"<p>#LGBTIQ erleben in #Bayern tagt\u00e4glich Gewalt. Doch nur die Spitze des Eisbergs ist sichtbar. Die Fachstelle Strong! im #Sub #M\u00fcnchen fordert deshalb einen #Aktionsplan. <a class=\"g1-link g1-link-more\" href=\"https:\/\/alte.mannschaft.lgbt\/bimber\/gewalt-gegen-lgbtiq-in-bayern-nur-die-spitze-des-eisbergs-sichtbar\/\">Weiterlesen<\/a><\/p>\n","protected":false},"author":1,"featured_media":70566,"comment_status":"closed","ping_status":"closed","sticky":false,"template":"","format":"standard","meta":[],"categories":[3,10],"tags":[17,5544,5461],"wps_subtitle":"Erneut wird ein Aktionsplan gefordert","_links":{"self":[{"href":"https:\/\/alte.mannschaft.lgbt\/bimber\/wp-json\/wp\/v2\/posts\/130237"}],"collection":[{"href":"https:\/\/alte.mannschaft.lgbt\/bimber\/wp-json\/wp\/v2\/posts"}],"about":[{"href":"https:\/\/alte.mannschaft.lgbt\/bimber\/wp-json\/wp\/v2\/types\/post"}],"author":[{"embeddable":true,"href":"https:\/\/alte.mannschaft.lgbt\/bimber\/wp-json\/wp\/v2\/users\/1"}],"replies":[{"embeddable":true,"href":"https:\/\/alte.mannschaft.lgbt\/bimber\/wp-json\/wp\/v2\/comments?post=130237"}],"version-history":[{"count":6,"href":"https:\/\/alte.mannschaft.lgbt\/bimber\/wp-json\/wp\/v2\/posts\/130237\/revisions"}],"predecessor-version":[{"id":130247,"href":"https:\/\/alte.mannschaft.lgbt\/bimber\/wp-json\/wp\/v2\/posts\/130237\/revisions\/130247"}],"wp:featuredmedia":[{"embeddable":true,"href":"https:\/\/alte.mannschaft.lgbt\/bimber\/wp-json\/wp\/v2\/media\/70566"}],"wp:attachment":[{"href":"https:\/\/alte.mannschaft.lgbt\/bimber\/wp-json\/wp\/v2\/media?parent=130237"}],"wp:term":[{"taxonomy":"category","embeddable":true,"href":"https:\/\/alte.mannschaft.lgbt\/bimber\/wp-json\/wp\/v2\/categories?post=130237"},{"taxonomy":"post_tag","embeddable":true,"href":"https:\/\/alte.mannschaft.lgbt\/bimber\/wp-json\/wp\/v2\/tags?post=130237"}],"curies":[{"name":"wp","href":"https:\/\/api.w.org\/{rel}","templated":true}]}}