{"id":130222,"date":"2022-02-09T12:35:20","date_gmt":"2022-02-09T11:35:20","guid":{"rendered":"https:\/\/mannschaft.com\/?p=130222"},"modified":"2022-02-09T14:19:29","modified_gmt":"2022-02-09T13:19:29","slug":"matthes-legt-amt-als-praesident-der-deutschen-filmakademie-nieder","status":"publish","type":"post","link":"https:\/\/alte.mannschaft.lgbt\/bimber\/matthes-legt-amt-als-praesident-der-deutschen-filmakademie-nieder\/","title":{"rendered":"Matthes legt Amt als Pr\u00e4sident der Deutschen Filmakademie nieder"},"content":{"rendered":"<h3>Der Schauspieler und Pr\u00e4sident der Deutschen Filmakademie, Ulrich Matthes, legt sein Amt als Pr\u00e4sident der Deutschen Filmakademie nieder und stellt sich bei der Mitgliederversammlung Anfang April nicht mehr zur Wahl.<\/h3>\n<p>In der Konferenz UNLOCK Film by <em>ZEITmagazin<\/em> spricht er erstmalig \u00fcber seinen Entschluss: \u00abIch habe versucht, diese drei Jahre so gut wie m\u00f6glich zu machen. Aber nun ist es dann auch gut.&#8220; Er habe damit gehadert, das Amt als Pr\u00e4sident abzulegen und sei lange in sich gegangen.<\/p>\n<p>Durch die Corona-Pandemie wurden viele Formate, Treffen und Reisen in der Filmbranche verhindert. Auch die Kampagne #allesdichtmachen \u00abhat offen gestanden meinen Entschluss noch bef\u00f6rdert, das Amt nicht weiterzumachen&#8220;, entgegnet er im Gespr\u00e4ch mit Christoph Amend, Editorial Director des <em>ZEITmagazins.<\/em> Er nahm die Aktion als \u00abkomplett missgl\u00fcckt&#8220; wahr. Matthes weiter: \u00abIch fand den Ton unangemessen zu dem Zeitpunkt.&#8220;<\/p>\n<p>Der Schauspieler gibt sich f\u00fcr die Zukunft der Deutschen Filmakademie jedoch optimistisch: \u00abEs wird sicherlich jemanden geben, der das Pr\u00e4sidentenamt wunderbar ausf\u00fcllen wird.&#8220;<\/p>\n<p>Die Konferenz UNLOCK Film by <em>ZEITmagazin<\/em> findet anl\u00e4sslich der Berlinale statt. Sie bringt namhafte Film-, TV- und B\u00fchnen-K\u00fcnstlerinnen und -K\u00fcnstler zusammen, um \u00fcber aktuelle Entwicklungen, neue Gesch\u00e4ftsmodelle und Diversity innerhalb der Film- und Medienbranche zu diskutieren.<\/p>\n<p>Noch-Akademiechef Matthes hatte sich 2021 im Rahmen von #Actout als schwul geoutet <a href=\"https:\/\/mannschaft.com\/ulrich-matthes-wir-haben-mit-actout-ein-zeichen-gesetzt\/\" target=\"_blank\" rel=\"noopener\">(MANNSCHAFT berichtete)<\/a>.<\/p>\n<p>Vorg\u00e4ngerin von Matthes war Iris Berben als Pr\u00e4sidentin der Deutschen Filmakademie, bis 2019 \u00fcbte sie das Amt aus. K\u00fcrzlich \u00e4usserte sie sich \u00fcber einen missgl\u00fcckten Aprilscherz: ihr Coming-out <a href=\"https:\/\/mannschaft.com\/bin-die-koenigin-der-jungs-in-der-schwulsten-gegend-berlins\/\" target=\"_blank\" rel=\"noopener\">(MANNSCHAFT berichtete)<\/a>.<\/p>\n","protected":false},"excerpt":{"rendered":"<p>Schauspieler &#038; Pr\u00e4sident der Dt. #Filmakademie, Ulrich Matthes, legt sein Amt als Pr\u00e4sident der Deutschen Filmakademie nieder und stellt sich im April nicht mehr zur Wahl. #Actout <a class=\"g1-link g1-link-more\" href=\"https:\/\/alte.mannschaft.lgbt\/bimber\/matthes-legt-amt-als-praesident-der-deutschen-filmakademie-nieder\/\">Weiterlesen<\/a><\/p>\n","protected":false},"author":1950,"featured_media":120608,"comment_status":"closed","ping_status":"closed","sticky":false,"template":"","format":"standard","meta":[],"categories":[2534],"tags":[5437,5442,5523],"wps_subtitle":"Im April will er nicht wieder kandidieren","_links":{"self":[{"href":"https:\/\/alte.mannschaft.lgbt\/bimber\/wp-json\/wp\/v2\/posts\/130222"}],"collection":[{"href":"https:\/\/alte.mannschaft.lgbt\/bimber\/wp-json\/wp\/v2\/posts"}],"about":[{"href":"https:\/\/alte.mannschaft.lgbt\/bimber\/wp-json\/wp\/v2\/types\/post"}],"author":[{"embeddable":true,"href":"https:\/\/alte.mannschaft.lgbt\/bimber\/wp-json\/wp\/v2\/users\/1950"}],"replies":[{"embeddable":true,"href":"https:\/\/alte.mannschaft.lgbt\/bimber\/wp-json\/wp\/v2\/comments?post=130222"}],"version-history":[{"count":5,"href":"https:\/\/alte.mannschaft.lgbt\/bimber\/wp-json\/wp\/v2\/posts\/130222\/revisions"}],"predecessor-version":[{"id":130228,"href":"https:\/\/alte.mannschaft.lgbt\/bimber\/wp-json\/wp\/v2\/posts\/130222\/revisions\/130228"}],"wp:featuredmedia":[{"embeddable":true,"href":"https:\/\/alte.mannschaft.lgbt\/bimber\/wp-json\/wp\/v2\/media\/120608"}],"wp:attachment":[{"href":"https:\/\/alte.mannschaft.lgbt\/bimber\/wp-json\/wp\/v2\/media?parent=130222"}],"wp:term":[{"taxonomy":"category","embeddable":true,"href":"https:\/\/alte.mannschaft.lgbt\/bimber\/wp-json\/wp\/v2\/categories?post=130222"},{"taxonomy":"post_tag","embeddable":true,"href":"https:\/\/alte.mannschaft.lgbt\/bimber\/wp-json\/wp\/v2\/tags?post=130222"}],"curies":[{"name":"wp","href":"https:\/\/api.w.org\/{rel}","templated":true}]}}