{"id":128856,"date":"2022-01-20T15:08:07","date_gmt":"2022-01-20T14:08:07","guid":{"rendered":"https:\/\/mannschaft.com\/?p=128856"},"modified":"2022-01-21T09:54:18","modified_gmt":"2022-01-21T08:54:18","slug":"500-faelle-von-missbrauch-ratzinger-belastet","status":"publish","type":"post","link":"https:\/\/alte.mannschaft.lgbt\/bimber\/500-faelle-von-missbrauch-ratzinger-belastet\/","title":{"rendered":"500 F\u00e4lle von Missbrauch \u2013 Ratzinger belastet"},"content":{"rendered":"<h3>Eine M\u00fcnchner Anwaltskanzlei hat F\u00e4lle sexuellen Missbrauchs im Erzbistum M\u00fcnchen aufgearbeitet &#8211; und erhebt Vorw\u00fcrfe gegen den emeritierten Papst Benedikt XVI. Die Rede ist von einer \u00abBilanz des Schreckens\u00bb.<\/h3>\n<p>Eine neues Gutachten \u00fcber sexuellen Missbrauch im Erzbistum M\u00fcnchen und Freising erhebt schwere Vorw\u00fcrfe gegen den emeritierten Papst Benedikt XVI <a href=\"https:\/\/mannschaft.com\/westpfahl-bericht-missbrauchsgutachten-12-jahre-unter-verschluss\/\" target=\"_blank\" rel=\"noopener\">(MANNSCHAFT berichtete vorab)<\/a>. Der damalige Kardinal Joseph Ratzinger habe &#8211; so beurteilt es die vom Bistum beauftragte Anwaltskanzlei Westpfahl Spilker Wastl (WSW) &#8211; in seiner Zeit als M\u00fcnchner Erzbischof Missbrauchst\u00e4ter \u00abmit hoher Wahrscheinlichkeit\u00bb wissentlich in der Seelsorge eingesetzt und dar\u00fcber die Unwahrheit gesagt. In insgesamt vier F\u00e4llen werfen ihm die Gutachter Fehlverhalten vor.<\/p>\n<p>Mindestens 497 Kinder und Jugendliche sind laut der am Donnerstag vorgestellten Studie zwischen 1945 und 2019 in dem katholischen Bistum von Priestern, Diakonen oder anderen Mitarbeitern der Kirche sexuell missbraucht worden. Mindestens 235 mutmassliche T\u00e4ter gab es laut der Anwaltskanzlei &#8211; darunter 173 Priester und 9 Diakone. Allerdings sei dies nur das sogenannte Hellfeld. Es sei von einer deutlich gr\u00f6sseren Dunkelziffer auszugehen. Anwalt Ulrich Wastl sprach von einer \u00abBilanz des Schreckens\u00bb.<\/p>\n<blockquote><p>Seelsorge sogar noch nach einschl\u00e4giger Verurteilung.<\/p><\/blockquote>\n<p>40 Kleriker seien auch nach Missbrauchsf\u00e4llen weiterhin in der Seelsorge t\u00e4tig gewesen beziehungsweise sei dies geduldet worden. Bei 18 davon erfolgte dies sogar nach \u00abeinschl\u00e4giger Verurteilung\u00bb, wie Wastls Kollege Martin Pusch sagte. Insgesamt seien bei 43 Klerikern \u00abgebotene Massnahmen mit Sanktionscharakter\u00bb unterblieben.<\/p>\n<p>Daf\u00fcr verantwortlich &#8211; auch das macht das Gutachten klar &#8211; sind aus Sicht der Anw\u00e4lte vor allem die M\u00fcnchner Bisch\u00f6fe und Generalvikare und damit auch der sp\u00e4tere Papst Benedikt XVI., der von 1977 bis 1982 Erzbischof von M\u00fcnchen und Freising war.<\/p>\n<p>Fehlverhalten in vier F\u00e4llen halten die Anw\u00e4lte Ratzinger vor. In zwei davon soll er Priester, bei denen er \u00ab\u00fcberwiegend wahrscheinlich\u00bb von ihrer Missbrauchsvergangenheit wusste, nach Bayern geholt haben. In allen F\u00e4llen habe Benedikt ein Fehlverhalten strikt zur\u00fcckgewiesen. Seine 82 Seiten lange Stellungnahme ist im Anhang des Gutachtens zu lesen, das inzwischen auf der Internetseite der Kanzlei ver\u00f6ffentlicht wurde.<\/p>\n<p>In einem dieser F\u00e4lle geht es um einen Priester, der im Ausland rechtskr\u00e4ftig wegen Missbrauchs verurteilt worden war, in einem anderen um den bekannten Fall eines Priesters aus Essen, der trotz Vorf\u00e4llen in Nordrhein-Westfalen in Bayern wieder als Seelsorger mit Kindern und Jugendlichen arbeitete.<\/p>\n<p>Besonders brisant: Die Gutachter gehen davon aus, dass Ratzinger in Bezug auf die F\u00e4lle nicht die Wahrheit gesagt hat. Denn laut der Studie legt ein Sitzungsprotokoll nahe, dass er &#8211; anders als er selbst behauptet &#8211; 1980 als Erzbischof von M\u00fcnchen sehr wohl bei dem heiklen Treffen dabei war, bei dem beschlossen wurde, dass der Priester nach Bayern \u00fcbersiedeln soll. Der Geistliche missbrauchte dort sp\u00e4ter erneut Kinder und wurde daf\u00fcr rechtskr\u00e4ftig verurteilt. Noch wenige Tage vor der Ver\u00f6ffentlichung des Gutachtens hatte Benedikt \u00fcber seinen Privatsekret\u00e4r Georg G\u00e4nswein alle Vorw\u00fcrfe gegen ihn zur\u00fcckgewiesen. Der Jurist Wastl sagte, er halte Benedikts Angabe, er sei in dieser Sitzung nicht anwesend gewesen, f\u00fcr \u00abwenig glaubw\u00fcrdig\u00bb.<\/p>\n<p>\u00abDas ist sein pers\u00f6nliches Waterloo\u00bb, sagte der renommierte Kirchenrechtler Thomas Sch\u00fcller der Deutschen Presse-Agentur. \u00abJoseph Ratzinger hat die letzte Chance vertan, reinen Tisch zu machen. Er wird der Unwahrheit \u00fcberf\u00fchrt und demaskiert sich damit selbst als aktiver Vertuscher. Er f\u00fcgt der katholischen Kirche und dem Papstamt damit einen irreparablen Schaden zu.\u00bb<\/p>\n<p>Der Vatikan k\u00fcndigte an, sich das M\u00fcnchner Gutachten genau anschauen zu wollen. Man werde es einsehen und k\u00f6nne dann angemessen die Details pr\u00fcfen, erkl\u00e4rte der Sprecher des Heiligen Stuhls, Matteo Bruni.<\/p>\n<p>Auch Ratzingers direktem Nachfolger als M\u00fcnchner Erzbischof, Kardinal Friedrich Wetter, wirft das Gutachten Fehlverhalten in 21 F\u00e4llen vor. Wetter habe die F\u00e4lle zwar nicht bestritten, ein Fehlverhalten seinerseits aber schon, sagte Pusch. Dem amtierenden Erzbischof, Kardinal Reinhard Marx, wird Fehlverhalten in zwei F\u00e4llen vorgeworfen. Es gehe dabei um Meldungen an die Glaubenskongregation in Rom. Marx wollte sich am Nachmittag zu den Ergebnissen des Gutachtens \u00e4ussern, bei der offiziellen Vorstellung war er nicht anwesend.<\/p>\n<p>Das Gutachten stellt der katholischen Di\u00f6zese insgesamt ein schlechtes Zeugnis aus. Auch in j\u00fcngster Zeit habe kein \u00abParadigmenwechsel\u00bb mit dem Fokus auf die Betroffenen stattgefunden, sagte Pusch. \u00abBis in die j\u00fcngste Vergangenheit und teils auch heute noch begegnen Gesch\u00e4digte H\u00fcrden.\u00bb Ein aktives Zugehen auf die Opfer gebe es nicht. Pusch sieht ein \u00abgenerelles Geheimhaltungsinteresse\u00bb und den \u00abWunsch, die Institution Kirche zu sch\u00fctzen\u00bb.<\/p>\n<p>Der M\u00fcnchner Generalvikar Christoph Klingan zeigte sich am Donnerstag \u00abbewegt und besch\u00e4mt\u00bb. \u00abMeine Gedanken sind in dieser Stunde zun\u00e4chst bei den Betroffenen, bei den Menschen, die durch Mitarbeiter der Kirche in der Kirche schweres Leid erfahren haben\u00bb, betonte er. \u00abDen Betroffenen muss unser erstes Augenmerk gelten.\u00bb<\/p>\n<p>Der Sprecher der Opferinitiative \u00abEckiger Tisch\u00bb, Matthias Katsch, nennt das neue Gutachten zu sexuellem Missbrauch im katholischen Erzbistum M\u00fcnchen und Freising eine \u00abhistorische Ersch\u00fctterung\u00bb der Kirche. \u00abDieses L\u00fcgengeb\u00e4ude, was zum Schutz von Kardinal Ratzinger, von Papst Benedikt, errichtet wurde hier in M\u00fcnchen, das ist heute krachend zusammengefallen\u00bb, sagte er der Deutschen Presse-Agentur am Donnerstag in M\u00fcnchen.<\/p>\n<blockquote><p>Jeder, der das jetzt miterlebt, muss erkennen, dass dieses System an sein Ende gekommen ist.<\/p><\/blockquote>\n<p>Einige Taten h\u00e4tten nur darum stattfinden k\u00f6nnen, weil Joseph Ratzinger in seiner Zeit als Erzbischof von M\u00fcnchen und Freising die Entscheidung getroffen habe, einen Missbrauchst\u00e4ter in seinem Bistum einzusetzen. Das \u00abt\u00e4terzentrierte System\u00bb sei \u00aban der Spitze belastet\u00bb, sagte Katsch &#8211; \u00abim Vatikan, da wo Benedikt bis heute sitzt und leugnet\u00bb. Und weiter: \u00abJeder, der das jetzt hier gerade miterlebt hat, muss erkennen, dass dieses System an sein Ende gekommen ist.\u00bb<\/p>\n<p>Im M\u00e4rz 2021 hatte das Europ\u00e4ische Parlament die EU zur LGBTIQ Freedom Zone erkl\u00e4rt<a href=\"https:\/\/mannschaft.com\/europaparlament-erklaert-eu-zum-lgbtiq-freiheitsraum\/\" target=\"_blank\" rel=\"noopener\"> (MANNSCHAFT berichtete)<\/a>, vier Tage sp\u00e4ter verk\u00fcndet der Papst in einer Aussendung, Homosexualit\u00e4t sei nach wie vor eine S\u00fcnde <a href=\"https:\/\/mannschaft.com\/vatikan-verbietet-segensfeiern-fuer-gleichgeschlechtliche-paare\/\" target=\"_blank\" rel=\"noopener\">(MANNSCHAFT berichtete).<\/a> Dem will die Piratenpartei in \u00d6sterreich nachgehen <a href=\"\/\/mannschaft.com\/hetze-gegen-homosexuelle-anzeige-gegen-papst-franziskus\/\" target=\"_blank\" rel=\"noopener\">(MANNSCHAFT berichtete)<\/a>.<\/p>\n","protected":false},"excerpt":{"rendered":"<p>500 F\u00e4lle! Eine Anwaltskanzlei hat sex. Missbrauchs aufgearbeitet und erhebt Vorw\u00fcrfe gegen den em. #Papst Benedikt XVI. Die Rede ist von \u00abBilanz des Schreckens\u00bb. <a class=\"g1-link g1-link-more\" href=\"https:\/\/alte.mannschaft.lgbt\/bimber\/500-faelle-von-missbrauch-ratzinger-belastet\/\">Weiterlesen<\/a><\/p>\n","protected":false},"author":1950,"featured_media":128857,"comment_status":"closed","ping_status":"closed","sticky":false,"template":"","format":"standard","meta":[],"categories":[3,10],"tags":[5512],"wps_subtitle":"40 Kleriker seien auch nach Missbrauchsf\u00e4llen weiterhin in der Seelsorge t\u00e4tig gewesen, 18 davon sogar nach \u00abeinschl\u00e4giger Verurteilung\u00bb","_links":{"self":[{"href":"https:\/\/alte.mannschaft.lgbt\/bimber\/wp-json\/wp\/v2\/posts\/128856"}],"collection":[{"href":"https:\/\/alte.mannschaft.lgbt\/bimber\/wp-json\/wp\/v2\/posts"}],"about":[{"href":"https:\/\/alte.mannschaft.lgbt\/bimber\/wp-json\/wp\/v2\/types\/post"}],"author":[{"embeddable":true,"href":"https:\/\/alte.mannschaft.lgbt\/bimber\/wp-json\/wp\/v2\/users\/1950"}],"replies":[{"embeddable":true,"href":"https:\/\/alte.mannschaft.lgbt\/bimber\/wp-json\/wp\/v2\/comments?post=128856"}],"version-history":[{"count":8,"href":"https:\/\/alte.mannschaft.lgbt\/bimber\/wp-json\/wp\/v2\/posts\/128856\/revisions"}],"predecessor-version":[{"id":128923,"href":"https:\/\/alte.mannschaft.lgbt\/bimber\/wp-json\/wp\/v2\/posts\/128856\/revisions\/128923"}],"wp:featuredmedia":[{"embeddable":true,"href":"https:\/\/alte.mannschaft.lgbt\/bimber\/wp-json\/wp\/v2\/media\/128857"}],"wp:attachment":[{"href":"https:\/\/alte.mannschaft.lgbt\/bimber\/wp-json\/wp\/v2\/media?parent=128856"}],"wp:term":[{"taxonomy":"category","embeddable":true,"href":"https:\/\/alte.mannschaft.lgbt\/bimber\/wp-json\/wp\/v2\/categories?post=128856"},{"taxonomy":"post_tag","embeddable":true,"href":"https:\/\/alte.mannschaft.lgbt\/bimber\/wp-json\/wp\/v2\/tags?post=128856"}],"curies":[{"name":"wp","href":"https:\/\/api.w.org\/{rel}","templated":true}]}}