{"id":128038,"date":"2022-01-13T10:39:08","date_gmt":"2022-01-13T09:39:08","guid":{"rendered":"https:\/\/mannschaft.com\/?p=128038"},"modified":"2022-01-13T11:25:52","modified_gmt":"2022-01-13T10:25:52","slug":"warnung-an-ungarn-nicht-laenger-lgbtiq-rechte-schwaechen","status":"publish","type":"post","link":"https:\/\/alte.mannschaft.lgbt\/bimber\/warnung-an-ungarn-nicht-laenger-lgbtiq-rechte-schwaechen\/","title":{"rendered":"Warnung an Ungarn: Nicht l\u00e4nger LGBTIQ-Rechte schw\u00e4chen!"},"content":{"rendered":"<h3>Die Menschenrechtskommissarin des Europarates erkl\u00e4rt: Die ungarische Regierung muss aufh\u00f6ren, die Menschenrechte von LGBTIQ-Personen zu instrumentalisieren und zu schw\u00e4chen.<\/h3>\n<p>In drei Monaten wird in Ungarn gew\u00e4hlt <a href=\"https:\/\/mannschaft.com\/der-schicksalstag-fuer-viktor-orban-steht-fest\/\" target=\"_blank\" rel=\"noopener\">(MANNSCHAFT berichtete)<\/a>. Aber nicht nur das. \u00abDie Entscheidung der ungarischen Regierung, am selben Tag wie die Parlamentswahlen ein nationales Referendum \u00fcber den Zugang von Kindern zu Informationen \u00fcber Fragen der sexuellen Orientierung und Geschlechtsidentit\u00e4t durchzuf\u00fchren, ist zutiefst bedauerlich, da sie die Instrumentalisierung der Menschenrechte von LGBTIQ-Personen vorantreibt\u00bb, erk\u00e4rte die Menschenrechtskommissarin des Europarates, <a href=\"https:\/\/www.coe.int\/en\/web\/commissioner\/-\/hungarian-government-must-stop-instrumentalising-and-weakening-the-human-rights-of-lgbti-people\" target=\"_blank\" rel=\"noopener\">Dunja Mijatovi\u0107<\/a>, am Donnerstag.<\/p>\n<p>Man wolle dieses Jahr eine \u00abstarke Kampagne\u00bb gegen \u00abLGBTQ-Propaganda\u00bb fahren, war Ende November aus Ungarn zu vernehmen <a href=\"https:\/\/mannschaft.com\/ungarn-plant-starke-kampagne-gegen-lgbtiq-propaganda\/\" target=\"_blank\" rel=\"noopener\">(MANNSCHAFT berichtete)<\/a>.<\/p>\n<p>\u00abEs war entt\u00e4uschend, dass das \u201aKinderschutzgesetz\u2018, das Homosexualit\u00e4t f\u00e4lschlicherweise mit P\u00e4dophilie in Verbindung bringt und die Meinungs- und Bildungsfreiheit aller Ungarn einschr\u00e4nkt, im Juni 2021 angenommen wurde, trotz der starken Einw\u00e4nde vieler internationaler und nationaler Beobachter, darunter auch meiner selbst\u00bb, so die Kommissarin.<\/p>\n<p>Infolge des Gesetzes, das von der Venedig-Kommission des Europarates im Dezember 2021 als mit internationalen Menschenrechtsnormen unvereinbar eingestuft wurde, m\u00fcssen Informationen \u00fcber LGBTIQ-Personen und -Themen von allen Orten, an denen sie von Minderj\u00e4hrigen eingesehen werden k\u00f6nnen, einschliesslich der Medien, verboten werden und in Bibliotheken, und die M\u00f6glichkeit, Inhalte mit Bezug zu unterschiedlichen sexuellen Orientierungen und Geschlechtsidentit\u00e4ten in Schulen zu vermitteln, wurde stark eingeschr\u00e4nkt. <a href=\"https:\/\/mannschaft.com\/fuehrt-polen-diese-woche-ein-anti-lgbtiq-propagandagesetz-ein\/\" target=\"_blank\" rel=\"noopener\">(Ein \u00e4hnliches Gesetz plant nun auch Polen \u2013 MANNSCHAFT berichtete)<\/a>.<\/p>\n<p>Die Kommissarin sei \u00abbesorgt, dass das vorgeschlagene Referendum Stereotypen, Vorurteile und Hass gegen LGBTIQ-Personen verfestigen und sich daher stark negativ auf ihre Rechte, Sicherheit und ihr Wohlergehen auswirken wird, indem mehrdeutige und irref\u00fchrende Fragen zur Volksabstimmung gestellt werden. Die Implikation, zum Beispiel, dass eine umfassende Sexualaufkl\u00e4rung der Entwicklung von Kindern abtr\u00e4glich ist, ist einfach falsch.\u00bb Im Gegenteil: Sie sei unerl\u00e4sslich, um sexuellen Missbrauch an Kindern zu verhindern und zu bek\u00e4mpfen, und trage dazu bei, sicherere, integrative Gesellschaften aufzubauen. Mijatovi\u0107 erkl\u00e4rte, Kinder h\u00e4tten ein Recht darauf.<\/p>\n<p>Sie habe zuvor davor gewarnt, dass die politische Manipulation der Menschenrechte von LGBTI-Personen in Europa zunehme und symptomatisch f\u00fcr einen allgemeineren Angriff auf und Missachtung der Menschenrechte sei. \u00abDas Referendum in Ungarn ist ein eindrucksvolles Beispiel f\u00fcr diesen besorgniserregenden Trend\u00bb, so Mijatovi\u0107.<\/p>\n","protected":false},"excerpt":{"rendered":"<p>Die Menschenrechtskommissarin des Europarates @Dunja_Mijatovic erkl\u00e4rt: #Ungarn muss aufh\u00f6ren, die #Menschenrechte von #LGBTIQ-Personen zu instrumentalisieren und zu schw\u00e4chen. <a class=\"g1-link g1-link-more\" href=\"https:\/\/alte.mannschaft.lgbt\/bimber\/warnung-an-ungarn-nicht-laenger-lgbtiq-rechte-schwaechen\/\">Weiterlesen<\/a><\/p>\n","protected":false},"author":1,"featured_media":112864,"comment_status":"closed","ping_status":"closed","sticky":false,"template":"","format":"standard","meta":[],"categories":[2],"tags":[5527,5544,3196],"wps_subtitle":"Die Menschenrechtskommissarin des Europarates sieht Meinungs- und Bildungsfreiheit eingeschr\u00e4nkt","_links":{"self":[{"href":"https:\/\/alte.mannschaft.lgbt\/bimber\/wp-json\/wp\/v2\/posts\/128038"}],"collection":[{"href":"https:\/\/alte.mannschaft.lgbt\/bimber\/wp-json\/wp\/v2\/posts"}],"about":[{"href":"https:\/\/alte.mannschaft.lgbt\/bimber\/wp-json\/wp\/v2\/types\/post"}],"author":[{"embeddable":true,"href":"https:\/\/alte.mannschaft.lgbt\/bimber\/wp-json\/wp\/v2\/users\/1"}],"replies":[{"embeddable":true,"href":"https:\/\/alte.mannschaft.lgbt\/bimber\/wp-json\/wp\/v2\/comments?post=128038"}],"version-history":[{"count":6,"href":"https:\/\/alte.mannschaft.lgbt\/bimber\/wp-json\/wp\/v2\/posts\/128038\/revisions"}],"predecessor-version":[{"id":128049,"href":"https:\/\/alte.mannschaft.lgbt\/bimber\/wp-json\/wp\/v2\/posts\/128038\/revisions\/128049"}],"wp:featuredmedia":[{"embeddable":true,"href":"https:\/\/alte.mannschaft.lgbt\/bimber\/wp-json\/wp\/v2\/media\/112864"}],"wp:attachment":[{"href":"https:\/\/alte.mannschaft.lgbt\/bimber\/wp-json\/wp\/v2\/media?parent=128038"}],"wp:term":[{"taxonomy":"category","embeddable":true,"href":"https:\/\/alte.mannschaft.lgbt\/bimber\/wp-json\/wp\/v2\/categories?post=128038"},{"taxonomy":"post_tag","embeddable":true,"href":"https:\/\/alte.mannschaft.lgbt\/bimber\/wp-json\/wp\/v2\/tags?post=128038"}],"curies":[{"name":"wp","href":"https:\/\/api.w.org\/{rel}","templated":true}]}}