{"id":127848,"date":"2022-01-13T05:06:08","date_gmt":"2022-01-13T04:06:08","guid":{"rendered":"https:\/\/mannschaft.com\/?p=127848"},"modified":"2022-01-17T13:44:44","modified_gmt":"2022-01-17T12:44:44","slug":"franz-doms-mehr-queere-geschichte-im-oesterreichischen-schulunterricht-noetig","status":"publish","type":"post","link":"https:\/\/alte.mannschaft.lgbt\/bimber\/franz-doms-mehr-queere-geschichte-im-oesterreichischen-schulunterricht-noetig\/","title":{"rendered":"Mehr queere Geschichte im \u00f6sterreichischen Schulunterricht n\u00f6tig"},"content":{"rendered":"<h3>Weil er schwul war, wurde er 1944 im Landesgericht Wien hingerichtet: K\u00fcrzlich wurde das Grab von Franz Doms gesch\u00e4ndet <a href=\"https:\/\/mannschaft.com\/schwul-unterm-hakenkreuz-erinnern-an-franz-doms\/\" target=\"_blank\" rel=\"noopener\">(MANNSCHAFT berichtete)<\/a>. \u00dcber die Tat m\u00f6chten sich Katja und Wilhelm nicht weiter \u00e4ussern, um ihr nicht noch mehr Beachtung zu schenken. Sie pflegen das Grab: Es soll weiter existieren, damit sich alle daran erinnern k\u00f6nnen, was passiert ist.<\/h3>\n<p>Katja und Wilhelm sind Sch\u00fcler*innen, die ihre Ausbildung am Wiener TGM (Technologisches Gewerbemuseum H\u00f6here Technische Bundeslehr- und Versuchsanstalt) in Informationstechnologie absolvieren. Im Interview mit MANNSCHAFT erz\u00e4hlen die beiden, was sie pers\u00f6nlich mit der Grabst\u00e4tte von Franz Doms verbindet und was sie bewegt, sein Grab zu pflegen.<\/p>\n<figure id=\"attachment_125893\" aria-describedby=\"caption-attachment-125893\" style=\"width: 625px\" class=\"wp-caption alignnone\"><a href=\"https:\/\/mannschaft.com\/bimber\/wp-content\/uploads\/2021\/12\/schwul-unterm-hakenkreuz-e1639129264905.jpg\"><img data-expand=\"600\" decoding=\"async\" loading=\"lazy\" class=\"lazyload wp-image-125893 size-full\" src=\"data:image\/svg+xml;charset=utf-8,%3Csvg xmlns%3D'http%3A%2F%2Fwww.w3.org%2F2000%2Fsvg' viewBox%3D'0 0 625 376'%2F%3E\" data-src=\"https:\/\/mannschaft.com\/bimber\/wp-content\/uploads\/2021\/12\/schwul-unterm-hakenkreuz-e1639129264905.jpg\" alt=\"schwul unterm hakenkreuz\" width=\"625\" height=\"376\" data-srcset=\"https:\/\/alte.mannschaft.lgbt\/bimber\/wp-content\/uploads\/2021\/12\/schwul-unterm-hakenkreuz-e1639129264905.jpg 625w, https:\/\/alte.mannschaft.lgbt\/bimber\/wp-content\/uploads\/2021\/12\/schwul-unterm-hakenkreuz-e1639129264905-300x180.jpg 300w, https:\/\/alte.mannschaft.lgbt\/bimber\/wp-content\/uploads\/2021\/12\/schwul-unterm-hakenkreuz-e1639129264905-425x256.jpg 425w, https:\/\/alte.mannschaft.lgbt\/bimber\/wp-content\/uploads\/2021\/12\/schwul-unterm-hakenkreuz-e1639129264905-561x337.jpg 561w, https:\/\/alte.mannschaft.lgbt\/bimber\/wp-content\/uploads\/2021\/12\/schwul-unterm-hakenkreuz-e1639129264905-265x159.jpg 265w, https:\/\/alte.mannschaft.lgbt\/bimber\/wp-content\/uploads\/2021\/12\/schwul-unterm-hakenkreuz-e1639129264905-531x319.jpg 531w, https:\/\/alte.mannschaft.lgbt\/bimber\/wp-content\/uploads\/2021\/12\/schwul-unterm-hakenkreuz-e1639129264905-364x219.jpg 364w, https:\/\/alte.mannschaft.lgbt\/bimber\/wp-content\/uploads\/2021\/12\/schwul-unterm-hakenkreuz-e1639129264905-608x366.jpg 608w, https:\/\/alte.mannschaft.lgbt\/bimber\/wp-content\/uploads\/2021\/12\/schwul-unterm-hakenkreuz-e1639129264905-80x48.jpg 80w, https:\/\/alte.mannschaft.lgbt\/bimber\/wp-content\/uploads\/2021\/12\/schwul-unterm-hakenkreuz-e1639129264905-160x96.jpg 160w, https:\/\/alte.mannschaft.lgbt\/bimber\/wp-content\/uploads\/2021\/12\/schwul-unterm-hakenkreuz-e1639129264905-400x241.jpg 400w\" data-sizes=\"(max-width: 625px) 100vw, 625px\" \/><\/a><figcaption id=\"caption-attachment-125893\" class=\"wp-caption-text\">Franz Doms ist eines der vergessenen Opfer der NS-Justiz (Foto: Kremayr &amp; Scheriau)<\/figcaption><\/figure>\n<p>Seit einiger Zeit besch\u00e4ftigen sich die beiden jugendlichen IT-Sch\u00fcler*innen mit queerer Geschichte und sind in der queeren Community Wiens politisch aktiv. Ihr Interesse an der Pflege der Grabst\u00e4tte von Franz Doms begann eigentlich damit, als Katjas Mutter ihre Tochter auf den Tweet des ORF-Journalisten J\u00fcrgen Pettinger \u00fcbers Grab von Franz Doms aufmerksam gemacht hatte.<\/p>\n<p><strong>Von Geschichte ber\u00fchrt<\/strong><br \/>\nIn weiterer Folge habe Katjas Mutter sie motiviert, gemeinsam mit ihren Freund*innen eine Kerze an Doms Grab anzuz\u00fcnden. Noch am selben Tag war Katja mit ihrem Schulfreund Wilhelm, der sofort von Katjas Idee begeistert war, vor Ort am Wiener Zentralfriedhof, wo sie gemeinsam die Grabst\u00e4tte von Franz Doms mit Kerzen schm\u00fcckten.<\/p>\n<p>Wilhelm sagt gegen\u00fcber MANNSCHAFT, wie sehr er von Doms beeindruckender Geschichte ber\u00fchrt sei, obwohl er anfangs nicht viel \u00fcber den damals jungen Widerstandsk\u00e4mpfer wusste. Schliesslich habe Katja sich mit der Geschichte von Franz Doms noch weiter auseinandergesetzt und auch die Folge des <a href=\"https:\/\/deutschepodcasts.de\/podcast\/grosse-tochter\/69-jurgen-pettinger-uber-die-verfolgung-schwuler-m\">feministischen Podcasts \u00abGrosse T\u00f6chter\u00bb von Beatrice Frasl mit dem ORF-Journalisten J\u00fcrgen Pettinger<\/a> im Gespr\u00e4ch angeh\u00f6rt.<\/p>\n<figure id=\"attachment_127850\" aria-describedby=\"caption-attachment-127850\" style=\"width: 425px\" class=\"wp-caption alignnone\"><a href=\"https:\/\/mannschaft.com\/bimber\/wp-content\/uploads\/2022\/01\/Bild1_Katja_an_Doms_Grab_20220108_121524.jpg\"><img data-expand=\"600\" decoding=\"async\" loading=\"lazy\" class=\"lazyload wp-image-127850 size-large\" src=\"data:image\/svg+xml;charset=utf-8,%3Csvg xmlns%3D'http%3A%2F%2Fwww.w3.org%2F2000%2Fsvg' viewBox%3D'0 0 425 567'%2F%3E\" data-src=\"https:\/\/mannschaft.com\/bimber\/wp-content\/uploads\/2022\/01\/Bild1_Katja_an_Doms_Grab_20220108_121524-425x567.jpg\" alt=\"Franz Doms\" width=\"425\" height=\"567\" data-srcset=\"https:\/\/alte.mannschaft.lgbt\/bimber\/wp-content\/uploads\/2022\/01\/Bild1_Katja_an_Doms_Grab_20220108_121524-425x567.jpg 425w, https:\/\/alte.mannschaft.lgbt\/bimber\/wp-content\/uploads\/2022\/01\/Bild1_Katja_an_Doms_Grab_20220108_121524-225x300.jpg 225w, https:\/\/alte.mannschaft.lgbt\/bimber\/wp-content\/uploads\/2022\/01\/Bild1_Katja_an_Doms_Grab_20220108_121524-561x748.jpg 561w, https:\/\/alte.mannschaft.lgbt\/bimber\/wp-content\/uploads\/2022\/01\/Bild1_Katja_an_Doms_Grab_20220108_121524-265x353.jpg 265w, https:\/\/alte.mannschaft.lgbt\/bimber\/wp-content\/uploads\/2022\/01\/Bild1_Katja_an_Doms_Grab_20220108_121524-531x708.jpg 531w, https:\/\/alte.mannschaft.lgbt\/bimber\/wp-content\/uploads\/2022\/01\/Bild1_Katja_an_Doms_Grab_20220108_121524-364x485.jpg 364w, https:\/\/alte.mannschaft.lgbt\/bimber\/wp-content\/uploads\/2022\/01\/Bild1_Katja_an_Doms_Grab_20220108_121524-728x971.jpg 728w, https:\/\/alte.mannschaft.lgbt\/bimber\/wp-content\/uploads\/2022\/01\/Bild1_Katja_an_Doms_Grab_20220108_121524-608x811.jpg 608w, https:\/\/alte.mannschaft.lgbt\/bimber\/wp-content\/uploads\/2022\/01\/Bild1_Katja_an_Doms_Grab_20220108_121524-36x48.jpg 36w, https:\/\/alte.mannschaft.lgbt\/bimber\/wp-content\/uploads\/2022\/01\/Bild1_Katja_an_Doms_Grab_20220108_121524-72x96.jpg 72w, https:\/\/alte.mannschaft.lgbt\/bimber\/wp-content\/uploads\/2022\/01\/Bild1_Katja_an_Doms_Grab_20220108_121524-300x400.jpg 300w, https:\/\/alte.mannschaft.lgbt\/bimber\/wp-content\/uploads\/2022\/01\/Bild1_Katja_an_Doms_Grab_20220108_121524-400x533.jpg 400w, https:\/\/alte.mannschaft.lgbt\/bimber\/wp-content\/uploads\/2022\/01\/Bild1_Katja_an_Doms_Grab_20220108_121524.jpg 750w\" data-sizes=\"(max-width: 425px) 100vw, 425px\" \/><\/a><figcaption id=\"caption-attachment-127850\" class=\"wp-caption-text\">Katja am Grab von Franz Doms, das mit einer Regenbogenfahne geschm\u00fcckt ist (Foto: Veronika Reininger)<\/figcaption><\/figure>\n<p>\u00abDie Geschichte \u00fcber den 21-j\u00e4hrigen Widerstandsk\u00e4mpfer, der im Jahr 1944 am Wiener Landesgericht hingerichtet wurde, weil er homosexuell war, hat mich sehr mitgenommen\u00bb, sagt Katja. Bereits ein paar Tage sp\u00e4ter sei das Buch von Pettinger mit dem Titel \u00abFranz \u2013 Schwul unter dem Hakenkreuz\u00bb erschienen, das Katja innerhalb eines Tages ausgelesen hat.<\/p>\n<p><strong>\u00dcber historische LGBTIQ-Verfolgung wird nicht gesprochen<\/strong><br \/>\nLeider werde im \u00f6sterreichischen Schulunterricht viel zu wenig \u00fcber die historische Verfolgung von Homosexuellen und anderen Minderheiten gesprochen, sagt Wilhelm. Umso mehr sei er seinerseits dankbar f\u00fcr den Beitrag via Twitter, weil er dadurch auf die Geschichte von Franz Doms aufmerksam gemacht wurde. Es sei wichtig, sich stets an solche Ereignisse zu erinnern, meint Wilhelm.<\/p>\n<figure id=\"attachment_127849\" aria-describedby=\"caption-attachment-127849\" style=\"width: 425px\" class=\"wp-caption alignnone\"><a href=\"https:\/\/mannschaft.com\/bimber\/wp-content\/uploads\/2022\/01\/Bild2_Wilhelm_an_Doms_Grab_20220108_121842.jpg\"><img data-expand=\"600\" decoding=\"async\" loading=\"lazy\" class=\"lazyload size-large wp-image-127849\" src=\"data:image\/svg+xml;charset=utf-8,%3Csvg xmlns%3D'http%3A%2F%2Fwww.w3.org%2F2000%2Fsvg' viewBox%3D'0 0 425 322'%2F%3E\" data-src=\"https:\/\/mannschaft.com\/bimber\/wp-content\/uploads\/2022\/01\/Bild2_Wilhelm_an_Doms_Grab_20220108_121842-425x322.jpg\" alt=\"Franz Doms\" width=\"425\" height=\"322\" data-srcset=\"https:\/\/alte.mannschaft.lgbt\/bimber\/wp-content\/uploads\/2022\/01\/Bild2_Wilhelm_an_Doms_Grab_20220108_121842-425x322.jpg 425w, https:\/\/alte.mannschaft.lgbt\/bimber\/wp-content\/uploads\/2022\/01\/Bild2_Wilhelm_an_Doms_Grab_20220108_121842-300x227.jpg 300w, https:\/\/alte.mannschaft.lgbt\/bimber\/wp-content\/uploads\/2022\/01\/Bild2_Wilhelm_an_Doms_Grab_20220108_121842-768x582.jpg 768w, https:\/\/alte.mannschaft.lgbt\/bimber\/wp-content\/uploads\/2022\/01\/Bild2_Wilhelm_an_Doms_Grab_20220108_121842-192x144.jpg 192w, https:\/\/alte.mannschaft.lgbt\/bimber\/wp-content\/uploads\/2022\/01\/Bild2_Wilhelm_an_Doms_Grab_20220108_121842-90x67.jpg 90w, https:\/\/alte.mannschaft.lgbt\/bimber\/wp-content\/uploads\/2022\/01\/Bild2_Wilhelm_an_Doms_Grab_20220108_121842-180x135.jpg 180w, https:\/\/alte.mannschaft.lgbt\/bimber\/wp-content\/uploads\/2022\/01\/Bild2_Wilhelm_an_Doms_Grab_20220108_121842-561x425.jpg 561w, https:\/\/alte.mannschaft.lgbt\/bimber\/wp-content\/uploads\/2022\/01\/Bild2_Wilhelm_an_Doms_Grab_20220108_121842-265x201.jpg 265w, https:\/\/alte.mannschaft.lgbt\/bimber\/wp-content\/uploads\/2022\/01\/Bild2_Wilhelm_an_Doms_Grab_20220108_121842-531x402.jpg 531w, https:\/\/alte.mannschaft.lgbt\/bimber\/wp-content\/uploads\/2022\/01\/Bild2_Wilhelm_an_Doms_Grab_20220108_121842-364x276.jpg 364w, https:\/\/alte.mannschaft.lgbt\/bimber\/wp-content\/uploads\/2022\/01\/Bild2_Wilhelm_an_Doms_Grab_20220108_121842-728x552.jpg 728w, https:\/\/alte.mannschaft.lgbt\/bimber\/wp-content\/uploads\/2022\/01\/Bild2_Wilhelm_an_Doms_Grab_20220108_121842-608x461.jpg 608w, https:\/\/alte.mannschaft.lgbt\/bimber\/wp-content\/uploads\/2022\/01\/Bild2_Wilhelm_an_Doms_Grab_20220108_121842-758x575.jpg 758w, https:\/\/alte.mannschaft.lgbt\/bimber\/wp-content\/uploads\/2022\/01\/Bild2_Wilhelm_an_Doms_Grab_20220108_121842-63x48.jpg 63w, https:\/\/alte.mannschaft.lgbt\/bimber\/wp-content\/uploads\/2022\/01\/Bild2_Wilhelm_an_Doms_Grab_20220108_121842-127x96.jpg 127w, https:\/\/alte.mannschaft.lgbt\/bimber\/wp-content\/uploads\/2022\/01\/Bild2_Wilhelm_an_Doms_Grab_20220108_121842-400x303.jpg 400w, https:\/\/alte.mannschaft.lgbt\/bimber\/wp-content\/uploads\/2022\/01\/Bild2_Wilhelm_an_Doms_Grab_20220108_121842.jpg 1000w\" data-sizes=\"(max-width: 425px) 100vw, 425px\" \/><\/a><figcaption id=\"caption-attachment-127849\" class=\"wp-caption-text\">Wihelm am Grab von Franz Doms in Wien (Foto: Veronika Reininger)<\/figcaption><\/figure>\n<p>Was Katja bei der Geschichte von Franz Doms vor allem f\u00fchlt sei: Angst. Die Angst davor, so etwas k\u00f6nnte wieder passieren, wenn homosexuelle Menschen u. a. in \u00d6sterreich abermals verfolgt w\u00fcrden, sagt sie. Deshalb halte sie das Erinnern f\u00fcr besonders wichtig. Und darum haben Wilhelm und Katja bewusst die Grabst\u00e4tte von Franz Doms gew\u00e4hlt, um diese im Rahmen von \u00abNiemals vergessen\u00bb regelm\u00e4ssig zu pflegen.<\/p>\n<p>Ein Appell oder eine Aufforderung an das \u00f6sterreichische Bildungsministerium k\u00f6nnte dabei helfen, den Geschichtsunterricht in Zukunft zu adaptieren. Um niemals zu vergessen \u2013 und gleichzeitig, um wieder angstfrei zu leben in \u00d6sterreich, in Europa oder auch weltweit.<\/p>\n<p><strong>In Berlin wurde k\u00fcrzlich das Grab der trans Frau Ella mit Feuerl\u00f6scher und Benzinkanister gesch\u00e4ndet <a href=\"https:\/\/mannschaft.com\/grab-von-trans-frau-ella-mit-feuerloescher-und-benzinkanister-geschaendet\/\" target=\"_blank\" rel=\"noopener\">(MANNSCHAFT berichtete)<\/a>.<\/strong><\/p>\n","protected":false},"excerpt":{"rendered":"<p>#Wien K\u00fcrzlich wurde das Grab des schwulen NS-Opfers Franz Doms gesch\u00e4ndet. Katja &#038; Wilhelm pflegen das Grab \u2013 damit es weiter existiert, damit sich alle erinnern k\u00f6nnen, was passiert ist. #Niewieder <a class=\"g1-link g1-link-more\" href=\"https:\/\/alte.mannschaft.lgbt\/bimber\/franz-doms-mehr-queere-geschichte-im-oesterreichischen-schulunterricht-noetig\/\">Weiterlesen<\/a><\/p>\n","protected":false},"author":2308,"featured_media":128033,"comment_status":"closed","ping_status":"closed","sticky":false,"template":"","format":"standard","meta":[],"categories":[4371,2527],"tags":[5461,567],"wps_subtitle":"Zwei Jugendliche pflegen das Grab von Franz Doms","_links":{"self":[{"href":"https:\/\/alte.mannschaft.lgbt\/bimber\/wp-json\/wp\/v2\/posts\/127848"}],"collection":[{"href":"https:\/\/alte.mannschaft.lgbt\/bimber\/wp-json\/wp\/v2\/posts"}],"about":[{"href":"https:\/\/alte.mannschaft.lgbt\/bimber\/wp-json\/wp\/v2\/types\/post"}],"author":[{"embeddable":true,"href":"https:\/\/alte.mannschaft.lgbt\/bimber\/wp-json\/wp\/v2\/users\/2308"}],"replies":[{"embeddable":true,"href":"https:\/\/alte.mannschaft.lgbt\/bimber\/wp-json\/wp\/v2\/comments?post=127848"}],"version-history":[{"count":5,"href":"https:\/\/alte.mannschaft.lgbt\/bimber\/wp-json\/wp\/v2\/posts\/127848\/revisions"}],"predecessor-version":[{"id":128037,"href":"https:\/\/alte.mannschaft.lgbt\/bimber\/wp-json\/wp\/v2\/posts\/127848\/revisions\/128037"}],"wp:featuredmedia":[{"embeddable":true,"href":"https:\/\/alte.mannschaft.lgbt\/bimber\/wp-json\/wp\/v2\/media\/128033"}],"wp:attachment":[{"href":"https:\/\/alte.mannschaft.lgbt\/bimber\/wp-json\/wp\/v2\/media?parent=127848"}],"wp:term":[{"taxonomy":"category","embeddable":true,"href":"https:\/\/alte.mannschaft.lgbt\/bimber\/wp-json\/wp\/v2\/categories?post=127848"},{"taxonomy":"post_tag","embeddable":true,"href":"https:\/\/alte.mannschaft.lgbt\/bimber\/wp-json\/wp\/v2\/tags?post=127848"}],"curies":[{"name":"wp","href":"https:\/\/api.w.org\/{rel}","templated":true}]}}