{"id":127655,"date":"2022-01-10T06:46:53","date_gmt":"2022-01-10T05:46:53","guid":{"rendered":"https:\/\/mannschaft.com\/?p=127655"},"modified":"2022-01-17T08:42:15","modified_gmt":"2022-01-17T07:42:15","slug":"nach-kritik-zurich-pride-zieht-motto-transnormal-zurueck","status":"publish","type":"post","link":"https:\/\/alte.mannschaft.lgbt\/bimber\/nach-kritik-zurich-pride-zieht-motto-transnormal-zurueck\/","title":{"rendered":"Nach Kritik: Zurich Pride zieht Motto \u00abtrans*normal\u00bb zur\u00fcck"},"content":{"rendered":"<h3>Erstmals in der 27-j\u00e4hrigen Geschichte der Zurich Pride sollte der Fokus auf die rechtliche Situation und die Herausforderungen von trans Menschen gelegt werden. Doch dann hagelte es Kritik.<\/h3>\n<p>Die Vielfalt innerhalb der trans Community ist gross, der Weg zu Anerkennung im Alltag, bei der Arbeit und im Umfeld ebenfalls. Die wichtigste Botschaft ist jedoch, dass der Mensch hinter der Transition der gleiche bleibe, eben \u00abtrans*normal &#8211; Mensch bleibt Mensch\u00bb, erkl\u00e4rten die Veranstalter*innen der Zurich Pride vergangene Woche <a href=\"https:\/\/mannschaft.com\/motto-fuer-zurich-pride-2022-erstmals-fokus-auf-trans-menschen\/\" target=\"_blank\" rel=\"noopener\">(MANNSCHAFT berichtete)<\/a><\/p>\n<p>Es sei h\u00f6chste Zeit die Gesellschaft in der Sprache und im Umgang mit trans Menschen aufzukl\u00e4ren, hiess es. Die Zurich Pride sehe sich verpflichtet, eine tragende Rolle einzunehmen, wichtige Themen anzusprechen und allen trans Menschen ein hoffentlich sorgenfreieres Leben zu erm\u00f6glichen.<\/p>\n<p>Doch dann kam schnell die Kritik. Dem Verein wurde \u00abAssimilationspolitik\u00bb vorgeworfen. \u00abCisnormativit\u00e4t soll nicht erhalten sondern gesprengt werden!\u00bb, hiess es beispielsweise auf Twitter.<\/p>\n<p>Der Schriftsteller <a href=\"https:\/\/mannschaft.com\/queerer-buchtipp-opoe-von-donat-blum\/\" target=\"_blank\" rel=\"noopener\">Donat Blum<\/a> etwa erkl\u00e4rte via Facebook, er halte das gew\u00e4hlte Motto gleich mehrfach problematisch. \u00abNormal sein m\u00fcssen wir bereits an den anderen 364 tagen im jahr. Ich m\u00f6chte mich daher dem appell an die gr\u00f6sse der organisator*innen anschliessen, das motto zur\u00fcckzunehmen und so zu \u00fcberarbeiten, dass es ohne &#8218;internalisierte queerfeindlichkeit&#8216; (zitat Hannes Rudolph hier auf FB) auskommt.\u00bb<\/p>\n<p>Zuerst erkl\u00e4rte man, das Motto, von trans und nicht-bin\u00e4ren Personen entwickelt, besser erkl\u00e4ren zu wollen.<\/p>\n<p><a href=\"https:\/\/mannschaft.com\/bimber\/wp-content\/uploads\/2022\/01\/zurich-pride_.jpg\"><img data-expand=\"600\" decoding=\"async\" loading=\"lazy\" class=\"lazyload alignnone size-large wp-image-127656\" src=\"data:image\/svg+xml;charset=utf-8,%3Csvg xmlns%3D'http%3A%2F%2Fwww.w3.org%2F2000%2Fsvg' viewBox%3D'0 0 425 501'%2F%3E\" data-src=\"https:\/\/mannschaft.com\/bimber\/wp-content\/uploads\/2022\/01\/zurich-pride_-425x501.jpg\" alt=\"\" width=\"425\" height=\"501\" \/><\/a><\/p>\n<p>Am Sonntag dann haben die Organisator*innen dem Druck schliesslich nachgegeben: Man werde das Motto \u00e4ndern.<\/p>\n<blockquote class=\"instagram-media\" style=\"background: #FFF; border: 0; border-radius: 3px; box-shadow: 0 0 1px 0 rgba(0,0,0,0.5),0 1px 10px 0 rgba(0,0,0,0.15); margin: 1px; max-width: 540px; min-width: 326px; padding: 0; width: calc(100% - 2px);\" data-instgrm-permalink=\"https:\/\/www.instagram.com\/p\/CYgqQUbK4Mi\/?utm_source=ig_embed&amp;utm_campaign=loading\" data-instgrm-version=\"14\">\n<div style=\"padding: 16px;\">\n<p>&nbsp;<\/p>\n<div style=\"display: flex; flex-direction: row; align-items: center;\">\n<div style=\"background-color: #f4f4f4; border-radius: 50%; flex-grow: 0; height: 40px; margin-right: 14px; width: 40px;\"><\/div>\n<div style=\"display: flex; flex-direction: column; flex-grow: 1; justify-content: center;\">\n<div style=\"background-color: #f4f4f4; border-radius: 4px; flex-grow: 0; height: 14px; margin-bottom: 6px; width: 100px;\"><\/div>\n<div style=\"background-color: #f4f4f4; border-radius: 4px; flex-grow: 0; height: 14px; width: 60px;\"><\/div>\n<\/div>\n<\/div>\n<div style=\"padding: 19% 0;\"><\/div>\n<div style=\"display: block; height: 50px; margin: 0 auto 12px; width: 50px;\"><\/div>\n<div style=\"padding-top: 8px;\">\n<div style=\"color: #3897f0; font-family: Arial,sans-serif; font-size: 14px; font-style: normal; font-weight: 550; line-height: 18px;\">Sieh dir diesen Beitrag auf Instagram an<\/div>\n<\/div>\n<div style=\"padding: 12.5% 0;\"><\/div>\n<div style=\"display: flex; flex-direction: row; margin-bottom: 14px; align-items: center;\">\n<div>\n<div style=\"background-color: #f4f4f4; border-radius: 50%; height: 12.5px; width: 12.5px; transform: translateX(0px) translateY(7px);\"><\/div>\n<div style=\"background-color: #f4f4f4; height: 12.5px; transform: rotate(-45deg) translateX(3px) translateY(1px); width: 12.5px; flex-grow: 0; margin-right: 14px; margin-left: 2px;\"><\/div>\n<div style=\"background-color: #f4f4f4; border-radius: 50%; height: 12.5px; width: 12.5px; transform: translateX(9px) translateY(-18px);\"><\/div>\n<\/div>\n<div style=\"margin-left: 8px;\">\n<div style=\"background-color: #f4f4f4; border-radius: 50%; flex-grow: 0; height: 20px; width: 20px;\"><\/div>\n<div style=\"width: 0; height: 0; border-top: 2px solid transparent; border-left: 6px solid #f4f4f4; border-bottom: 2px solid transparent; transform: translateX(16px) translateY(-4px) rotate(30deg);\"><\/div>\n<\/div>\n<div style=\"margin-left: auto;\">\n<div style=\"width: 0px; border-top: 8px solid #F4F4F4; border-right: 8px solid transparent; transform: translateY(16px);\"><\/div>\n<div style=\"background-color: #f4f4f4; flex-grow: 0; height: 12px; width: 16px; transform: translateY(-4px);\"><\/div>\n<div style=\"width: 0; height: 0; border-top: 8px solid #F4F4F4; border-left: 8px solid transparent; transform: translateY(-4px) translateX(8px);\"><\/div>\n<\/div>\n<\/div>\n<div style=\"display: flex; flex-direction: column; flex-grow: 1; justify-content: center; margin-bottom: 24px;\">\n<div style=\"background-color: #f4f4f4; border-radius: 4px; flex-grow: 0; height: 14px; margin-bottom: 6px; width: 224px;\"><\/div>\n<div style=\"background-color: #f4f4f4; border-radius: 4px; flex-grow: 0; height: 14px; width: 144px;\"><\/div>\n<\/div>\n<p>&nbsp;<\/p>\n<p style=\"color: #c9c8cd; font-family: Arial,sans-serif; font-size: 14px; line-height: 17px; margin-bottom: 0; margin-top: 8px; overflow: hidden; padding: 8px 0 7px; text-align: center; text-overflow: ellipsis; white-space: nowrap;\"><a style=\"color: #c9c8cd; font-family: Arial,sans-serif; font-size: 14px; font-style: normal; font-weight: normal; line-height: 17px; text-decoration: none;\" href=\"https:\/\/www.instagram.com\/p\/CYgqQUbK4Mi\/?utm_source=ig_embed&amp;utm_campaign=loading\" target=\"_blank\" rel=\"noopener\">Ein Beitrag geteilt von Zurich Pride\ud83c\udde8\ud83c\udded\ud83c\udff3\ufe0f\u200d\ud83c\udf08\ud83c\udff3\ufe0f\u200d\u26a7\ufe0f (@zurichpride)<\/a><\/p>\n<\/div>\n<\/blockquote>\n<p><script async src=\"\/\/www.instagram.com\/embed.js\"><\/script><\/p>\n<p>Doch aus der Community kommt weiter Kritik. User*in \u00abstettleeer\u00bb etwa erkl\u00e4rt in einem Kommentar: \u00abF\u00fchle ich mich als Teil der trans Community ernst genommen, nach dem mehrheitlich cis-Personen auf die Kritik-Kommentare geantwortet hatten? Nachdem eure erste offizielle Reaktion war, dass ihr das Motto noch besser erkl\u00e4ren wollt? Nachdem ihr ununterbrochen diese Arbeitsgruppe bestehend aus 10 trans Menschen vorgeschoben habt, und basically gesagt habt &#8217;sie haben das so gewollt&#8216; und dann weitere trans Stimmen fast ignoriert habt? N\u00f6.\u00bb<\/p>\n<p>Die n\u00e4chste Zurich Pride Week findet vom 6. bis 19. Juni 2022 statt. Geplante H\u00f6hepunkte sind unter anderem der politische Demonstrationsumzug durch die Z\u00fcrcher Innenstadt am 18. Juni und das Festival auf dem Z\u00fcrcher Kasernenareal und Zeughaushof am 17. und 18. Juni. Mit dem Pride<br \/>\nGottesdienst am Sonntag, 19. Juni, endet der gr\u00f6sste queere Anlass der Schweiz. Alle Anl\u00e4sse sollen unter Einhaltung der zu diesem Zeitpunkt geltenden Schutzmassnahmen stattfinden.<\/p>\n<p>F\u00fcr viele trans Menschen war der 1. Januar 2022 ein historischer Tag: Neu k\u00f6nnen trans Menschen ihr amtliches Geschlecht unkompliziert auf einem Zivilstandsamt \u00e4ndern lassen und m\u00fcssen nicht mehr mittels Gerichtsverfahren ihre Geschlechtsidentit\u00e4t beweisen.<\/p>\n<p>Diese \u00c4nderung ist jedoch nicht ohne Beigeschmack, denn das Mindestalter 16 Jahre wurde ins<br \/>\nGesetz aufgenommen, anstatt des Kriteriums der Urteilsf\u00e4higkeit. Auch bei der Erweiterung der<br \/>\nAntirassismus-Strafnorm, wor\u00fcber das Stimmvolk am 9. Februar 2020 zugestimmt hatte, war nur die<br \/>\nDiskriminierung aufgrund der sexuellen Orientierung im Gesetzestext verankert. Die zus\u00e4tzliche<br \/>\nErweiterung der Geschlechtsidentit\u00e4t wurde in der Beratung des St\u00e4nderats vom November 2018<br \/>\nwieder herausgestrichen <a href=\"https:\/\/mannschaft.com\/kampagne-gegen-erweiterte-anti-rassismusstrafnorm-gestartet\/\" target=\"_blank\" rel=\"noopener\">(MANNSCHAFT berichtete)<\/a>.<\/p>\n<p><strong>Vor zwei Jahren musste auch die Cologne Pride ein umstrittenes Motto zur\u00fcckziehen: Es gab viel Streit um \u00abEinigkeit! Recht! Freiheit!\u00bb <a href=\"https:\/\/mannschaft.com\/cologne-pride-2020-zieht-umstrittenes-motto-zurueck\/\" target=\"_blank\" rel=\"noopener\">(MANNSCHAFT berichtete)<\/a>.<\/strong><\/p>\n","protected":false},"excerpt":{"rendered":"<p>Erstmals in der Geschichte der #Zurich Pride sollte der Fokus auf die Situation u. die Herausforderungen von #trans Menschen gelegt werden. Dann hagelte es Kritik: Das Motto \u00abtrans*normal\u00bb ist vom Tisch. <a class=\"g1-link g1-link-more\" href=\"https:\/\/alte.mannschaft.lgbt\/bimber\/nach-kritik-zurich-pride-zieht-motto-transnormal-zurueck\/\">Weiterlesen<\/a><\/p>\n","protected":false},"author":1,"featured_media":91179,"comment_status":"closed","ping_status":"closed","sticky":false,"template":"","format":"standard","meta":[],"categories":[1340],"tags":[5507,5503],"wps_subtitle":"Dem Verein wurde u.a. \u00abAssimilationspolitik\u00bb vorgeworfen","_links":{"self":[{"href":"https:\/\/alte.mannschaft.lgbt\/bimber\/wp-json\/wp\/v2\/posts\/127655"}],"collection":[{"href":"https:\/\/alte.mannschaft.lgbt\/bimber\/wp-json\/wp\/v2\/posts"}],"about":[{"href":"https:\/\/alte.mannschaft.lgbt\/bimber\/wp-json\/wp\/v2\/types\/post"}],"author":[{"embeddable":true,"href":"https:\/\/alte.mannschaft.lgbt\/bimber\/wp-json\/wp\/v2\/users\/1"}],"replies":[{"embeddable":true,"href":"https:\/\/alte.mannschaft.lgbt\/bimber\/wp-json\/wp\/v2\/comments?post=127655"}],"version-history":[{"count":5,"href":"https:\/\/alte.mannschaft.lgbt\/bimber\/wp-json\/wp\/v2\/posts\/127655\/revisions"}],"predecessor-version":[{"id":128363,"href":"https:\/\/alte.mannschaft.lgbt\/bimber\/wp-json\/wp\/v2\/posts\/127655\/revisions\/128363"}],"wp:featuredmedia":[{"embeddable":true,"href":"https:\/\/alte.mannschaft.lgbt\/bimber\/wp-json\/wp\/v2\/media\/91179"}],"wp:attachment":[{"href":"https:\/\/alte.mannschaft.lgbt\/bimber\/wp-json\/wp\/v2\/media?parent=127655"}],"wp:term":[{"taxonomy":"category","embeddable":true,"href":"https:\/\/alte.mannschaft.lgbt\/bimber\/wp-json\/wp\/v2\/categories?post=127655"},{"taxonomy":"post_tag","embeddable":true,"href":"https:\/\/alte.mannschaft.lgbt\/bimber\/wp-json\/wp\/v2\/tags?post=127655"}],"curies":[{"name":"wp","href":"https:\/\/api.w.org\/{rel}","templated":true}]}}