{"id":125005,"date":"2021-11-30T09:01:07","date_gmt":"2021-11-30T08:01:07","guid":{"rendered":"https:\/\/mannschaft.com\/?p=125005"},"modified":"2021-12-01T10:02:53","modified_gmt":"2021-12-01T09:02:53","slug":"lgbtiq-hoffen-auf-regierungswechsel-in-ungarn","status":"publish","type":"post","link":"https:\/\/alte.mannschaft.lgbt\/bimber\/lgbtiq-hoffen-auf-regierungswechsel-in-ungarn\/","title":{"rendered":"LGBTIQ hoffen auf Regierungswechsel in Ungarn"},"content":{"rendered":"<h3>Im kommenden Jahr wird in Ungarn gew\u00e4hlt. Die dortige LGBTIQ-Community hofft, dass sich die Lage f\u00fcr sie danach verbessert. Wir haben mit queeren Exil-Ungar*innen in Wien gesprochen.<\/h3>\n<p>In diesem Sommer des Jahres 2021 haben Gewalt und Hass gegen LGBTQ-Menschen zugenommen, sagt Rita, eine in Wien lebende ungarische Feministin. \u00abMenschen, in Regenbogenfarben gekleidet, werden auf der Strasse angegriffen und Beschwerden gegen Menschen erhoben, die Regenbogenfahnen von ihren Balkonen h\u00e4ngen. Auch gegen Netflix wurde formal eine Beschwerde eingereicht, weil in einer der Kindersendungen ein nicht-bin\u00e4rer Bison zu sehen ist.\u00bb<\/p>\n<p>Seit 29. Mai des Jahres 2010 regiert Viktor Orb\u00e1n wie ein Diktator in Ungarn: Menschenrechtsverletzungen und homosexuellenfeindliche Gesetze sind auf der Tagesordnung seiner Regentschaft in diesem Land. Ein Schock f\u00fcr die LGBTIQ-Gesellschaft, vor allem f\u00fcr jene Homosexuelle, die in Ungarn leben, aber im kommenden Jahr 2022 finden die n\u00e4chsten Wahlen in Ungarn statt. Wird es einen alternativen Ausweg geben, um in diesem Land auch f\u00fcr die LGBTIQ-Community wieder ein gleichberechtigtes Leben zu erm\u00f6glichen?<\/p>\n<p>Laut einer Studie vom April des Jahres 2013 \u00fcber die ungarische Community in \u00d6sterreich geh\u00f6ren die Ungarinnen und Ungar mit fast 46.000 Menschen zur achtgr\u00f6ssten Migrant*innengruppe in \u00d6sterreich, die vor allem in Wien, Nieder\u00f6sterreich und im Burgenland leben. Viele Vereine der ungarischen Community, insbesonders aus den k\u00fcnstlerischen, folkloristischen, sprachlichen und sportlichen Aktivit\u00e4ten, haben sich infolge in \u00d6sterreich etabliert. Jedoch die ungarische Regierung negiert mit einem neuen Gesetz seit dem Sommer 2021 die Homo- oder Transsexualit\u00e4t f\u00fcr Jugendliche, gef\u00e4hrdet und verbietet damit alternative Lebensformen.<\/p>\n<p>Die LGBTIQ-Community f\u00fchlt sich in ihrer Freiheit angegriffen und eingeschr\u00e4nkt. Betroffene kritisieren das neue LGBTIQ-Gesetz der ungarischen Regierung, weil diese damit die Community verschwinden lassen wollen und haben Angst vor psychischen Folgen der Diskriminierung. Die ungarische Regierung schr\u00e4nke nicht nur die Freiheit junger Menschen ein, sondern beeinflusse dadurch auch ein Leben lang ihre psychische Gesundheit, so die Kritik von Menschenrechtsorganisationen wie Human Rights Watch laut dem <em>Kurier.<\/em><\/p>\n<p>Jedoch unmittelbar bevor die ungarische Regierung dieses homosexuellenfeindliche LGBTIQ-Gesetz verabschiedet hat, wurde bereits Budapest als Veranstaltungsort f\u00fcr die MTV Europe Music Awards, abgek\u00fcrzt EMAs, beschlossen. Geehrt wurde als Preistr\u00e4gerin des MTV EMA Generation Change Award 2021 u.a. Vikt\u00f3ria Radv\u00e1nyi aus Ungarn <a href=\"https:\/\/mannschaft.com\/mtv-europe-music-awards-in-ungarn-setzt-zeichen-gegen-diskriminierung\/\" target=\"_blank\" rel=\"noopener\">(MANNSCHAFT berichtete)<\/a>. Die junge Aktivistin wurde daf\u00fcr ausgezeichnet, sich mit Mut und Entschlossenheit f\u00fcr ihre Community einzusetzen und sich gegen gewaltsame Homophobie und Transphobie zu wehren, um Gleichheit und Gerechtigkeit f\u00fcr LGBTIQ-Personen zu fordern.<\/p>\n<p>Auch die Sprecherin der \u00f6sterreichischen Gr\u00fcnen f\u00fcr Aussenpolitik, LGBTIQ und Menschenrechte Ewa Ernst-Dziedzic verurteilt die politischen Angriffe von Viktor Orb\u00e1n auf die LGBTIQ-Community. Denn vor einigen Monaten wurde von den Abgeordneten des ungarischen Parlaments ein homosexuellenfeindliches Gesetz verabschiedet, weil die Homosexualit\u00e4t kriminalisiert und Sexualp\u00e4dagogik eingeschr\u00e4nkt wird.<\/p>\n<p>\u00abDas im ungarischen Parlament beschlossene sogenannte Werbeverbot ist ein schockierender R\u00fcckschritt auf dem R\u00fccken von Kindern und Jugendlichen unabh\u00e4ngig ihrer sexuellen Orientierung. Es ist ein perfides Spiel und eine Art S\u00fcndenbock-Politik wie aus dem Lehrbuch\u00bb, sagt Ewa Ernst-Dziedzic. Infolge initiierte die \u00f6sterreichische Gr\u00fcnen-Politikerin eine Mahnwache f\u00fcr LGBTIQ-Rechte an der \u00f6sterreichisch-ungarischen Grenze als sichtbares Zeichen der Solidarit\u00e4t mit der ungarischen LGBTIQ-Community <a href=\"https:\/\/mannschaft.com\/mahnwache-fuer-lgbtiq-rechte-zieht-zur-ungarischen-botschaft\/\" target=\"_blank\" rel=\"noopener\">(MANNSCHAFT berichtete)<\/a>.<\/p>\n<blockquote><p>Homophobe f\u00fchlen sich berechtigt, auf ihre Vorurteile zu reagieren, w\u00e4hrend eine Reihe von LGBTIQ erw\u00e4gen, das Land zu verlassen, oder es bereits verlassen haben.<\/p><\/blockquote>\n<p>\u00abJedoch seit der Verabschiedung des sogenannten P\u00e4dophilie-Gesetzes werden Homophobe ermutigt, sich berechtigt zu f\u00fchlen, auf ihre Vorurteile zu reagieren, w\u00e4hrend eine Reihe von LGBTIQ-Menschen erw\u00e4gen das Land zu verlassen oder es bereits verlassen haben\u00bb, gibt Rita zu bedenken. Darum sei sie skeptisch, ob sich politisch hier etwas ver\u00e4ndert. Schliesslich sei das Wahlsystem voreingenommen. Es ist nicht rein proportional, es gibt 106 Wahlbezirke, wo die Person mit den meisten Stimmen gewinnt, und nur 93 Listenpl\u00e4tze. Deshalb hatte Viktor Orb\u00e1n im Jahr 2014 mit einem Ergebnis von knapp 45 Prozent und im Jahr 2018 mit 49 Prozent eine Zweidrittelmehrheit im Parlament.<\/p>\n<p>Mit der Vereinigung der Opposition gibt es nun zum ersten Mal eine realistische, wenn auch kleine, Chance f\u00fcr einen Regierungswechsel. Im Laufe der Vorwahlen wurde in jedem Wahlbezirk ein einziger Gegenkandidat ausgew\u00e4hlt. Leider hat Orb\u00e1ns Regierung extrem viele Ressourcen, um das Wahlergebnis zu beeinflussen. Zum Beispiel wurde das Meldegesetz entsch\u00e4rft, wodurch tausende W\u00e4hler*innen in den Bezirken sich ummelden k\u00f6nnten, wo ein knappes Ergebnis zu erwarten ist. Orb\u00e1n habe viele Positionen mit seiner Zweidrittelmehrheit sozusagen einbetoniert. Somit ergreifen die Homophoben die Macht mit Gewalt.<\/p>\n<p>Der Kandidat zum Ministerpr\u00e4sidenten <a href=\"https:\/\/mannschaft.com\/peter-marki-zay-will-ein-land-in-dem-selbst-fidesz-politiker-offen-schwul-sein-koennen\/\" target=\"_blank\" rel=\"noopener\">P\u00e9ter M\u00e1rki-Zay<\/a> strebe auch eine neue rechte F\u00fchrung f\u00fcr das Land Ungarn an. Er spreche in einer offiziellen Wahlkampfrede einerseits davon, alle Homosexuelle wie u.a. auch J\u00fcd*innen umfassen ein gemeinsames Wir aller Ungar*innen. Andererseits haben viele in der ungarischen LGBTIQ-Community auch Angst vor einem m\u00f6glichen EU-Austritt seitens Ungarn. Auch k\u00f6nne der Kandidat zum Ministerpr\u00e4sidenten die Gesetze, die den EU-Prinzipien entgegenstehen, aufheben. Darum geh\u00f6re er nicht zu den Verb\u00fcndeten f\u00fcr die LGBTIQ-Menschen, sagt Rita. Die LGBTIQ-Community in Ungarn unterst\u00fctze grossteils die vereinte Opposition, aber einige meinen, sie machen nicht genug, m\u00f6gen den etwas rechteren Kandidaten in der Opposition nicht oder die Opposition sei f\u00fcr einige einfach unf\u00e4hig \u2013 auch f\u00fcr Mil\u00e1n. Mil\u00e1n ist 27 Jahre jung, nicht-bin\u00e4r, bisexuell und lebt seit acht Jahren als Teil der ungarischen LGBTIQ-Community in Wien.<\/p>\n<p><strong>Neue Heimat in \u00d6sterreich<\/strong><br \/>\nEs gibt also viele verschiedene Gr\u00fcnde, um die vereinte Opposition nicht zu w\u00e4hlen, wodurch die die Partei des sogenannten zweischw\u00e4nzigen Hundes, <a href=\"https:\/\/www.facebook.com\/justanotherwordpresspage\" target=\"_blank\" rel=\"noopener\">Magyar K\u00e9tfark\u00fa Kutya P\u00e1rt<\/a>g, eine kleine Satirepartei, viele Proteststimmen bekommen k\u00f6nnte. Sie lasse ihre W\u00e4hler*innen online f\u00fcr Projekte abstimmen, die aus Wahlkampfgelder verwirklicht werden. Auch Mil\u00e1n sympathisiert mit dieser Satirepartei. Als Mil\u00e1n aus Ungarn ausgewandert ist, gab es damals noch die freie Wahl, aber seit 2018 ist die LGBTIQ-Community immer st\u00e4rker im Visier der Regierungspropaganda aufgetaucht. Mit Inkrafttreten der ersten LGBTIQ-feindlichen Gesetze im Jahr 2020 f\u00fchlt es sich so an, als g\u00e4be es keine Wahl mehr nach Ungarn zur\u00fcckzukehren. Auch trotz des guten Verh\u00e4ltnisses zu einigen Freund*innen, sowie Eltern und Geschwister von Mil\u00e1n, die noch in Ungarn leben, habe Mil\u00e1n, insbesonders als trans Person, grosse Angst vor dem homophoben Politikklima in Ungarn. Insofern fokussiere sich Mil\u00e1n auf \u00d6sterreich als neues Heimatland, obwohl viele trans Freund*innen noch in Ungarn leben.<\/p>\n<p><strong>Die Sch\u00e4den durch Hasspropaganda sind nicht leicht zu reparieren<br \/>\n<\/strong>\u00abDaf\u00fcr bewundere ich ihren Mut und ihre Standhaftigkeit\u00bb, sagt Mil\u00e1n. Aber ein Regierungswechsel nach den ungarischen Parlamentswahlen 2022 k\u00f6nne Hoffnung bringen, auch wenn die Sch\u00e4den, die die Hasspropaganda bis dato verursacht hat, nicht leicht zu reparieren seien, sagt Mil\u00e1n. Aus der Sicht der ungarischen LGBTIQ-Community in \u00d6sterreich sei es wichtig, um die Situation in Ungarn zu verbessern, vor allem medial darauf aufmerksam zu machen und \u00f6ffentlich dar\u00fcber zu thematisieren, oder jene Ungar*innen, die nach \u00d6sterreich auswandern wollen, zu unterst\u00fctzen, sagt Mil\u00e1n. Infolge gibt es f\u00fcr Mil\u00e1n derzeit keine legale M\u00f6glichkeit mehr, das Geschlecht anzupassen, was viel mehr motiviere, um die \u00f6sterreichische Staatsb\u00fcrgerschaft zu beantragen.<\/p>\n<p>\u00abAber am Wahltag werde ich Stimmen mit ausz\u00e4hlen\u00bb, sagt Mil\u00e1n. Das Ergebnis d\u00fcrfte knapp werden, da m\u00fcsse genau kontrolliert werden. Aber ob Mil\u00e1n die Satirepartei oder doch die vereinigte Opposition schliesslich w\u00e4hlen wird, ist noch offen. Es w\u00e4re am besten, die Satirepartei erreiche die F\u00fcnf-Prozent-H\u00fcrde und schaffe mit der vereinigten Opposition gemeinsam eine Mehrheit \u00fcber Orb\u00e1ns Partei, hofft Mil\u00e1n.<\/p>\n","protected":false},"excerpt":{"rendered":"<p>Kommendes Jahr wird in #Ungarn gew\u00e4hlt. Die dortige #LGBTIQ-Community hofft, dass sich die Lage f\u00fcr sie danach verbessert. Wir haben mit queeren Exil-Ungar*innen in #Wien gesprochen. <a class=\"g1-link g1-link-more\" href=\"https:\/\/alte.mannschaft.lgbt\/bimber\/lgbtiq-hoffen-auf-regierungswechsel-in-ungarn\/\">Weiterlesen<\/a><\/p>\n","protected":false},"author":2308,"featured_media":115591,"comment_status":"closed","ping_status":"closed","sticky":false,"template":"","format":"standard","meta":[],"categories":[2527],"tags":[3196,4138,567],"wps_subtitle":"Ungar*innen machen die achtgr\u00f6sste Migrant*innengruppe in \u00d6sterreich aus","_links":{"self":[{"href":"https:\/\/alte.mannschaft.lgbt\/bimber\/wp-json\/wp\/v2\/posts\/125005"}],"collection":[{"href":"https:\/\/alte.mannschaft.lgbt\/bimber\/wp-json\/wp\/v2\/posts"}],"about":[{"href":"https:\/\/alte.mannschaft.lgbt\/bimber\/wp-json\/wp\/v2\/types\/post"}],"author":[{"embeddable":true,"href":"https:\/\/alte.mannschaft.lgbt\/bimber\/wp-json\/wp\/v2\/users\/2308"}],"replies":[{"embeddable":true,"href":"https:\/\/alte.mannschaft.lgbt\/bimber\/wp-json\/wp\/v2\/comments?post=125005"}],"version-history":[{"count":10,"href":"https:\/\/alte.mannschaft.lgbt\/bimber\/wp-json\/wp\/v2\/posts\/125005\/revisions"}],"predecessor-version":[{"id":125146,"href":"https:\/\/alte.mannschaft.lgbt\/bimber\/wp-json\/wp\/v2\/posts\/125005\/revisions\/125146"}],"wp:featuredmedia":[{"embeddable":true,"href":"https:\/\/alte.mannschaft.lgbt\/bimber\/wp-json\/wp\/v2\/media\/115591"}],"wp:attachment":[{"href":"https:\/\/alte.mannschaft.lgbt\/bimber\/wp-json\/wp\/v2\/media?parent=125005"}],"wp:term":[{"taxonomy":"category","embeddable":true,"href":"https:\/\/alte.mannschaft.lgbt\/bimber\/wp-json\/wp\/v2\/categories?post=125005"},{"taxonomy":"post_tag","embeddable":true,"href":"https:\/\/alte.mannschaft.lgbt\/bimber\/wp-json\/wp\/v2\/tags?post=125005"}],"curies":[{"name":"wp","href":"https:\/\/api.w.org\/{rel}","templated":true}]}}