{"id":119902,"date":"2021-09-21T09:51:46","date_gmt":"2021-09-21T07:51:46","guid":{"rendered":"https:\/\/mannschaft.com\/?p=119902"},"modified":"2021-09-22T13:12:52","modified_gmt":"2021-09-22T11:12:52","slug":"heinrich-alexandra-hermann-will-in-den-bundestag","status":"publish","type":"post","link":"https:\/\/alte.mannschaft.lgbt\/bimber\/heinrich-alexandra-hermann-will-in-den-bundestag\/","title":{"rendered":"Inter Kandidat*in Heinrich Alexandra Hermann will in den Bundestag"},"content":{"rendered":"<h3>Heinrich Alexandra Hermann aus Villingen-Schwenningen will als wohl \u00abeinzige diverse Direktkandidat*in\u00bb bei der aktuellen Wahl f\u00fcr die Linke in den Bundestag ziehen.<\/h3>\n<p><a href=\"https:\/\/www.facebook.com\/Heinrich-Alexandra-Hermann-115337010371454\/\" target=\"_blank\" rel=\"noopener\">Heinrich Alexandra Hermann (45)<\/a> ist \u00abInformatiker*in und Softwareentwickler*in\u00bb und tritt im Wahlkreis Schwarzwald-Baar (286) f\u00fcr mehr Klimaschutz, ein besseres Gesundheitswesen und f\u00fcr Geschlechtergerechtigkeit an.<\/p>\n<p>Hermann sagt \u00fcber sich: \u00abF\u00fcr mich waren immer schon seit Kinderzeit alle Menschen gleich: der einzige Unterschied ist das Verhalten des Einzelnen. Wo jemand herkommt, ist v\u00f6llig egal. Um so mehr finde ich es belastend, wenn Menschen auf Grund von Herkunft, Geschlecht oder Hautfarbe mit Vorurteilen werten.\u00bb<\/p>\n<p>Im Bundestag will sich Hermann f\u00fcr geschlechts- und herkunftsunabh\u00e4ngige soziale Gerechtigkeit f\u00fcr alle Menschen einsetzen. \u00abIch m\u00f6chte dazu beitragen, dass alle B\u00fcrger*innen gleich guten Zugang zum Gesundheitssystem haben. Dass die Mieten sozial gerecht und f\u00fcr jede*n zahlbar sein werden.\u00bb Auch L\u00f6hne und Geh\u00e4lter sollen unabh\u00e4ngig vom Geschlecht f\u00fcr jede*n gleich werden.<\/p>\n<p>Insgesamt wollen auch vier trans Kandidatinnen in den Bundestag einziehen: Zwei kommen aus Bayern, die anderen aus NRW und Brandenburg <a href=\"https:\/\/mannschaft.com\/tessa-ganserer-kampf-gegen-diskriminierung-drei-trans-kandidaten-fuer-den-bundestag\/\" target=\"_blank\" rel=\"noopener\">(MANNSCHAFT berichtete)<\/a>.<\/p>\n<p>Hermann wurde mit dem Klinefelter-Syndrom geboren. Es handelt sich dabei \u2013 anders als bei trans Personen, die mit eindeutigen Geschlechtsmerkmalen auf die Welt kommen \u2013 um eine Chromosomenanomalie im m\u00e4nnlichen Geschlecht.<\/p>\n<p>Nach Angaben des Bundesverbandes Intergeschlechtliche Menschen gibt es sch\u00e4tzungsweise zwischen 120.000 und 160.000 inter Menschen in Deutschland. Dem Bundesverband ist keine weitere diverse Kandidatur bekannt.<\/p>\n<p>Paul Martin Holterhus, Professor f\u00fcr P\u00e4diatrische Endokrinologie an der Universit\u00e4t zu Kiel, sch\u00e4tzt die Zahl der eindeutigen inter Menschen in Deutschland geringer, n\u00e4mlich nur auf knapp 10.000.<\/p>\n<p>Fr\u00fcher wurde inter Kindern h\u00e4ufig fr\u00fch ein eindeutiges Geschlecht zugewiesen und gegebenenfalls eine geschlechtsangleichende Operation vorgenommen. \u00abVon Operationen aus rein kosmetischen Gr\u00fcnden beim nicht zustimmungsf\u00e4higen Kind ist aus heutiger Sicht abzuraten\u00bb, so Holterhus gegen\u00fcber der <a href=\"https:\/\/www.aerztezeitung.de\/Medizin\/Intersexualitaet-was-sind-die-medizinischen-Ursachen-311631.html\" target=\"_blank\" rel=\"noopener\"><em>\u00c4rztezeitung<\/em><\/a>.<\/p>\n<p>Holterhus begr\u00fcsst die M\u00f6glichkeit ein drittes Geschlecht eintragen zu lassen, weil es von einigen Betroffenen erleichtert angenommen werde, \u00abda die Kategorien m\u00e4nnlich oder weiblich aus ihrer Sicht f\u00fcr sie einfach nicht zutreffend sind\u00bb. <em>(mit dpa)<\/em><\/p>\n","protected":false},"excerpt":{"rendered":"<p>Heinrich Alexandra Hermann aus Villingen-Schwenningen will als wohl \u00abeinzige diverse Direktkandidat*in\u00bb bei der aktuellen Wahl f\u00fcr die #Linke in den Bundestag ziehen. #inter <a class=\"g1-link g1-link-more\" href=\"https:\/\/alte.mannschaft.lgbt\/bimber\/heinrich-alexandra-hermann-will-in-den-bundestag\/\">Weiterlesen<\/a><\/p>\n","protected":false},"author":1,"featured_media":119903,"comment_status":"closed","ping_status":"closed","sticky":false,"template":"","format":"standard","meta":[],"categories":[3],"tags":[5544,5545],"wps_subtitle":"Ziele: ein besseres Gesundheitswesen und mehr Geschlechtergerechtigkeit","_links":{"self":[{"href":"https:\/\/alte.mannschaft.lgbt\/bimber\/wp-json\/wp\/v2\/posts\/119902"}],"collection":[{"href":"https:\/\/alte.mannschaft.lgbt\/bimber\/wp-json\/wp\/v2\/posts"}],"about":[{"href":"https:\/\/alte.mannschaft.lgbt\/bimber\/wp-json\/wp\/v2\/types\/post"}],"author":[{"embeddable":true,"href":"https:\/\/alte.mannschaft.lgbt\/bimber\/wp-json\/wp\/v2\/users\/1"}],"replies":[{"embeddable":true,"href":"https:\/\/alte.mannschaft.lgbt\/bimber\/wp-json\/wp\/v2\/comments?post=119902"}],"version-history":[{"count":8,"href":"https:\/\/alte.mannschaft.lgbt\/bimber\/wp-json\/wp\/v2\/posts\/119902\/revisions"}],"predecessor-version":[{"id":119913,"href":"https:\/\/alte.mannschaft.lgbt\/bimber\/wp-json\/wp\/v2\/posts\/119902\/revisions\/119913"}],"wp:featuredmedia":[{"embeddable":true,"href":"https:\/\/alte.mannschaft.lgbt\/bimber\/wp-json\/wp\/v2\/media\/119903"}],"wp:attachment":[{"href":"https:\/\/alte.mannschaft.lgbt\/bimber\/wp-json\/wp\/v2\/media?parent=119902"}],"wp:term":[{"taxonomy":"category","embeddable":true,"href":"https:\/\/alte.mannschaft.lgbt\/bimber\/wp-json\/wp\/v2\/categories?post=119902"},{"taxonomy":"post_tag","embeddable":true,"href":"https:\/\/alte.mannschaft.lgbt\/bimber\/wp-json\/wp\/v2\/tags?post=119902"}],"curies":[{"name":"wp","href":"https:\/\/api.w.org\/{rel}","templated":true}]}}