{"id":119246,"date":"2021-09-14T07:01:22","date_gmt":"2021-09-14T05:01:22","guid":{"rendered":"https:\/\/mannschaft.com\/?p=119246"},"modified":"2021-09-15T11:42:53","modified_gmt":"2021-09-15T09:42:53","slug":"jens-spahn-mein-ehemann-sieht-immer-besser-aus-als-ich","status":"publish","type":"post","link":"https:\/\/alte.mannschaft.lgbt\/bimber\/jens-spahn-mein-ehemann-sieht-immer-besser-aus-als-ich\/","title":{"rendered":"Jens Spahn: Mein Ehemann sieht immer besser aus als ich"},"content":{"rendered":"<h3>Bundesgesundheitsminister Jens Spahn (CDU) tr\u00e4gt im Bundestag immer Krawatte. Auch einem Smoking kann er etwas abgewinnen.<\/h3>\n<p>\u00abDas ist die repr\u00e4sentative Stube der Demokratie, da l\u00e4uft man nicht im Pulli rum\u00bb, sagte der 41-J\u00e4hrige Spahn am Montag beim \u00abSt\u00e4ndehaustreff\u00bb der <em>Rheinischen Post<\/em> in D\u00fcsseldorf. Beim Staatsbankett habe im \u00fcbrigen ein \u00abgut sitzender Smoking\u00bb einiges f\u00fcr sich. Sein Ehemann sehe aber immer besser aus als er, gestand Spahn ein.<\/p>\n<p>Sein Elternhaus habe ihm \u00abviel Resilienz\u00bb mitgegeben, sagte Spahn mit Blick auf seine Homosexualit\u00e4t. Immerhin komme er aus einem m\u00fcnsterl\u00e4ndischen katholischen Dorf. Aber auch dort habe sich in den vergangenen 20 Jahren viel ge\u00e4ndert. Inzwischen gehe die Gesellschaft damit viel selbstverst\u00e4ndlicher um.<\/p>\n<p>Zu Beginn seiner Karriere drohte dem CDU-Politiker aber noch ein Outing durch konkurrierende Parteikollegen \u2013 Spahn war damals 21<a href=\"https:\/\/mannschaft.com\/parteifreunde-wollten-jens-spahn-cdu-outen\/\" target=\"_blank\" rel=\"noopener\">(MANNSCHAFT berichtete).<\/a><\/p>\n<p>Was die bevorstehende Bundestagswahl betrifft, so sieht Spahn noch Chancen f\u00fcr die Union auf den Sieg und strebt ein politisches Amt an. \u00abJa, ich m\u00f6chte ein Amt\u00bb, sagte Spahn in D\u00fcsseldorf. Nur aus einem Amt heraus lasse sich gestalten. \u00abDas ist auch das Ziel nach dem 26. September.\u00bb Spahn geh\u00f6rt nicht zu dem achtk\u00f6pfigen sogenannten Zukunftsteam, das Unionskanzlerkandidat Armin Laschet (CDU) Anfang September f\u00fcr den Wahlkampfendspurt vorgestellt hatte <a href=\"https:\/\/mannschaft.com\/das-ist-laschets-zukunftsteam-wo-bleibt-jens-spahn\/\" target=\"_blank\" rel=\"noopener\">(MANNSCHAFT berichtete)<\/a>.<\/p>\n<p>Trotz der historisch schlechten Umfragewerte f\u00fcr die Union seien noch \u00abviele Chancen\u00bb da, sagte Spahn. 41 Prozent der Wahlberechtigten h\u00e4tten noch nicht entschieden, wo sie ihr Kreuz auf dem Wahlzettel machten. Ein Ergebnis \u00fcber 25 Prozent sei \u00abohne Zweifel erreichbar\u00bb.<\/p>\n<p>Die CDU habe als Volkspartei ein Potenzial auch \u00abdeutlich \u00fcber 30 Prozent\u00bb, sagte Spahn, der auch stellvertretender CDU-Vorsitzender ist. Im Gegensatz zu 1998, als die Union unter dem langj\u00e4hrigen Kanzler Helmut Kohl die Bundestagswahl verlor, sp\u00fcre er beim derzeitigen Wahlkampf nicht die Stimmung, dass Deutschland ein \u00ablinkeres Land\u00bb werden solle. Spahn lobte Unionskanzlerkandidat Armin Laschet (CDU). Er k\u00f6nne zuh\u00f6ren, Kompromisse aushandeln, sei zugewandt und bringe \u00abDinge nach vorn\u00bb.<\/p>\n<p>Die CDU habe aber auch Fehler im Wahlkampf gemacht, gestand er ein. So habe sie ihre \u00abOffensive\u00bb im Wahlkampf \u00abim Zweifel eine Woche zu sp\u00e4t begonnen\u00bb. Zu lange sei im Wahlkampf \u00fcber \u00abNebens\u00e4chlichkeiten\u00bb geredet worden.<\/p>\n","protected":false},"excerpt":{"rendered":"<p>Bundesgesundheitsminister Jens Spahn (CDU) tr\u00e4gt im #Bundestag immer #Krawatte und gesteht: Mein Ehemann sieht immer besser aus als ich. <a class=\"g1-link g1-link-more\" href=\"https:\/\/alte.mannschaft.lgbt\/bimber\/jens-spahn-mein-ehemann-sieht-immer-besser-aus-als-ich\/\">Weiterlesen<\/a><\/p>\n","protected":false},"author":1950,"featured_media":119247,"comment_status":"closed","ping_status":"closed","sticky":false,"template":"","format":"standard","meta":[],"categories":[3],"tags":[65,5544],"wps_subtitle":"Der Minister \u00fcber seine Kleiderwahl","_links":{"self":[{"href":"https:\/\/alte.mannschaft.lgbt\/bimber\/wp-json\/wp\/v2\/posts\/119246"}],"collection":[{"href":"https:\/\/alte.mannschaft.lgbt\/bimber\/wp-json\/wp\/v2\/posts"}],"about":[{"href":"https:\/\/alte.mannschaft.lgbt\/bimber\/wp-json\/wp\/v2\/types\/post"}],"author":[{"embeddable":true,"href":"https:\/\/alte.mannschaft.lgbt\/bimber\/wp-json\/wp\/v2\/users\/1950"}],"replies":[{"embeddable":true,"href":"https:\/\/alte.mannschaft.lgbt\/bimber\/wp-json\/wp\/v2\/comments?post=119246"}],"version-history":[{"count":6,"href":"https:\/\/alte.mannschaft.lgbt\/bimber\/wp-json\/wp\/v2\/posts\/119246\/revisions"}],"predecessor-version":[{"id":119261,"href":"https:\/\/alte.mannschaft.lgbt\/bimber\/wp-json\/wp\/v2\/posts\/119246\/revisions\/119261"}],"wp:featuredmedia":[{"embeddable":true,"href":"https:\/\/alte.mannschaft.lgbt\/bimber\/wp-json\/wp\/v2\/media\/119247"}],"wp:attachment":[{"href":"https:\/\/alte.mannschaft.lgbt\/bimber\/wp-json\/wp\/v2\/media?parent=119246"}],"wp:term":[{"taxonomy":"category","embeddable":true,"href":"https:\/\/alte.mannschaft.lgbt\/bimber\/wp-json\/wp\/v2\/categories?post=119246"},{"taxonomy":"post_tag","embeddable":true,"href":"https:\/\/alte.mannschaft.lgbt\/bimber\/wp-json\/wp\/v2\/tags?post=119246"}],"curies":[{"name":"wp","href":"https:\/\/api.w.org\/{rel}","templated":true}]}}