{"id":118246,"date":"2021-09-01T20:10:48","date_gmt":"2021-09-01T18:10:48","guid":{"rendered":"https:\/\/mannschaft.com\/?p=118246"},"modified":"2024-09-23T09:53:37","modified_gmt":"2024-09-23T07:53:37","slug":"penelope-cruz-strahlt-glanzvoller-auftakt-beim-filmfest-venedig","status":"publish","type":"post","link":"https:\/\/alte.mannschaft.lgbt\/bimber\/penelope-cruz-strahlt-glanzvoller-auftakt-beim-filmfest-venedig\/","title":{"rendered":"Pen\u00e9lope Cruz strahlt: Glanzvoller Auftakt beim Filmfest Venedig"},"content":{"rendered":"<h3>Der rote Teppich ist so abgesperrt, dass sich dahinter keine Fans dr\u00e4ngeln k\u00f6nnen \u2013 doch trotz strenger Corona-Auflagen gelingt dem Festival in Italien ein strahlkr\u00e4ftiger Start mit so einigen Stars. Von Aliki Nassoufis, dpa<\/h3>\n<p>Das Meer funkelt verf\u00fchrerisch in der Sonne, davor erstreckt sich kilometerlang der breite Sandstrand von Venedig. Eines aber fehlt in dieser perfekten Kulisse: die Urlaubermengen, die sonst um diese Jahreszeit zum Sonnen und Baden auf die Insel Lido kommen. Auch wenige Meter weiter, beim Filmfestival Venedig, sind zum Auftakt mit Stars wie Pen\u00e9lope Cruz und Pedro Almod\u00f3var die Folgen der Pandemie allgegenw\u00e4rtig &#8211; w\u00e4hrend gleichzeitig eine R\u00fcckkehr zum normalen Festivalalltag zu sp\u00fcren ist.<\/p>\n<p>Eine strahlende Pen\u00e9lope Cruz, neben ihr ein entspannt wirkender Pedro Almod\u00f3var: Gleich zur Er\u00f6ffnung liefert das 78. Internationale Filmfestival die gewohnt glanzvollen Bilder von Prominenten. Die beiden Oscarpreistr\u00e4ger stellten am Mittwochabend in einer Gala, in der auch der italienische Schauspieler und Regisseur Roberto Benigni (\u00abDas Leben ist sch\u00f6n\u00bb) mit einem Goldenen L\u00f6wen f\u00fcr sein Lebenswerk geehrt wurde, ihr Drama \u00abMadres paralelas\u00bb vor und er\u00f6ffneten damit die Festspiele. Cruz spielt darin eine von zwei Frauen, die ungeplant schwanger werden. Kurz vor der Geburt ihrer T\u00f6chter lernen sie sich in einer Klinik kennen, fortan bleiben ihre Leben eng miteinander verbunden.<\/p>\n<p><iframe loading=\"lazy\" title=\"YouTube video player\" src=\"https:\/\/www.youtube.com\/embed\/zu360gVlTjI\" width=\"560\" height=\"315\" frameborder=\"0\" allowfullscreen=\"allowfullscreen\"><\/iframe><\/p>\n<p>Mit \u00abMadres paralelas\u00bb, was auf Deutsch \u00abParallele M\u00fctter\u00bb bedeutet, greift Almod\u00f3var vieles auf, das man aus seinen fr\u00fcheren Werken wie \u00abVolver &#8211; Zur\u00fcckkehren\u00bb und dem Oscarerfolg \u00abAlles \u00fcber meine Mutter\u00bb kennt. Er zeigt starke Frauen, die Verantwortung \u00fcbernehmen, sich gegenseitig unterst\u00fctzen und ohne wirkliche Hilfe der M\u00e4nner behaupten. Hinzu kommt eine Nebenhandlung, die die Gr\u00e4uel des Spanischen B\u00fcrgerkrieges eindringlich anprangert und daran appelliert, die Vergangenheit nicht zu vergessen. Dabei sind seine Bilder gewohnt bunt und geschmackvoll ausgestattet. In fast jeder Szene l\u00e4sst sich ein satter roter Farbtupfer entdecken.<\/p>\n<p>Dennoch hat man beim Zuschauen auch immer wieder den Eindruck, dass der spanische Regisseur zu viel nur andeutet. Er spricht Vergewaltigung in Schulen und die Probleme allein erziehender M\u00fctter an, geht mit diesen Themen aber nicht wirklich in die Tiefe. Auch eine Wendung zu den beiden M\u00fcttern und ihren Kindern baut er \u00fcberraschenderweise nicht zu einem spannenden psychologischen Drama aus, sondern steuert lieber auf ein eher vers\u00f6hnliches Ende zu. Damit z\u00e4hlt \u00abMadres paralelas\u00bb sicher nicht zu Almod\u00f3vars besten Filmen, sicherte dem Festival Venedig aber dennoch einen glamour\u00f6sen Start.<\/p>\n<p>Bemerkenswert ist dabei auch, wie die Festspiele diesen Glanz trotz der strengen Corona-Auflagen erm\u00f6glichen. Die Organisatoren des Cannes-Festivals machten im Juli immer wieder deutlich, dass ihnen volle Kinos\u00e4le und dr\u00e4ngelnde Fanmassen am roten Teppich wichtiger als Abstandhalten und andere Massnahmen waren. Venedig hingegen beweist einmal mehr, wie man ein internationales Filmfest umsichtig und verantwortungsbewusst gestalten kann &#8211; ohne auf glanzvolle Bilder verzichten zu m\u00fcssen.<\/p>\n<p>Auch der diesj\u00e4hrige Jurypr\u00e4sident, der s\u00fcdkoreanische Regisseur Bong Joon Ho (\u00abParasite\u00bb), lobte Venedigs Umgang mit der neuen Situation. Der Oscargewinner gab sich vor der Er\u00f6ffnung ausserdem optimistisch: Die Corona-Zeit werde vorbeigehen und das Kino weiterbestehen, war er sich sicher. Als Jury sei es nun wichtig, in den n\u00e4chsten Festivaltagen die Arbeit aller Filmschaffenden zu respektieren. \u00abWir sind bereit zu erforschen, wir sind bereit zu k\u00e4mpfen!\u00bb<\/p>\n","protected":false},"excerpt":{"rendered":"<p>#Venedig Trotz strenger #Corona-Auflagen gelingt dem Festival in #Italien ein strahlkr\u00e4ftiger Start mit so einigen Stars. Darunter Pen\u00e9lope Cruz und Pedro Almod\u00f3var. #MadresParalelas <a class=\"g1-link g1-link-more\" href=\"https:\/\/alte.mannschaft.lgbt\/bimber\/penelope-cruz-strahlt-glanzvoller-auftakt-beim-filmfest-venedig\/\">Weiterlesen<\/a><\/p>\n","protected":false},"author":1950,"featured_media":118247,"comment_status":"closed","ping_status":"closed","sticky":false,"template":"","format":"standard","meta":[],"categories":[5426],"tags":[5539,3632],"wps_subtitle":"Pedro Almod\u00f3var stellt seinen neuen Film vor","_links":{"self":[{"href":"https:\/\/alte.mannschaft.lgbt\/bimber\/wp-json\/wp\/v2\/posts\/118246"}],"collection":[{"href":"https:\/\/alte.mannschaft.lgbt\/bimber\/wp-json\/wp\/v2\/posts"}],"about":[{"href":"https:\/\/alte.mannschaft.lgbt\/bimber\/wp-json\/wp\/v2\/types\/post"}],"author":[{"embeddable":true,"href":"https:\/\/alte.mannschaft.lgbt\/bimber\/wp-json\/wp\/v2\/users\/1950"}],"replies":[{"embeddable":true,"href":"https:\/\/alte.mannschaft.lgbt\/bimber\/wp-json\/wp\/v2\/comments?post=118246"}],"version-history":[{"count":2,"href":"https:\/\/alte.mannschaft.lgbt\/bimber\/wp-json\/wp\/v2\/posts\/118246\/revisions"}],"predecessor-version":[{"id":206808,"href":"https:\/\/alte.mannschaft.lgbt\/bimber\/wp-json\/wp\/v2\/posts\/118246\/revisions\/206808"}],"wp:featuredmedia":[{"embeddable":true,"href":"https:\/\/alte.mannschaft.lgbt\/bimber\/wp-json\/wp\/v2\/media\/118247"}],"wp:attachment":[{"href":"https:\/\/alte.mannschaft.lgbt\/bimber\/wp-json\/wp\/v2\/media?parent=118246"}],"wp:term":[{"taxonomy":"category","embeddable":true,"href":"https:\/\/alte.mannschaft.lgbt\/bimber\/wp-json\/wp\/v2\/categories?post=118246"},{"taxonomy":"post_tag","embeddable":true,"href":"https:\/\/alte.mannschaft.lgbt\/bimber\/wp-json\/wp\/v2\/tags?post=118246"}],"curies":[{"name":"wp","href":"https:\/\/api.w.org\/{rel}","templated":true}]}}