{"id":118206,"date":"2021-09-01T14:38:51","date_gmt":"2021-09-01T12:38:51","guid":{"rendered":"https:\/\/mannschaft.com\/?p=118206"},"modified":"2021-09-01T20:15:59","modified_gmt":"2021-09-01T18:15:59","slug":"vor-liechtenstein-spiel-dfb-elf-verzichtet-auf-protest-gegen-katar-menschenrechte","status":"publish","type":"post","link":"https:\/\/alte.mannschaft.lgbt\/bimber\/vor-liechtenstein-spiel-dfb-elf-verzichtet-auf-protest-gegen-katar-menschenrechte\/","title":{"rendered":"Vor Liechtenstein-Spiel: DFB-Elf verzichtet auf Protest gegen Katar"},"content":{"rendered":"<h3>Die Fussball-Nationalmannschaft verzichtet vor dem WM-Qualifikationsspiel gegen Liechtenstein auf eine erneute \u00f6ffentliche Protestaktion gegen das Gastgeberland Katar.<\/h3>\n<p>\u00abDas bedeutet nicht, dass die Mannschaft nicht daf\u00fcr st\u00fcnde, was sie dokumentiert hat\u00bb, sagte DFB-Pressesprecher Jens Grittner am Mittwoch in Stuttgart.<\/p>\n<p>Auch wird der namentlich noch nicht benannte Vertreter von Manuel Neuer als Kapit\u00e4n diesmal im Gegensatz zu den EM-Spielen in diesem Sommer keine Binde in den Regenbogenfarben tragen. \u00abEs gilt aber immer noch das Bekenntnis, das mit der Binde zum Ausdruck kam\u00bb, sagte Grittner.<\/p>\n<p>Die Spieler st\u00fcnden immer noch f\u00fcr die unverhandelbare und universelle G\u00fcltigkeit von Menschenrechten ein. Gleiches gelte f\u00fcr das Trainerteam, betonte der neue Bundestrainer Hansi Flick vor seiner Premiere am Donnerstag (20.45 Uhr\/RTL) in St. Gallen.<\/p>\n<p>Im M\u00e4rz hatte die DFB-Auswahl unmittelbar vor Beginn der WM-Qualifikationsspielen gegen Island, in Rum\u00e4nien und gegen Nordmazedonien mit unterschiedlichen Aktionen die Einhaltung der Menschenrechte angemahnt und damit auch auf die Lage im Emirat Katar hingewiesen.<\/p>\n<p>\u00abDas sind Botschaften, die immer gelten\u00bb, sagte Grittner, auch wenn nun nicht mehr vor jedem Spiel neue Aktionen folgen w\u00fcrden. Das tragen der Regenbogen-Binde aus Solidarit\u00e4t mit homosexuellen Menschen sei eine spezielle Aktion im Pride-Monat Juni gewesen<a href=\"https:\/\/mannschaft.com\/bericht-uefa-ermittelt-gegen-manuel-neuer-wegen-kapitaensbinde\/\" target=\"_blank\" rel=\"noopener\"> (MANNSCHAFT berichtete)<\/a>. Auch zu dieser Grundhaltung f\u00fcr ein selbstbestimmtes Leben aller Menschen bekenne sich die Mannschaft unver\u00e4ndert.<\/p>\n<p>In einer <em>Spiegel<\/em>-Umfrage hat sich im M\u00e4rz eine deutliche Mehrheit gegen die Austragung der Fussball-WM 2022 in Katar und f\u00fcr einen Endrunden-Boykott des Deutschen Fussball-Bundes ausgesprochen <a href=\"https:\/\/mannschaft.com\/umfrage-deutliche-mehrheit-gegen-wm-2022-in-katar\/\" target=\"_blank\" rel=\"noopener\">(MANNSCHAFT berichtete)<\/a>.<\/p>\n<p>Toni Kroos prangerte daraufhin die Verfolgung von Homosexualit\u00e4t in Katar an und forderte weitere Protestaktionen <a href=\"https:\/\/mannschaft.com\/toni-kroos-prangert-verfolgung-von-homosexualitaet-in-katar-an\/\" target=\"_blank\" rel=\"noopener\">(MANNSCHAFT berichtete)<\/a>.<\/p>\n","protected":false},"excerpt":{"rendered":"<p>Die #Fussball-Nationalmannschaft verzichtet vor dem #WM-Qualifikationsspiel gegen #Liechtenstein auf eine erneute \u00f6ffentliche Protestaktion gegen das Gastgeberland #Katar. #Menschenrechte <a class=\"g1-link g1-link-more\" href=\"https:\/\/alte.mannschaft.lgbt\/bimber\/vor-liechtenstein-spiel-dfb-elf-verzichtet-auf-protest-gegen-katar-menschenrechte\/\">Weiterlesen<\/a><\/p>\n","protected":false},"author":1950,"featured_media":107800,"comment_status":"closed","ping_status":"closed","sticky":false,"template":"","format":"standard","meta":[],"categories":[3,4447],"tags":[5543],"wps_subtitle":"","_links":{"self":[{"href":"https:\/\/alte.mannschaft.lgbt\/bimber\/wp-json\/wp\/v2\/posts\/118206"}],"collection":[{"href":"https:\/\/alte.mannschaft.lgbt\/bimber\/wp-json\/wp\/v2\/posts"}],"about":[{"href":"https:\/\/alte.mannschaft.lgbt\/bimber\/wp-json\/wp\/v2\/types\/post"}],"author":[{"embeddable":true,"href":"https:\/\/alte.mannschaft.lgbt\/bimber\/wp-json\/wp\/v2\/users\/1950"}],"replies":[{"embeddable":true,"href":"https:\/\/alte.mannschaft.lgbt\/bimber\/wp-json\/wp\/v2\/comments?post=118206"}],"version-history":[{"count":3,"href":"https:\/\/alte.mannschaft.lgbt\/bimber\/wp-json\/wp\/v2\/posts\/118206\/revisions"}],"predecessor-version":[{"id":118209,"href":"https:\/\/alte.mannschaft.lgbt\/bimber\/wp-json\/wp\/v2\/posts\/118206\/revisions\/118209"}],"wp:featuredmedia":[{"embeddable":true,"href":"https:\/\/alte.mannschaft.lgbt\/bimber\/wp-json\/wp\/v2\/media\/107800"}],"wp:attachment":[{"href":"https:\/\/alte.mannschaft.lgbt\/bimber\/wp-json\/wp\/v2\/media?parent=118206"}],"wp:term":[{"taxonomy":"category","embeddable":true,"href":"https:\/\/alte.mannschaft.lgbt\/bimber\/wp-json\/wp\/v2\/categories?post=118206"},{"taxonomy":"post_tag","embeddable":true,"href":"https:\/\/alte.mannschaft.lgbt\/bimber\/wp-json\/wp\/v2\/tags?post=118206"}],"curies":[{"name":"wp","href":"https:\/\/api.w.org\/{rel}","templated":true}]}}