{"id":118172,"date":"2021-09-01T19:52:04","date_gmt":"2021-09-01T17:52:04","guid":{"rendered":"https:\/\/mannschaft.com\/?p=118172"},"modified":"2021-09-02T15:35:27","modified_gmt":"2021-09-02T13:35:27","slug":"mehr-ja-zur-ehe-fuer-alle-regenbogenhaus-eroeffnet","status":"publish","type":"post","link":"https:\/\/alte.mannschaft.lgbt\/bimber\/mehr-ja-zur-ehe-fuer-alle-regenbogenhaus-eroeffnet\/","title":{"rendered":"++ Zurich Pride erwartet 20&#8217;000 Menschen ++ Mehr Ja zur Ehe f\u00fcr alle ++"},"content":{"rendered":"<h3>F\u00fcr den schnellen \u00dcberblick: Unsere LGBTIQ-News aus der Schweiz ab dem 1. September 2021.<\/h3>\n<p><strong>++ Gr\u00f6sste Ehe-f\u00fcr-alle-Demo? ++<\/strong><\/p>\n<p>Sie erwarten 20&#8217;000 Teilnehmende, schreiben die Organisator*innen der<a href=\"http:\/\/www.zurichpridefestival.ch\" target=\"_blank\" rel=\"noopener\"> Zurich Pride.<\/a> Damit w\u00e4re der Umzug unter dem Motto \u00abTrau dich! Ehe f\u00fcr alle jetzt!\u00bb eine der gr\u00f6ssten Demonstrationen der Schweiz. Der vorderste Wagen ist das nationale Komitee Ehe f\u00fcr alle, darauf findet die Feier einer Hochzeit statt. 70 weitere Organisationen schliessen sich dem Umzug in der Z\u00fcrcher Innenstadt an.<\/p>\n<p><strong>++ 66% Ja zur Ehe f\u00fcr alle ++<\/strong><\/p>\n<p>Es wird ein deutliches Ja geben, das prognostiziert die zweite Umfrage der Tamedia-Gruppe. 66% der Befragten sagen Ja zur Ehe f\u00fcr alle und der Samenspende f\u00fcr Frauenpaare. Die Meinungen scheinen gemacht, nur ein Prozent ist sich noch unsicher, 33% lehnen das Gesetz ab. Die gr\u00f6sste Ablehnung kommt aus der SVP, w\u00e4hrend Anh\u00e4nger*innen der Gr\u00fcnen und SP am deutlichsten zustimmen.<\/p>\n<p><strong>++ Grosse Unterst\u00fctzung aus dem Ausland ++<\/strong><\/p>\n<p>\u00abWir sagen Ja zur Ehe f\u00fcr alle in der Schweiz!\u00bb schreibt die internationale Organisation AllOut auf ihrer Website und ruft Paare aus dem Ausland auf, Unterst\u00fctzungsbotschaften und Fotos von ihrer Hochzeiten zu senden. Auch eine Petition haben die Organisator*innen gestartet.<\/p>\n<p>\u00abMit Liebe, von uns f\u00fcr die Menschen in der Schweiz. Ich freue mich auf euer Ja!\u00bb w\u00fcnschen beispielsweise Michael und Balbir aus den USA. Hunderte Paare sollen laut der Organisation bereits ihre Unterst\u00fctzung gesendet haben. <a href=\"https:\/\/campaigns.allout.org\/de\/switzerland?_ga=2.265490442.467987325.1630413994-85225081.1630413994&amp;fbclid=IwAR0NhB7qCfevsBXYRj_u9WFljvtZoX952jJNrVBjs-f465eV3z3O67x-MR4\" target=\"_blank\" rel=\"noopener\">Einige davon sind auf der AllOut-Seite zu sehen<\/a>. Die Petition haben bereits \u00fcber 13&#8217;000 Personen unterschrieben.<\/p>\n<figure id=\"attachment_118202\" aria-describedby=\"caption-attachment-118202\" style=\"width: 900px\" class=\"wp-caption alignleft\"><a href=\"https:\/\/mannschaft.com\/bimber\/wp-content\/uploads\/2021\/09\/Bildschirmfoto-2021-09-01-um-13.52.41-e1630497359369.png\"><img data-expand=\"600\" decoding=\"async\" loading=\"lazy\" class=\"lazyload size-full wp-image-118202\" src=\"data:image\/svg+xml;charset=utf-8,%3Csvg xmlns%3D'http%3A%2F%2Fwww.w3.org%2F2000%2Fsvg' viewBox%3D'0 0 900 546'%2F%3E\" data-src=\"https:\/\/mannschaft.com\/bimber\/wp-content\/uploads\/2021\/09\/Bildschirmfoto-2021-09-01-um-13.52.41-e1630497359369.png\" alt=\"\" width=\"900\" height=\"546\" \/><\/a><figcaption id=\"caption-attachment-118202\" class=\"wp-caption-text\">Screenshot: AllOut<\/figcaption><\/figure>\n<p><strong>++ Bar- und Clubkommisson bef\u00fcrchtet Schliessungen ++<\/strong><\/p>\n<p>Der Bundesrat gab bekannt, dass die Kontaktdatenerhebung in Nachtkulturbetrieben wieder eingef\u00fchrt werden k\u00f6nnte. Neben einem g\u00fcltigen Covid-Zertifikat m\u00fcssten Besucher*innen also auch Namen, Adressen und Telefonnummer hinterlegen. \u00abDas w\u00fcrde die fragile Balance zwischen Schutzmassnahmen und der Bereitschaft der G\u00e4ste sich an diese zu halten, definitiv zum Kippen bringen\u00bb, schreibt die Schweizer Bar- und Clubkommission (SBCK).<\/p>\n<p>Dies w\u00fcrden die Erfahrungen der Gastronomie zeigen, erkl\u00e4rt die SBCK weiter. Ausserdem funktioniere das aktuelle System sehr gut, es habe in den vergangenen Wochen in Z\u00fcrich nur 6 F\u00e4lle gegeben, bei w\u00f6chentlich 15&#8217;000 Besucher*innen. Die Kommission bef\u00fcrchtet, dass eine erneute Versch\u00e4rfung einige Betriebe finanziell endg\u00fcltig ruinieren k\u00f6nnte und die Besucher*innen vermehrt auf unkontrollierte, illegale Partys ausweichen w\u00fcrden.<\/p>\n<p><strong>++ Plakate und Fahnen besch\u00e4digt ++<\/strong><\/p>\n<p>Aus mehreren Orten in der ganzen Schweiz werden besch\u00e4digte Plakate und Fahnen gemeldet. In den sozialen Medien tauchten in den vergangenen Tagen mehrere Fotos aus, die unter anderem eine zerschnittene Fahne, ein heruntergerissenes und zertrampeltes Plakat sowie eine Wand mit dem Flecken einer Fl\u00fcssigkeit gleich oberhalb einer Fahne zeigen. Solche Vorf\u00e4lle sind in der Schweiz leider nicht selten (<a href=\"https:\/\/mannschaft.com\/hate-crimes-gegen-lgbtiq-ich-schlage-dir-die-zaehne-ein-wirst-schon-sehen\/\" target=\"_blank\" rel=\"noopener\">MANNSCHAFT berichtete<\/a>).<\/p>\n<p>Die Organisator*innen der Ja-Kampagne finden deutliche Worte: \u00abDiese F\u00e4lle von Gewalt zeigen, wie notwendig es ist, die LGBTIQ-Gemeinschaft zu sch\u00fctzen, indem man ihren Mitglieder*innen gleiche Rechte einr\u00e4umt.\u00bb Die Attacken w\u00fcrden den Kampf f\u00fcr Gleichstellung und Vielfalt nicht aufhalten.<\/p>\n<blockquote class=\"instagram-media\" style=\"background: #FFF; border: 0; border-radius: 3px; box-shadow: 0 0 1px 0 rgba(0,0,0,0.5),0 1px 10px 0 rgba(0,0,0,0.15); margin: 1px; max-width: 540px; min-width: 326px; padding: 0; width: calc(100% - 2px);\" data-instgrm-captioned=\"\" data-instgrm-permalink=\"https:\/\/www.instagram.com\/p\/CTM7vKZIwFO\/?utm_source=ig_embed&amp;utm_campaign=loading\" data-instgrm-version=\"13\">\n<div style=\"padding: 16px;\">\n<p>&nbsp;<\/p>\n<div style=\"display: flex; flex-direction: row; align-items: center;\">\n<div style=\"background-color: #f4f4f4; border-radius: 50%; flex-grow: 0; height: 40px; margin-right: 14px; width: 40px;\"><\/div>\n<div style=\"display: flex; flex-direction: column; flex-grow: 1; justify-content: center;\">\n<div style=\"background-color: #f4f4f4; border-radius: 4px; flex-grow: 0; height: 14px; margin-bottom: 6px; width: 100px;\"><\/div>\n<div style=\"background-color: #f4f4f4; border-radius: 4px; flex-grow: 0; height: 14px; width: 60px;\"><\/div>\n<\/div>\n<\/div>\n<div style=\"padding: 19% 0;\"><\/div>\n<div style=\"display: block; height: 50px; margin: 0 auto 12px; width: 50px;\"><\/div>\n<div style=\"padding-top: 8px;\">\n<div style=\"color: #3897f0; font-family: Arial,sans-serif; font-size: 14px; font-style: normal; font-weight: 550; line-height: 18px;\">Sieh dir diesen Beitrag auf Instagram an<\/div>\n<\/div>\n<div style=\"padding: 12.5% 0;\"><\/div>\n<div style=\"display: flex; flex-direction: row; margin-bottom: 14px; align-items: center;\">\n<div>\n<div style=\"background-color: #f4f4f4; border-radius: 50%; height: 12.5px; width: 12.5px; transform: translateX(0px) translateY(7px);\"><\/div>\n<div style=\"background-color: #f4f4f4; height: 12.5px; transform: rotate(-45deg) translateX(3px) translateY(1px); width: 12.5px; flex-grow: 0; margin-right: 14px; margin-left: 2px;\"><\/div>\n<div style=\"background-color: #f4f4f4; border-radius: 50%; height: 12.5px; width: 12.5px; transform: translateX(9px) translateY(-18px);\"><\/div>\n<\/div>\n<div style=\"margin-left: 8px;\">\n<div style=\"background-color: #f4f4f4; border-radius: 50%; flex-grow: 0; height: 20px; width: 20px;\"><\/div>\n<div style=\"width: 0; height: 0; border-top: 2px solid transparent; border-left: 6px solid #f4f4f4; border-bottom: 2px solid transparent; transform: translateX(16px) translateY(-4px) rotate(30deg);\"><\/div>\n<\/div>\n<div style=\"margin-left: auto;\">\n<div style=\"width: 0px; border-top: 8px solid #F4F4F4; border-right: 8px solid transparent; transform: translateY(16px);\"><\/div>\n<div style=\"background-color: #f4f4f4; flex-grow: 0; height: 12px; width: 16px; transform: translateY(-4px);\"><\/div>\n<div style=\"width: 0; height: 0; border-top: 8px solid #F4F4F4; border-left: 8px solid transparent; transform: translateY(-4px) translateX(8px);\"><\/div>\n<\/div>\n<\/div>\n<div style=\"display: flex; flex-direction: column; flex-grow: 1; justify-content: center; margin-bottom: 24px;\">\n<div style=\"background-color: #f4f4f4; border-radius: 4px; flex-grow: 0; height: 14px; margin-bottom: 6px; width: 224px;\"><\/div>\n<div style=\"background-color: #f4f4f4; border-radius: 4px; flex-grow: 0; height: 14px; width: 144px;\"><\/div>\n<\/div>\n<p>&nbsp;<\/p>\n<p style=\"color: #c9c8cd; font-family: Arial,sans-serif; font-size: 14px; line-height: 17px; margin-bottom: 0; margin-top: 8px; overflow: hidden; padding: 8px 0 7px; text-align: center; text-overflow: ellipsis; white-space: nowrap;\"><a style=\"color: #c9c8cd; font-family: Arial,sans-serif; font-size: 14px; font-style: normal; font-weight: normal; line-height: 17px; text-decoration: none;\" href=\"https:\/\/www.instagram.com\/p\/CTM7vKZIwFO\/?utm_source=ig_embed&amp;utm_campaign=loading\" target=\"_blank\" rel=\"noopener\">Ein Beitrag geteilt von Mannschaft Magazin (@mannschaftmagazin)<\/a><\/p>\n<\/div>\n<\/blockquote>\n<p><script async src=\"\/\/www.instagram.com\/embed.js\"><\/script><\/p>\n<p><strong>++ Regenbogenhaus er\u00f6ffnet ++<\/strong><\/p>\n<p>Vergangenen Samstag ist das <a href=\"https:\/\/mannschaft.com\/das-regenbogenhaus-bedeutet-fuer-mich-hoffnung-und-eine-kleine-utopie\/\" target=\"_blank\" rel=\"noopener\">Z\u00fcrcher Regenbogenhaus<\/a> feierlich er\u00f6ffnet worden. Eigentlich steht es bereits seit Mai f\u00fcr Besucher*innen offen, wegen damaligen pandemischen Lage konnte aber noch keine gr\u00f6ssere Feier stattfinden.<\/p>\n<p>Auf Instagram bedanken sich die Organisator*innen bei den G\u00e4sten und zeigen Bilder vom Anlass.<\/p>\n<blockquote class=\"instagram-media\" style=\"background: #FFF; border: 0; border-radius: 3px; box-shadow: 0 0 1px 0 rgba(0,0,0,0.5),0 1px 10px 0 rgba(0,0,0,0.15); margin: 1px; max-width: 540px; min-width: 326px; padding: 0; width: calc(100% - 2px);\" data-instgrm-captioned=\"\" data-instgrm-permalink=\"https:\/\/www.instagram.com\/p\/CTJ9To8qFYF\/?utm_source=ig_embed&amp;utm_campaign=loading\" data-instgrm-version=\"13\">\n<div style=\"padding: 16px;\">\n<p>&nbsp;<\/p>\n<div style=\"display: flex; flex-direction: row; align-items: center;\">\n<div style=\"background-color: #f4f4f4; border-radius: 50%; flex-grow: 0; height: 40px; margin-right: 14px; width: 40px;\"><\/div>\n<div style=\"display: flex; flex-direction: column; flex-grow: 1; justify-content: center;\">\n<div style=\"background-color: #f4f4f4; border-radius: 4px; flex-grow: 0; height: 14px; margin-bottom: 6px; width: 100px;\"><\/div>\n<div style=\"background-color: #f4f4f4; border-radius: 4px; flex-grow: 0; height: 14px; width: 60px;\"><\/div>\n<\/div>\n<\/div>\n<div style=\"padding: 19% 0;\"><\/div>\n<div style=\"display: block; height: 50px; margin: 0 auto 12px; width: 50px;\"><\/div>\n<div style=\"padding-top: 8px;\">\n<div style=\"color: #3897f0; font-family: Arial,sans-serif; font-size: 14px; font-style: normal; font-weight: 550; line-height: 18px;\">Sieh dir diesen Beitrag auf Instagram an<\/div>\n<\/div>\n<div style=\"padding: 12.5% 0;\"><\/div>\n<div style=\"display: flex; flex-direction: row; margin-bottom: 14px; align-items: center;\">\n<div>\n<div style=\"background-color: #f4f4f4; border-radius: 50%; height: 12.5px; width: 12.5px; transform: translateX(0px) translateY(7px);\"><\/div>\n<div style=\"background-color: #f4f4f4; height: 12.5px; transform: rotate(-45deg) translateX(3px) translateY(1px); width: 12.5px; flex-grow: 0; margin-right: 14px; margin-left: 2px;\"><\/div>\n<div style=\"background-color: #f4f4f4; border-radius: 50%; height: 12.5px; width: 12.5px; transform: translateX(9px) translateY(-18px);\"><\/div>\n<\/div>\n<div style=\"margin-left: 8px;\">\n<div style=\"background-color: #f4f4f4; border-radius: 50%; flex-grow: 0; height: 20px; width: 20px;\"><\/div>\n<div style=\"width: 0; height: 0; border-top: 2px solid transparent; border-left: 6px solid #f4f4f4; border-bottom: 2px solid transparent; transform: translateX(16px) translateY(-4px) rotate(30deg);\"><\/div>\n<\/div>\n<div style=\"margin-left: auto;\">\n<div style=\"width: 0px; border-top: 8px solid #F4F4F4; border-right: 8px solid transparent; transform: translateY(16px);\"><\/div>\n<div style=\"background-color: #f4f4f4; flex-grow: 0; height: 12px; width: 16px; transform: translateY(-4px);\"><\/div>\n<div style=\"width: 0; height: 0; border-top: 8px solid #F4F4F4; border-left: 8px solid transparent; transform: translateY(-4px) translateX(8px);\"><\/div>\n<\/div>\n<\/div>\n<div style=\"display: flex; flex-direction: column; flex-grow: 1; justify-content: center; margin-bottom: 24px;\">\n<div style=\"background-color: #f4f4f4; border-radius: 4px; flex-grow: 0; height: 14px; margin-bottom: 6px; width: 224px;\"><\/div>\n<div style=\"background-color: #f4f4f4; border-radius: 4px; flex-grow: 0; height: 14px; width: 144px;\"><\/div>\n<\/div>\n<p>&nbsp;<\/p>\n<p style=\"color: #c9c8cd; font-family: Arial,sans-serif; font-size: 14px; line-height: 17px; margin-bottom: 0; margin-top: 8px; overflow: hidden; padding: 8px 0 7px; text-align: center; text-overflow: ellipsis; white-space: nowrap;\"><a style=\"color: #c9c8cd; font-family: Arial,sans-serif; font-size: 14px; font-style: normal; font-weight: normal; line-height: 17px; text-decoration: none;\" href=\"https:\/\/www.instagram.com\/p\/CTJ9To8qFYF\/?utm_source=ig_embed&amp;utm_campaign=loading\" target=\"_blank\" rel=\"noopener\">Ein Beitrag geteilt von Regenbogenhaus Zu\u0308rich \ud83c\udf08\ud83c\udfe0 (@regenbogenhauszh)<\/a><\/p>\n<\/div>\n<\/blockquote>\n<p><script async src=\"\/\/www.instagram.com\/embed.js\"><\/script><\/p>\n<p><strong>++ Brunch am Abstimmungssonntag ++<\/strong><\/p>\n<p>Das Tibits Bistro im Z\u00fcrcher Seefeld bietet zur Einstimmung auf den Abstimmungssonntag einen Big Bang Brunch an. \u00ab<span style=\"font-style: normal !important; font-weight: normal !important;\">An diesem wichtigen Tag sagen wir auch im tibits \u00abJa!\u00bb\u00bb, schreibt die vegetarische Restaurantskette dazu. Gossipa und Luca Papini sorgen f\u00fcr Musik und Moderation, f\u00fcr gen\u00fcgend Prosecco ist gesorgt.<\/span><\/p>\n<p>Tickets k\u00f6nnen \u00fcber die <a href=\"https:\/\/shop.e-guma.ch\/tibits\/de\/events\/big-bang-brunch-wir-sagen-ja-8309606\" target=\"_blank\" rel=\"noopener\">Website des Tibits<\/a> gekauft werden. Zudem gibt es ein verr\u00fccktes Gl\u00fccksrad mit Preisen. Der Erl\u00f6s geht an das Regenbogenhaus.<\/p>\n<p><strong>++ Queeres Kino in Luzern ++<\/strong><\/p>\n<p>Nach dem PinkPanorama Festival (<a href=\"https:\/\/mannschaft.com\/eroeffnungsfest-im-regenbogenhaus-prides-in-biel-zuerich-genf\/\" target=\"_blank\" rel=\"noopener\">MANNSCHAFT berichtete<\/a>) findet in Luzern das Queer Cinema am 24. und 25. September sowie am 1. und 2. Oktober statt. Das Stattkino zeigt an diesen beiden Wochenenden sechs schwule Filme, drei lesbische und eine Vorf\u00fchrung mit einer trans Geschichte.<\/p>\n<p>Tickets und weitere Informationen gibt es auf der <a href=\"https:\/\/www.stattkino.ch\/queer-cinema\" target=\"_blank\" rel=\"noopener\">Website des Stattkinos Luzern<\/a>.<\/p>\n<p><strong>Alle Partys, Festivals und Pride Paraden vom September findest du <a href=\"https:\/\/mannschaft.com\/eroeffnungsfest-im-regenbogenhaus-prides-in-biel-zuerich-genf\/\" target=\"_blank\" rel=\"noopener\">hier<\/a>.<\/strong><\/p>\n","protected":false},"excerpt":{"rendered":"<p>Unsere #LGBTIQ-News aus der #Schweiz ++ Noch mehr Ja zur #Ehef\u00fcralle ++ Clubs bef\u00fcrchten Schliessungen ++ #Regenbogenhaus er\u00f6ffnet ++ <a class=\"g1-link g1-link-more\" href=\"https:\/\/alte.mannschaft.lgbt\/bimber\/mehr-ja-zur-ehe-fuer-alle-regenbogenhaus-eroeffnet\/\">Weiterlesen<\/a><\/p>\n","protected":false},"author":1833,"featured_media":114429,"comment_status":"closed","ping_status":"closed","sticky":false,"template":"","format":"standard","meta":[],"categories":[1340],"tags":[5449,5539,5538],"wps_subtitle":"Kurz, knapp und queer: Das sind die LGBTIQ News ab 1. September","_links":{"self":[{"href":"https:\/\/alte.mannschaft.lgbt\/bimber\/wp-json\/wp\/v2\/posts\/118172"}],"collection":[{"href":"https:\/\/alte.mannschaft.lgbt\/bimber\/wp-json\/wp\/v2\/posts"}],"about":[{"href":"https:\/\/alte.mannschaft.lgbt\/bimber\/wp-json\/wp\/v2\/types\/post"}],"author":[{"embeddable":true,"href":"https:\/\/alte.mannschaft.lgbt\/bimber\/wp-json\/wp\/v2\/users\/1833"}],"replies":[{"embeddable":true,"href":"https:\/\/alte.mannschaft.lgbt\/bimber\/wp-json\/wp\/v2\/comments?post=118172"}],"version-history":[{"count":10,"href":"https:\/\/alte.mannschaft.lgbt\/bimber\/wp-json\/wp\/v2\/posts\/118172\/revisions"}],"predecessor-version":[{"id":118221,"href":"https:\/\/alte.mannschaft.lgbt\/bimber\/wp-json\/wp\/v2\/posts\/118172\/revisions\/118221"}],"wp:featuredmedia":[{"embeddable":true,"href":"https:\/\/alte.mannschaft.lgbt\/bimber\/wp-json\/wp\/v2\/media\/114429"}],"wp:attachment":[{"href":"https:\/\/alte.mannschaft.lgbt\/bimber\/wp-json\/wp\/v2\/media?parent=118172"}],"wp:term":[{"taxonomy":"category","embeddable":true,"href":"https:\/\/alte.mannschaft.lgbt\/bimber\/wp-json\/wp\/v2\/categories?post=118172"},{"taxonomy":"post_tag","embeddable":true,"href":"https:\/\/alte.mannschaft.lgbt\/bimber\/wp-json\/wp\/v2\/tags?post=118172"}],"curies":[{"name":"wp","href":"https:\/\/api.w.org\/{rel}","templated":true}]}}