{"id":118016,"date":"2021-08-30T09:13:07","date_gmt":"2021-08-30T07:13:07","guid":{"rendered":"https:\/\/mannschaft.com\/?p=118016"},"modified":"2021-08-31T20:23:52","modified_gmt":"2021-08-31T18:23:52","slug":"uwe-junge-verlaesst-afd-und-klagt-ueber-unflaetiges-benehmen","status":"publish","type":"post","link":"https:\/\/alte.mannschaft.lgbt\/bimber\/uwe-junge-verlaesst-afd-und-klagt-ueber-unflaetiges-benehmen\/","title":{"rendered":"Uwe Junge verl\u00e4sst AfD und klagt \u00fcber \u00abunfl\u00e4tiges Benehmen\u00bb"},"content":{"rendered":"<h3>Mit Kritik u.a. am Ehrenvorsitzenden Alexander Gauland verabschiedet sich Uwe Junge aus der AfD. Im Sommer hatte er die Kapit\u00e4nsbinde von Manuel Neuer als \u00abSchwuchtelbinde\u00bb bezeichnet. Nun klagt er \u00fcber \u00abbl\u00f6kende Stammtischproleten\u00bb in der Partei.<\/h3>\n<p>Auf seiner Facebook-Seite gab der Ex-Fraktionschef der AfD im rheinland-pf\u00e4lzischen Landtag am Sonntag seinen Austritt aus der AfD bekannt. Bundestagsfraktionschef Gauland habe lange seine sch\u00fctzende Hand \u00fcber den \u00abv\u00f6llig \u00fcbersch\u00e4tzten\u00bb Th\u00fcringer AfD-Fraktionschef Bj\u00f6rn H\u00f6cke und andere Protagonisten des Rechtsaussen-Fl\u00fcgels der Partei gehalten. Damit habe er dem Ansehen der Partei Schaden zugef\u00fcgt.<\/p>\n<p>Junge, der bei der zur\u00fcckliegenden Landtagswahl nicht mehr angetreten war, beklagte zudem eine \u00abnegative Ver\u00e4nderung der Mitgliederstruktur\u00bb. Damit sei eine Umkehr der Entwicklung nicht mehr m\u00f6glich, weil vern\u00fcnftige und gebildete Menschen schon bei dem ersten Besuch einer Veranstaltung der AfD \u00abvon der \u00fcberreizten Stimmung, gepaart mit wilden Verschw\u00f6rungstheorien und teilweise unfl\u00e4tigem Benehmen abgeschreckt werden, w\u00e4hrend sich der bl\u00f6kende Stammtischprolet wie zu Hause f\u00fchlt\u00bb.<\/p>\n<p>Junge hatte im vergangenen Juni auch in der eigenen Partei Kritik auf sich gezogen, als er die Regenbogen-Kapit\u00e4nsbinde von National-Torwart Manuel Neuer auf Twitter als \u00abSchwuchtelbinde\u00bb bezeichnet hatte <a href=\"https:\/\/mannschaft.com\/kapitaensbinde-missbrauch-des-fussballs-und-schwuchtelbinde\/\" target=\"_blank\" rel=\"noopener\">(MANNSCHAFT berichtete)<\/a>. Sp\u00e4ter l\u00f6schte er den Tweet und entschuldigte sich f\u00fcr den Begriff.<\/p>\n<p>Er werde bei der n\u00e4chsten Bundestagswahl die Partei Liberal-Konservative Reformer (LKR) w\u00e4hlen, schrieb Junge. Seine Hoffnung sei, dass die LKR \u00abzum Sammelbecken aller vern\u00fcnftigen Konservativen aus AfD, CDU und anderen werden kann\u00bb. Die Partei war 2015 von Bernd Lucke und anderen ehemaligen AfD-Mitgliedern gegr\u00fcndet worden. Inzwischen ist Lucke nur noch einfaches Mitglied der LKR.<\/p>\n<p>Kay Nerstheimer zog einst per Direktmandat f\u00fcr die AfD ins Berliner Abgeordnetenhaus ein und machte haupts\u00e4chlich mit homo- und ausl\u00e4nderfeindlichen \u00c4usserungen Schlagzeilen. Mittlerweile ist er NPD-Mitglied <a href=\"https:\/\/mannschaft.com\/homofeindlicher-ex-afdler-kay-nerstheimer-ist-jetzt-bei-der-npd\/\" target=\"_blank\" rel=\"noopener\">(MANNSCHAFT berichtete)<\/a>.<\/p>\n<p>Mit 11 Prozent liegt die AfD im aktuellen DeutschlandTrend unter ihrem Ergebnis der letzten Wahl von 12,6 Prozent.<\/p>\n","protected":false},"excerpt":{"rendered":"<p>Uwe Junge verl\u00e4sst die #AfD. Bei der EM hatte er die #Regenbogen-Kapit\u00e4nsbinde von Manuel Neuer als \u00abSchwuchtelbinde\u00bb bezeichnet. Nun klagt Junge \u00fcber \u00abbl\u00f6kende Stammtischproleten\u00bb in der Partei. <a class=\"g1-link g1-link-more\" href=\"https:\/\/alte.mannschaft.lgbt\/bimber\/uwe-junge-verlaesst-afd-und-klagt-ueber-unflaetiges-benehmen\/\">Weiterlesen<\/a><\/p>\n","protected":false},"author":1950,"featured_media":113531,"comment_status":"closed","ping_status":"closed","sticky":false,"template":"","format":"standard","meta":[],"categories":[3],"tags":[5544,780],"wps_subtitle":"Bei der EM hatte er die Kapit\u00e4nsbinde von Manuel Neuer als \u00abSchwuchtelbinde\u00bb bezeichnet","_links":{"self":[{"href":"https:\/\/alte.mannschaft.lgbt\/bimber\/wp-json\/wp\/v2\/posts\/118016"}],"collection":[{"href":"https:\/\/alte.mannschaft.lgbt\/bimber\/wp-json\/wp\/v2\/posts"}],"about":[{"href":"https:\/\/alte.mannschaft.lgbt\/bimber\/wp-json\/wp\/v2\/types\/post"}],"author":[{"embeddable":true,"href":"https:\/\/alte.mannschaft.lgbt\/bimber\/wp-json\/wp\/v2\/users\/1950"}],"replies":[{"embeddable":true,"href":"https:\/\/alte.mannschaft.lgbt\/bimber\/wp-json\/wp\/v2\/comments?post=118016"}],"version-history":[{"count":4,"href":"https:\/\/alte.mannschaft.lgbt\/bimber\/wp-json\/wp\/v2\/posts\/118016\/revisions"}],"predecessor-version":[{"id":118025,"href":"https:\/\/alte.mannschaft.lgbt\/bimber\/wp-json\/wp\/v2\/posts\/118016\/revisions\/118025"}],"wp:featuredmedia":[{"embeddable":true,"href":"https:\/\/alte.mannschaft.lgbt\/bimber\/wp-json\/wp\/v2\/media\/113531"}],"wp:attachment":[{"href":"https:\/\/alte.mannschaft.lgbt\/bimber\/wp-json\/wp\/v2\/media?parent=118016"}],"wp:term":[{"taxonomy":"category","embeddable":true,"href":"https:\/\/alte.mannschaft.lgbt\/bimber\/wp-json\/wp\/v2\/categories?post=118016"},{"taxonomy":"post_tag","embeddable":true,"href":"https:\/\/alte.mannschaft.lgbt\/bimber\/wp-json\/wp\/v2\/tags?post=118016"}],"curies":[{"name":"wp","href":"https:\/\/api.w.org\/{rel}","templated":true}]}}