{"id":117807,"date":"2021-08-26T14:37:32","date_gmt":"2021-08-26T12:37:32","guid":{"rendered":"https:\/\/mannschaft.com\/?p=117807"},"modified":"2021-08-26T23:53:09","modified_gmt":"2021-08-26T21:53:09","slug":"debatte-zu-didi-hallervordens-gender-aussage-paliminnen","status":"publish","type":"post","link":"https:\/\/alte.mannschaft.lgbt\/bimber\/debatte-zu-didi-hallervordens-gender-aussage-paliminnen\/","title":{"rendered":"Debatte nach Hallervordens Kritik am Gendern: \u00abPalim:innen!\u00bb"},"content":{"rendered":"<h3>Dieter Hallervorden verglich Gendern mit der Sprachpolitik von Nationalsozialist*innen und Kommunist*innen und l\u00f6ste eine Debatte aus. Es \u00e4usserten sich unter anderem der Satiriker Jan B\u00f6hmermann und die feministische Rapperin Lady Bitch Ray.<\/h3>\n<p>Dieter Hallervordens Vergleich von Gendern mit der Sprachpolitik von Nationalsozialist*innen und Kommunist*innen hat teils erregte Debatten ausgel\u00f6st. Der Schauspieler und B\u00fchnenchef hatte am Dienstag bei einem Termin seines Schlosspark Theaters in Berlin betont, sein Haus werde sich am Gendern nicht beteiligen. \u00abAlles, was von Seiten des Theaters herausgegeben wird, wird nicht dazu dienen, die deutsche Sprache zu vergewaltigen.\u00bb<\/p>\n<p><strong>Nazi-Vergleich<\/strong><br \/>\nDer 85-J\u00e4hrige hatte auch gesagt: \u00abNat\u00fcrlich entwickelt sich Sprache. Aber sie entwickelt sich nicht von oben herab auf Befehl. Es hat in der letzten Zeit n\u00e4mlich zwei Versuche gegeben. Einmal von den Nazis und einmal von den Kommunisten. Beides hat sich auf Druck durchgesetzt, aber nur tempor\u00e4r &#8211; und zwar auf Zwang.\u00bb<\/p>\n<p>Die feministische Rapperin Lady Bitch Ray &#8211; sie ist studierte Sprachwissenschaftlerin &#8211; twitterte: \u00abSeit wann befinden sich marginalisierte Frauen oder trans Menschen gesellschaftlich \u201eOBEN\u201c??\u00bb Die Musikerin f\u00fcgte hinzu: \u00abVor allem reaktiviert\u00a0Hallervorden\u00a0mit seinem Nazi- &amp; \u201eKommunisten\u201c-Vergleich die Hufeisentheorie, die wissenschaftlich schon l\u00e4ngst widerlegt ist.\u00bb Die Theorie bezeichnet sehr knapp gesagt eine N\u00e4he zwischen Links- und Rechtsextremismus.<\/p>\n<p><strong>\u00abPalim:innen, Palim:innen!\u00bb<\/strong><br \/>\nDer Satiriker Jan B\u00f6hmermann schrieb auf Twitter in Anspielung auf den bekannten \u00abPalim Palim\u00bb-Sketch von\u00a0Hallervorden\u00a0und Gerhard Wollner aus den 1970ern nur zwei Worte: \u00abPalim:innen, Palim:innen!\u00bb<\/p>\n<blockquote class=\"twitter-tweet lazyload\" data-expand=\"600\" data-script=\"https:\/\/platform.twitter.com\/widgets.js\"  data-width=\"550\" data-dnt=\"true\">\n<p lang=\"nl\" dir=\"ltr\">Palim:innen, Palim:innen!<\/p>\n<p>&mdash; Jan B\u00f6hmermann \ud83e\udda0\ud83e\udd28 (@janboehm) <a href=\"https:\/\/twitter.com\/janboehm\/status\/1430436169196711937?ref_src=twsrc%5Etfw\">August 25, 2021<\/a><\/p><\/blockquote>\n<p>Der langj\u00e4hrige Leiter der Stasi-Opfer-Gedenkst\u00e4tte Hohensch\u00f6nhausen, Hubertus Knabe, schrieb an die Adresse von Hallervordens Schlosspark Theater hingegen: \u00abDanke, @SPT_Berlin, dass Ihr da nicht mitmacht!\u00bb<\/p>\n<p>Um einiges sch\u00e4rfer zu lesen sind viele Leserzuschriften zu Berichten von Zeitungen und Sendern, die in digitalen Netzwerken gepostet wurden. Manche beschimpften\u00a0Hallervorden\u00a0als Prototypen eines zornigen, alten weissen Mannes. Jedoch verteidigten auch viele seine Haltung.<\/p>\n<p><strong>Wiederholt kritisch ge\u00e4ussert<\/strong><br \/>\nSeit Jahren wird in Deutschland in der Gesellschaft und auch in vielen Branchen diskutiert, ob die m\u00e4nnlichen Formen in der Sprache durch weiter gefasste Begriffe ersetzt oder erg\u00e4nzt werden &#8211; um Frauen, aber auch etwa trans Menschen einzubeziehen (<a href=\"https:\/\/mannschaft.com\/kniffliges-thema-beim-deutschlernen-wie-gendern\/\" target=\"_blank\" rel=\"noopener\">MANNSCHAFT berichtete<\/a>). Das Gendersternchen in einem Wort ist eine M\u00f6glichkeit. Manche setzen an die Stelle auch einen Doppelpunkt oder einen Unterstrich. In gesprochener Sprache steht daf\u00fcr eine kurze Pause mitten im Wort.<\/p>\n<p>Hallervorden\u00a0hatte sich schon in der Vergangenheit kritisch zum Thema ge\u00e4ussert. Er st\u00f6sst sich vor allem an gegenderten Formen in Medien.<\/p>\n","protected":false},"excerpt":{"rendered":"<p>Dieter #Hallervorden verglich Gendern mit der Sprachpolitik von Nationalsozialist*innen und Kommunist*innen und l\u00f6ste eine Debatte aus. Es \u00e4usserten sich unter anderem Satiriker Jan #B\u00f6hmermann und Rapperin Lady Bitch Ray. <a class=\"g1-link g1-link-more\" href=\"https:\/\/alte.mannschaft.lgbt\/bimber\/debatte-zu-didi-hallervordens-gender-aussage-paliminnen\/\">Weiterlesen<\/a><\/p>\n","protected":false},"author":1950,"featured_media":117810,"comment_status":"closed","ping_status":"closed","sticky":false,"template":"","format":"standard","meta":[],"categories":[2536],"tags":[52,4527,5515],"wps_subtitle":"Der Komiker wird als Prototyp eines \u00abzornigen, alten weissen Mannes\u00bb beschimpft","_links":{"self":[{"href":"https:\/\/alte.mannschaft.lgbt\/bimber\/wp-json\/wp\/v2\/posts\/117807"}],"collection":[{"href":"https:\/\/alte.mannschaft.lgbt\/bimber\/wp-json\/wp\/v2\/posts"}],"about":[{"href":"https:\/\/alte.mannschaft.lgbt\/bimber\/wp-json\/wp\/v2\/types\/post"}],"author":[{"embeddable":true,"href":"https:\/\/alte.mannschaft.lgbt\/bimber\/wp-json\/wp\/v2\/users\/1950"}],"replies":[{"embeddable":true,"href":"https:\/\/alte.mannschaft.lgbt\/bimber\/wp-json\/wp\/v2\/comments?post=117807"}],"version-history":[{"count":4,"href":"https:\/\/alte.mannschaft.lgbt\/bimber\/wp-json\/wp\/v2\/posts\/117807\/revisions"}],"predecessor-version":[{"id":117849,"href":"https:\/\/alte.mannschaft.lgbt\/bimber\/wp-json\/wp\/v2\/posts\/117807\/revisions\/117849"}],"wp:featuredmedia":[{"embeddable":true,"href":"https:\/\/alte.mannschaft.lgbt\/bimber\/wp-json\/wp\/v2\/media\/117810"}],"wp:attachment":[{"href":"https:\/\/alte.mannschaft.lgbt\/bimber\/wp-json\/wp\/v2\/media?parent=117807"}],"wp:term":[{"taxonomy":"category","embeddable":true,"href":"https:\/\/alte.mannschaft.lgbt\/bimber\/wp-json\/wp\/v2\/categories?post=117807"},{"taxonomy":"post_tag","embeddable":true,"href":"https:\/\/alte.mannschaft.lgbt\/bimber\/wp-json\/wp\/v2\/tags?post=117807"}],"curies":[{"name":"wp","href":"https:\/\/api.w.org\/{rel}","templated":true}]}}