{"id":117539,"date":"2021-08-20T09:22:10","date_gmt":"2021-08-20T07:22:10","guid":{"rendered":"https:\/\/mannschaft.com\/?p=117539"},"modified":"2021-08-20T10:58:43","modified_gmt":"2021-08-20T08:58:43","slug":"fpoe-gratuliert-ungarn-zur-erfolgreichen-entwicklung","status":"publish","type":"post","link":"https:\/\/alte.mannschaft.lgbt\/bimber\/fpoe-gratuliert-ungarn-zur-erfolgreichen-entwicklung\/","title":{"rendered":"FP\u00d6 gratuliert Ungarn zur \u00aberfolgreichen Entwicklung\u00bb"},"content":{"rendered":"<h3>Ungarn plant zum Staatsfeiertag am 20. August Feierlichkeiten im grossen Stil. Die FP\u00d6 betont die \u00aberfolgreiche Entwicklung\u00bb des Landes und betont \u00abdas Fundament des christlich-abendl\u00e4ndischen Europas\u00bb.<\/h3>\n<p>Den H\u00f6hepunkt der Feierlichkeiten in Ungarn soll am Freitagabend bildet ein gigantisches Feuerwerk mit zus\u00e4tzlichen Lichteffekten, bei dem 40 000 Raketen abgeschossen werden sollen, berichtete das Nachrichtenportal <a href=\"https:\/\/hvg.hu\/itthon\/20210819_augusztus_20_unnep_programok\" target=\"_blank\" rel=\"noopener\"><em>hvg.hu<\/em><\/a> am Donnerstag.<\/p>\n<p>Ungarn gedenkt am Freitag des Gr\u00fcnders des mittelalterlichen ungarischen Staates, K\u00f6nig Stephan. Er empfing die Krone von Papst Silvester II., regierte von 1000 bis 1038 und wurde am 20. August 1083 von der katholischen Kirche heiliggesprochen.<\/p>\n<p>Erstmals findet zu den Stephans-Feierlichkeiten diesmal auch ein Umzug mit nationalen ungarischen Symbolen statt. Unter anderen sollen am Freitagvormittag eine \u00fcberlebensgrosse, zur G\u00e4nze vergoldete Stephan-Figur sowie eine lilafarbene Gross-Plastik des Turuls &#8211; eines aus der vorchristlichen ungarischen Mythologie stammenden Raubvogels &#8211; durch die Strassen der Innenstadt gezogen werden.<\/p>\n<p>Ungarn gedenke seiner Staatsgr\u00fcndung und seines Staatsgr\u00fcnders sowie Nationalheiligen, K\u00f6nig Stefan I., dem unter anderem durch seine Hinwendung zum Christentum auch f\u00fcr die europ\u00e4ische Geschichte und die Entwicklung des Abendlandes grosse Bedeutung zukomme, erkl\u00e4rte der FP\u00d6-Nationalratsabgeordnete Christian Hafenecker am Freitag, der auch Obmann der Parlamentarischen Gruppe \u00d6sterreich-Ungarn ist.<\/p>\n<blockquote><p>Ich w\u00fcnsche Ungarn eine Fortsetzung der erfolgreichen Entwicklung, die es seit Jahren erlebt.<\/p><\/blockquote>\n<p>\u00abIch m\u00f6chte der traditions- und geschichtsreichen ungarischen Nation daher anl\u00e4sslich des heutigen Feiertages f\u00fcr die Zukunft eine Fortsetzung der erfolgreichen Entwicklung, die es seit Jahren erlebt, w\u00fcnschen!\u00bb<\/p>\n<p>Nationalfeiertage w\u00fcrden stets dazu anhalten, \u00fcber deren Bedeutung in Vergangenheit, Gegenwart und Zukunft nachzudenken. \u00abAls Staatsgr\u00fcnder steht der Heilige Stefan als Symbol f\u00fcr ein unabh\u00e4ngiges und selbstbestimmtes Ungarn, dessen in Vergangenheit sowie Gegenwart bewiesenes Souver\u00e4nit\u00e4tsbewusstsein, seine Tradition und nationale Identit\u00e4t. Gerade ein Tag wie heute, an dem eine grosse europ\u00e4ische Nation ihrer Staatsgr\u00fcndung vor rund 1000 Jahren gedenkt, sollte uns daher in Erinnerung rufen, dass Nationen und Vaterl\u00e4nder das historisch gewachsene Fundament unseres christlich-abendl\u00e4ndischen Europas bilden, auf welchem es auch seine Zukunft aufbauen muss\u00bb, so Hafenecker.<\/p>\n<p>Viel Lob und Anerkennung f\u00fcr das Nachbarland, aber kein Wort von der zunehmenden Beschr\u00e4nkung von Menschenrechten, der die LGBTIQ Community ausgesetzt ist <a href=\"https:\/\/mannschaft.com\/beim-eu-gipfel-droht-streit-ueber-ungarns-anti-lgbtiq-gesetz\/\" target=\"_blank\" rel=\"noopener\">(MANNSCHAFT berichtete)<\/a>. Immerhin, die Bev\u00f6lkerung \u00e4usserte sich in einer aktuellen Umfrage so positiv \u00fcber Queers wie lange nicht <a href=\"https:\/\/mannschaft.com\/akzeptanz-von-lgbtiq-in-ungarn-auf-historischem-hoehepunkt\/\" target=\"_blank\" rel=\"noopener\">(MANNSCHAFT berichtete)<\/a>.<\/p>\n<p>Der rechtsnationale Ministerpr\u00e4sident Viktor Orban hat f\u00fcr die mehrt\u00e4gigen Feierlichkeiten s\u00e4mtliche Corona-Beschr\u00e4nkungen f\u00fcr Grossveranstaltungen aufgehoben. Zum Grossfeuerwerk werden Tausende Besucher*innen aus der Provinz erwartet. Die Kosten der Feierlichkeiten werden auf 16 bis 22 Millionen Euro veranschlagt. <em>(mit dpa)<\/em><\/p>\n","protected":false},"excerpt":{"rendered":"<p>#Ungarn plant zum Staatsfeiertag Feierlichkeiten im grossen Stil. Die #FP\u00d6 betont die \u00aberfolgreiche Entwicklung\u00bb des Landes. Von Kritik an der #LGBTIQ-feindlichen Gesetzgebung keine Spur. <a class=\"g1-link g1-link-more\" href=\"https:\/\/alte.mannschaft.lgbt\/bimber\/fpoe-gratuliert-ungarn-zur-erfolgreichen-entwicklung\/\">Weiterlesen<\/a><\/p>\n","protected":false},"author":1,"featured_media":117541,"comment_status":"closed","ping_status":"closed","sticky":false,"template":"","format":"standard","meta":[],"categories":[2,2527],"tags":[5544,3196,4138],"wps_subtitle":"Ungarn begeht Staatsfeiertag mit Umzug und Gro\u00dffeuerwerk","_links":{"self":[{"href":"https:\/\/alte.mannschaft.lgbt\/bimber\/wp-json\/wp\/v2\/posts\/117539"}],"collection":[{"href":"https:\/\/alte.mannschaft.lgbt\/bimber\/wp-json\/wp\/v2\/posts"}],"about":[{"href":"https:\/\/alte.mannschaft.lgbt\/bimber\/wp-json\/wp\/v2\/types\/post"}],"author":[{"embeddable":true,"href":"https:\/\/alte.mannschaft.lgbt\/bimber\/wp-json\/wp\/v2\/users\/1"}],"replies":[{"embeddable":true,"href":"https:\/\/alte.mannschaft.lgbt\/bimber\/wp-json\/wp\/v2\/comments?post=117539"}],"version-history":[{"count":3,"href":"https:\/\/alte.mannschaft.lgbt\/bimber\/wp-json\/wp\/v2\/posts\/117539\/revisions"}],"predecessor-version":[{"id":117546,"href":"https:\/\/alte.mannschaft.lgbt\/bimber\/wp-json\/wp\/v2\/posts\/117539\/revisions\/117546"}],"wp:featuredmedia":[{"embeddable":true,"href":"https:\/\/alte.mannschaft.lgbt\/bimber\/wp-json\/wp\/v2\/media\/117541"}],"wp:attachment":[{"href":"https:\/\/alte.mannschaft.lgbt\/bimber\/wp-json\/wp\/v2\/media?parent=117539"}],"wp:term":[{"taxonomy":"category","embeddable":true,"href":"https:\/\/alte.mannschaft.lgbt\/bimber\/wp-json\/wp\/v2\/categories?post=117539"},{"taxonomy":"post_tag","embeddable":true,"href":"https:\/\/alte.mannschaft.lgbt\/bimber\/wp-json\/wp\/v2\/tags?post=117539"}],"curies":[{"name":"wp","href":"https:\/\/api.w.org\/{rel}","templated":true}]}}