{"id":116436,"date":"2021-08-05T15:59:53","date_gmt":"2021-08-05T13:59:53","guid":{"rendered":"https:\/\/mannschaft.com\/?p=116436"},"modified":"2021-08-06T09:22:34","modified_gmt":"2021-08-06T07:22:34","slug":"queere-person-in-berlin-mit-waffe-bedroht","status":"publish","type":"post","link":"https:\/\/alte.mannschaft.lgbt\/bimber\/queere-person-in-berlin-mit-waffe-bedroht\/","title":{"rendered":"Queere Person in Berlin mit Waffe bedroht"},"content":{"rendered":"<h3>In Berlin-Lichtenberg gab es am Mittwochnachmittag offenbar erneut einen LGBTIQ-feindlichen \u00dcbergriff: Eine Person wurde mit einer Waffe bedroht.<\/h3>\n<p>\u00d6ffentlich gemacht wurde der Vorfall von dem Opfer selbst \u00fcber Instagram.<a href=\"https:\/\/www.instagram.com\/miss_toto_rodgers\/?hl=de\" target=\"_blank\" rel=\"noopener\"> \u00abToto Stoffels\u00bb<\/a> identifiziert sich als nicht bin\u00e4r und arbeitet als K\u00fcnstler*in und Fotograf*in in Berlin.<\/p>\n<p>Stoffels sass am Nachmittag in Lichtenberg in der N\u00e4he eines Supermarktes und ass eine Wassermelone. Ein Mann n\u00e4herte sich und rief etwas in Richtung Stoffels, in dem das Wort \u00abtrans\u00bb vorgekommen sein soll. Stoffels entgegnete, kein Deutsch zu verstehen, worauf der Mann, offenbar auf Englisch, gesagt habe: \u00abIch werde dir durch deinen Kopf schiessen.\u00bb<\/p>\n<blockquote class=\"twitter-tweet\">\n<p dir=\"ltr\" lang=\"de\">Enough is enough! Ich bin ersch\u00fcttert vom Video der transfeindlichen Attacke in <a href=\"https:\/\/twitter.com\/hashtag\/Lichtenberg?src=hash&amp;ref_src=twsrc%5Etfw\">#Lichtenberg<\/a>. Ich hoffe, die Polizei wird dem T\u00e4ter schnell habhaft. Es zeigt einmal mehr: Queer- und Transfeindlichkeit sind auch in der Regenbogenstadt Berlin ein Problem, das wir bek\u00e4mpfen m\u00fcssen.<\/p>\n<p>\u2014 Dirk Behrendt (@Dirk_Behrendt) <a href=\"https:\/\/twitter.com\/Dirk_Behrendt\/status\/1423225483559378947?ref_src=twsrc%5Etfw\">August 5, 2021<\/a><\/p><\/blockquote>\n<p><script async src=\"https:\/\/platform.twitter.com\/widgets.js\" charset=\"utf-8\"><\/script><\/p>\n<p>Berlins Justizsenator Dirk Behrendt (Gr\u00fcne) verurteilte am Donnerstag die Tat. Man m\u00fcsse Queer- und Transfeindlichkeit in Berlin bek\u00e4mpfen, forderte er.<\/p>\n<p>In der offziellen Polizeimeldung ist keine Rede von einem trans- oder queerfeindlichen Motiv. Dort heisst es: \u00abEin Unbekannter bedrohte am Mittwoch Abend in Berlin-Lichtenberg einen Menschen mit einer Schusswaffe und entkam anschliessend unerkannt. Die 24-j\u00e4hrige Person habe nach eigener Aussage gegen 19.20 Uhr auf einer Bank in der Bernhard-B\u00e4stlein-Strasse gesessen, als ein P\u00e4rchen vorbeilief und der Mann der Person mit dem Erschiessen gedroht haben soll. Im weiteren Verlauf soll der Tatverd\u00e4chtige eine Schusswaffe gezogen, durchgeladen und auf die Person gezielt haben. Anschliessend habe er seinen Weg mit seiner ebenfalls unbekannten Begleiterin fortgesetzt.\u00bb<\/p>\n<p>Auf MANNSCHAFT-Anfrage best\u00e4tigte uns die Polizei, dass man von einem Hassdelikt ausgeht. Die Ermittlungen zu dem Vorfall in Fennpfuhl hat der Polizeiliche Staatsschutz des Landeskriminalamtes \u00fcbernommen.<\/p>\n<p>Am CSD-Wochenende vor zehn Tagen hatte es mehrere LGBTIQ-feindliche \u00dcbergriffe in Berlin gegeben. Nach einer gef\u00e4hrlichen K\u00f6rperverletzung mit homofeindlicher Motivation bittet das Landeskriminalamt um Mithilfe bei der Suche nach Zeug*innen <a href=\"https:\/\/mannschaft.com\/mann-21-nach-csd-krankenhausreif-gepruegelt-zeugen-gesucht\/\" target=\"_blank\" rel=\"noopener\">(MANNSCHAFT berichtete)<\/a>.<\/p>\n","protected":false},"excerpt":{"rendered":"<p>In #Berlin #Lichtenberg gab es am Mittwochnachmittag offenbar erneut einen #LGBTIQ-feindlichen \u00dcbergriff: Eine #nichtbin\u00e4re Person wurde mit einer Waffe bedroht. <a class=\"g1-link g1-link-more\" href=\"https:\/\/alte.mannschaft.lgbt\/bimber\/queere-person-in-berlin-mit-waffe-bedroht\/\">Weiterlesen<\/a><\/p>\n","protected":false},"author":1,"featured_media":0,"comment_status":"closed","ping_status":"closed","sticky":false,"template":"","format":"standard","meta":[],"categories":[3,10],"tags":[128,5501,5461],"wps_subtitle":"Justizsenator Dirk Behrendt (Gr\u00fcne) verurteilte die Tat","_links":{"self":[{"href":"https:\/\/alte.mannschaft.lgbt\/bimber\/wp-json\/wp\/v2\/posts\/116436"}],"collection":[{"href":"https:\/\/alte.mannschaft.lgbt\/bimber\/wp-json\/wp\/v2\/posts"}],"about":[{"href":"https:\/\/alte.mannschaft.lgbt\/bimber\/wp-json\/wp\/v2\/types\/post"}],"author":[{"embeddable":true,"href":"https:\/\/alte.mannschaft.lgbt\/bimber\/wp-json\/wp\/v2\/users\/1"}],"replies":[{"embeddable":true,"href":"https:\/\/alte.mannschaft.lgbt\/bimber\/wp-json\/wp\/v2\/comments?post=116436"}],"version-history":[{"count":7,"href":"https:\/\/alte.mannschaft.lgbt\/bimber\/wp-json\/wp\/v2\/posts\/116436\/revisions"}],"predecessor-version":[{"id":116447,"href":"https:\/\/alte.mannschaft.lgbt\/bimber\/wp-json\/wp\/v2\/posts\/116436\/revisions\/116447"}],"wp:attachment":[{"href":"https:\/\/alte.mannschaft.lgbt\/bimber\/wp-json\/wp\/v2\/media?parent=116436"}],"wp:term":[{"taxonomy":"category","embeddable":true,"href":"https:\/\/alte.mannschaft.lgbt\/bimber\/wp-json\/wp\/v2\/categories?post=116436"},{"taxonomy":"post_tag","embeddable":true,"href":"https:\/\/alte.mannschaft.lgbt\/bimber\/wp-json\/wp\/v2\/tags?post=116436"}],"curies":[{"name":"wp","href":"https:\/\/api.w.org\/{rel}","templated":true}]}}