{"id":116362,"date":"2021-08-05T11:11:03","date_gmt":"2021-08-05T09:11:03","guid":{"rendered":"https:\/\/mannschaft.com\/?p=116362"},"modified":"2021-08-08T12:45:32","modified_gmt":"2021-08-08T10:45:32","slug":"bochum-erhaelt-stolpersteine-fuer-schwules-liebespaar","status":"publish","type":"post","link":"https:\/\/alte.mannschaft.lgbt\/bimber\/bochum-erhaelt-stolpersteine-fuer-schwules-liebespaar\/","title":{"rendered":"Bochum erh\u00e4lt Stolpersteine f\u00fcr schwules Liebespaar"},"content":{"rendered":"<h3>Aufgrund einer mehrj\u00e4hrigen Neubaumassnahme in der Bochumer Kronenstrasse musste die urspr\u00fcnglich bereits f\u00fcr 2018 geplante Verlegung der Stolpersteine verschoben werden. Sie findet nunmehr am 12. August statt. Geehrt wird damit ein schwules Paar.<\/h3>\n<p>Die Verlegung des Stolpersteines erfolgt am Geburtstag von Gerhard Krebs: Der Buchhalter wurde am 12. August 1907 in Bochum geboren. Er wurde erh\u00e4ngt im Gef\u00e4ngnis \u00abKr\u00fcmmede\u00bb in Bochum aufgefunden. Der andere war sein Freund, der Kaufmann Heinrich (Rufname: Heinz) Barenberg. Er \u00fcberlebte die NS-Zeit. Beide wurden zuvor gemeinsam verurteilt nach \u00a7 175 wegen homosexueller Kontakte.<\/p>\n<p>Im Zuge von Ermittlungen im Jahr 1936 gegen einen Volksschullehrer wegen homosexueller Kontakte wurde auch der Architekt Heinz S. verh\u00f6rt. Dieser versuchte, sich aus Angst vor dem Anschein, selbst homosexuell zu sein und damit m\u00f6glicherweise in die Ermittlungen und in das Visier der Polizei und Justiz als vermeintlicher Straft\u00e4ter zu geraten, dadurch zu befreien, dass er zahlreiche Namen von Personen nannte, die er f\u00fcr homosexuell hielt. Und die er im Rahmen seiner Laienspielgruppe beim B\u00fchnenvolksbund, in dem auch Wahle mitwirkte, kennengelernt hatte.<\/p>\n<p>W\u00f6rtlich teilte S. der Polizei mit: \u00abFerner m\u00f6chte ich noch einen gewissen Krebs, der jetzt auf der Kronenstrasse wohnt, erw\u00e4hnen, der m.E. ebenso veranlagt ist. Ich habe die beiden auch einmal angetroffen, als ich \u00fcberraschend in die Wohnung des Krebs kam (\u2026) Krebs hatte auch eine Anzahl perverser B\u00fccher und Schriften in seinem Besitz.\u00bb<\/p>\n<p>Weitere Vernehmungen von Personen aus dem Umfeld von Wahle, Barenberg und Krebs wurden mit Hilfe dieser Aussage durchgef\u00fchrt.\u00a0Aus den erhaltenen Schriftst\u00fccken ist bekannt, dass das Gericht im Verfahren gegen Gerhard Krebs und Heinz Barenberg feststellte, dass die beiden erwachsenen M\u00e4nner miteinander \u00fcber mehrere Jahre \u00abwidernat\u00fcrliche Unzucht\u00bb betrieben (so die NS-Bezeichnung f\u00fcr ein sich liebendes M\u00e4nnerpaar.)<\/p>\n<p>Die Beziehung zwischen Heinz Barenberg und Gerhard Krebs war demnach so gefestigt, dass Vater August Barenberg dem Freund seines Sohnes im Wohnhaus an der Kronenstrasse eine Unterkunft vermietete. Dass das Paar nicht in einer gemeinsamen Wohnung zusammenleben konnte, war aufgrund der gesellschaftlichen und politischen Verh\u00e4ltnisse zum eigenen Schutz unumg\u00e4nglich: In der NS-Zeit war eine offensichtliche M\u00e4nnerbeziehung, ein gleichgeschlechtliches Liebesverh\u00e4ltnis lebensgef\u00e4hrlich.<\/p>\n<p>Da die Akten des Verfahrens vor der vierten Kammer des Landgerichts Bochum nicht erhalten sind, steht nur fest, dass die Hauptverhandlung am 28.10.1936 mit einer Verurteilung von Gerhard Krebs endete. Barenberg war aufgrund der Tatsache, dass er zwischenzeitlich aus der Untersuchungshaft bis zur Hauptverhandlung entlassen worden war, die Flucht \u00fcber die Schweiz nach Belgien gelungen.<\/p>\n<p>Dokumentiert ist: Gerhard Krebs starb am 7. Februar 1939 im Alter von nur 31 Jahren im Gef\u00e4ngnis \u00abKr\u00fcmmede\u00bb in Bochum. Die Sterbeurkunde tr\u00e4gt den Eintrag: \u00abSelbstmord durch Erh\u00e4ngen.\u00bb<\/p>\n<p>Die ausf\u00fchrliche Recherche von <a href=\"https:\/\/mannschaft.com\/stolpern-wider-das-vergessen\/\" target=\"_blank\" rel=\"noopener\">J\u00fcrgen Wenke<\/a> ist auf <a href=\"https:\/\/www.stolpersteine-homosexuelle.de\/gerhard-krebs\" target=\"_blank\" rel=\"noopener\"><em>Stolpersteine-Homosexuelle.de<\/em><\/a> nachzulesen.<\/p>\n","protected":false},"excerpt":{"rendered":"<p>#Bochum erh\u00e4lt #Stolpersteine f\u00fcr #schwules Liebespaar. Die beiden hatten \u00fcber mehrere Jahre ein Verh\u00e4ltnis. Gerhard Krebs starb im Jahr 1939 im Alter von nur 31 Jahren im Gef\u00e4ngnis #Kr\u00fcmmede. <a class=\"g1-link g1-link-more\" href=\"https:\/\/alte.mannschaft.lgbt\/bimber\/bochum-erhaelt-stolpersteine-fuer-schwules-liebespaar\/\">Weiterlesen<\/a><\/p>\n","protected":false},"author":1,"featured_media":116366,"comment_status":"closed","ping_status":"closed","sticky":false,"template":"","format":"standard","meta":[],"categories":[10],"tags":[5464,5461],"wps_subtitle":"Die beiden hatten \u00fcber mehrere Jahre ein Verh\u00e4ltnis und wurden von den Nazis verfolgt","_links":{"self":[{"href":"https:\/\/alte.mannschaft.lgbt\/bimber\/wp-json\/wp\/v2\/posts\/116362"}],"collection":[{"href":"https:\/\/alte.mannschaft.lgbt\/bimber\/wp-json\/wp\/v2\/posts"}],"about":[{"href":"https:\/\/alte.mannschaft.lgbt\/bimber\/wp-json\/wp\/v2\/types\/post"}],"author":[{"embeddable":true,"href":"https:\/\/alte.mannschaft.lgbt\/bimber\/wp-json\/wp\/v2\/users\/1"}],"replies":[{"embeddable":true,"href":"https:\/\/alte.mannschaft.lgbt\/bimber\/wp-json\/wp\/v2\/comments?post=116362"}],"version-history":[{"count":1,"href":"https:\/\/alte.mannschaft.lgbt\/bimber\/wp-json\/wp\/v2\/posts\/116362\/revisions"}],"predecessor-version":[{"id":116384,"href":"https:\/\/alte.mannschaft.lgbt\/bimber\/wp-json\/wp\/v2\/posts\/116362\/revisions\/116384"}],"wp:featuredmedia":[{"embeddable":true,"href":"https:\/\/alte.mannschaft.lgbt\/bimber\/wp-json\/wp\/v2\/media\/116366"}],"wp:attachment":[{"href":"https:\/\/alte.mannschaft.lgbt\/bimber\/wp-json\/wp\/v2\/media?parent=116362"}],"wp:term":[{"taxonomy":"category","embeddable":true,"href":"https:\/\/alte.mannschaft.lgbt\/bimber\/wp-json\/wp\/v2\/categories?post=116362"},{"taxonomy":"post_tag","embeddable":true,"href":"https:\/\/alte.mannschaft.lgbt\/bimber\/wp-json\/wp\/v2\/tags?post=116362"}],"curies":[{"name":"wp","href":"https:\/\/api.w.org\/{rel}","templated":true}]}}