{"id":115791,"date":"2021-07-28T08:08:14","date_gmt":"2021-07-28T06:08:14","guid":{"rendered":"https:\/\/mannschaft.com\/?p=115791"},"modified":"2021-07-28T08:23:16","modified_gmt":"2021-07-28T06:23:16","slug":"polens-vizejustizminister-verteidigt-hetze-als-akademische-freiheit","status":"publish","type":"post","link":"https:\/\/alte.mannschaft.lgbt\/bimber\/polens-vizejustizminister-verteidigt-hetze-als-akademische-freiheit\/","title":{"rendered":"Polens Vizejustizminister verteidigt Hetze als \u00abakademische Freiheit\u00bb"},"content":{"rendered":"<h3>Das K\u00f6lner Amtsgericht hat gegen zwei katholische Priester Strafbefehle wegen Hetze gegen Homosexuelle \u00fcber je mehrere tausend Euro erlassen. Polens Vizejustizminister tobt.<\/h3>\n<p>Wie der Herausgeber der Zeitschrift \u00abTheologisches\u00bb, Manfred Hauke, der Katholischen Nachrichten-Agentur (KNA) am Dienstag in Lugano best\u00e4tigte, erhielten nicht nur der polnische Autor Dariusz Oko Strafbefehle in H\u00f6he von 70 beziehungsweise 120 Tagess\u00e4tzen aufgrund von hetzerischen Passagen in einem Artikel mit dem Titel \u00ab\u00dcber die Notwendigkeit, homosexuelle Cliquen in der Kirche zu begrenzen\u00bb <a href=\"https:\/\/mannschaft.com\/polnischem-theologen-droht-verfahren-wegen-hetze-gegen-homosexuelle\/\" target=\"_blank\" rel=\"noopener\">(MANNSCHAFT berichtete).<\/a> Auch Chefredakteur Johannes St\u00f6hr soll eine Strafe zahlen, wie <a href=\"https:\/\/www.domradio.de\/themen\/weltkirche\/2021-07-27\/nach-beschimpfungen-homosexueller-geldstrafen-wegen-volksverhetzung-gegen-zwei-priester\" target=\"_blank\" rel=\"noopener\"><em>Domradio<\/em><\/a> berichtet.<\/p>\n<p>Homosexuelle werden in dem Text u.a. als \u00abr\u00fccksichtslose Parasiten\u00bb bezeichnet sowie als \u00abKrebsgeschw\u00fcr, das sogar bereit ist, seinen Wirt zu t\u00f6ten\u00bb. Das sei geeignet, den \u00f6ffentlichen Frieden zu st\u00f6ren und gegen Teile der Bev\u00f6lkerung zum Hass anzustacheln, urteilte das Gericht.<\/p>\n<p>Laut einer Gerichtssprecherin haben St\u00f6hr und Oko Einspruch eingelegt. In beiden F\u00e4llen d\u00fcrfte es zu einer Hauptverhandlung kommen. Der 90-j\u00e4hrige St\u00f6hr ist emeritierter Professor f\u00fcr Dogmatische Theologie. Der Text ist in Polen auch in einem Buch Okos erschienen.<\/p>\n<p>Der Priester Wolfgang Rothe aus M\u00fcnchen hatte Oko wegen des homophoben Artikels in der Zeitschrift angezeigt. Der erste Teil des Textes war in der Januar\/Februar-Ausgabe erschienen, der zweite folgte im M\u00e4rz.<\/p>\n<blockquote class=\"twitter-tweet\">\n<p dir=\"ltr\" lang=\"pl\">Wed\u0142ug niemieckiego s\u0105du ks. prof. Dariusz Oko demaskuj\u0105c w artykule naukowym grup\u0119 gwa\u0142cicieli dzia\u0142aj\u0105cych wewn\u0105trz ko\u015bcio\u0142a, pod\u017cega\u0142 do nienawi\u015bci. S\u0105d tym samym zadepta\u0142 wolno\u015b\u0107 akademick\u0105 i pokaza\u0142, \u017ce wy\u017cej ceni oprawc\u00f3w ni\u017c ofiary. Nie dopu\u015b\u0107my do takiej paranoi w Polsce<\/p>\n<p>\u2014 Marcin Romanowski (@MarRomanowski) <a href=\"https:\/\/twitter.com\/MarRomanowski\/status\/1419590474428465152?ref_src=twsrc%5Etfw\">July 26, 2021<\/a><\/p><\/blockquote>\n<p><script async src=\"https:\/\/platform.twitter.com\/widgets.js\" charset=\"utf-8\"><\/script><\/p>\n<p>Polens nationalkonservativer Vizejustizminister Marcin Romanowski verurteilte die Strafbefehle scharf. Das Gericht habe \u00abdie akademische Freiheit mit F\u00fcssen getreten und gezeigt, dass es die T\u00e4ter mehr sch\u00e4tzt als die Opfer\u00bb. Solche \u00abParanoia\u00bb d\u00fcrfe man in Polen nicht zulassen.<\/p>\n<p>Herausgeber Hauke verteidigte die \u00abstarken Worte\u00bb des Verfassers. Sie seien aber \u00abnicht als Kennzeichnung von homosexuell empfindenden Personen im Allgemeinen\u00bb gebraucht worden, \u00absondern einer mafi\u00f6sen Clique\u00bb. Deren sexuellen Missbr\u00e4uche h\u00e4tten klar dazu beigetragen, die Kirche von innen her zu zerst\u00f6ren.<\/p>\n<p>Eine Online-Petition verlangt die Aufhebung des Strafbefehls gegen Oko. Adressat*innen sind das K\u00f6lner Amtsgericht und Bundeskanzlerin Angela Merkel (CDU). Die Strafe schr\u00e4nke das Recht auf wissenschaftliche Forschung sowie freie Meinungs\u00e4usserung ein und beschneide die Pressefreiheit, so die Petition des ultrakonservativen polnischen Instituts Ordo Iuris.<\/p>\n<p>Ordo Iuris geht derzeit juristisch gegen die Initiator*innen des Atlas des Hasses vor<a href=\"https:\/\/mannschaft.com\/kaempferinnen-gegen-lgbt-freie-zonen-muessen-vor-gericht\/\" target=\"_blank\" rel=\"noopener\"> (MANNSCHAFT berichtete)<\/a>. Dort werden die Gebiete in Polen gezeigt, die sich als \u00abLGBT-frei deklariert haben.<\/p>\n","protected":false},"excerpt":{"rendered":"<p>Ein Gericht hat gegen zwei katholische Priester Strafbefehle wegen Volksverhetzung hohe Geldstrafen erlassen. In einem Aufsatz wurden #Homosexuelle u.a. als &#8222;Krebsgeschw\u00fcr\u00bb beschimpft. Polens Vizejustizminister tobt. <a class=\"g1-link g1-link-more\" href=\"https:\/\/alte.mannschaft.lgbt\/bimber\/polens-vizejustizminister-verteidigt-hetze-als-akademische-freiheit\/\">Weiterlesen<\/a><\/p>\n","protected":false},"author":1,"featured_media":115792,"comment_status":"closed","ping_status":"closed","sticky":false,"template":"","format":"standard","meta":[],"categories":[10,2],"tags":[],"wps_subtitle":"Homosexuelle waren in einem Aufsatz u. a. als \u00abKrebsgeschw\u00fcr\u00bb beschimpft worden","_links":{"self":[{"href":"https:\/\/alte.mannschaft.lgbt\/bimber\/wp-json\/wp\/v2\/posts\/115791"}],"collection":[{"href":"https:\/\/alte.mannschaft.lgbt\/bimber\/wp-json\/wp\/v2\/posts"}],"about":[{"href":"https:\/\/alte.mannschaft.lgbt\/bimber\/wp-json\/wp\/v2\/types\/post"}],"author":[{"embeddable":true,"href":"https:\/\/alte.mannschaft.lgbt\/bimber\/wp-json\/wp\/v2\/users\/1"}],"replies":[{"embeddable":true,"href":"https:\/\/alte.mannschaft.lgbt\/bimber\/wp-json\/wp\/v2\/comments?post=115791"}],"version-history":[{"count":6,"href":"https:\/\/alte.mannschaft.lgbt\/bimber\/wp-json\/wp\/v2\/posts\/115791\/revisions"}],"predecessor-version":[{"id":115794,"href":"https:\/\/alte.mannschaft.lgbt\/bimber\/wp-json\/wp\/v2\/posts\/115791\/revisions\/115794"}],"wp:featuredmedia":[{"embeddable":true,"href":"https:\/\/alte.mannschaft.lgbt\/bimber\/wp-json\/wp\/v2\/media\/115792"}],"wp:attachment":[{"href":"https:\/\/alte.mannschaft.lgbt\/bimber\/wp-json\/wp\/v2\/media?parent=115791"}],"wp:term":[{"taxonomy":"category","embeddable":true,"href":"https:\/\/alte.mannschaft.lgbt\/bimber\/wp-json\/wp\/v2\/categories?post=115791"},{"taxonomy":"post_tag","embeddable":true,"href":"https:\/\/alte.mannschaft.lgbt\/bimber\/wp-json\/wp\/v2\/tags?post=115791"}],"curies":[{"name":"wp","href":"https:\/\/api.w.org\/{rel}","templated":true}]}}