{"id":115559,"date":"2021-07-24T06:00:22","date_gmt":"2021-07-24T04:00:22","guid":{"rendered":"https:\/\/mannschaft.com\/?p=115559"},"modified":"2021-07-24T08:11:50","modified_gmt":"2021-07-24T06:11:50","slug":"mit-bios-bahnhof-alfredissimo-nimmt-wdr-abschied-von-alfred-biolek","status":"publish","type":"post","link":"https:\/\/alte.mannschaft.lgbt\/bimber\/mit-bios-bahnhof-alfredissimo-nimmt-wdr-abschied-von-alfred-biolek\/","title":{"rendered":"\u00abBio\u2019s Bahnhof\u00bb &#038; \u00abalfredissimo!\u00bb \u2013 WDR nimmt Abschied von Biolek"},"content":{"rendered":"<h3>Anl\u00e4sslich des Todes von Alfred Biolek, Erfinder und Moderator der WDR-Sendungen \u00abBio\u2019s Bahnhof\u00bb, \u00abBoulevard Bio\u00bb und \u00abalfredissimo!\u00bb, \u00e4ndert das WDR Fernsehen an diesem Samstag das Programm.<\/h3>\n<p>Bundespr\u00e4sident Frank-Walter Steinmeier hat am Freitag dem Adoptivsohn von Alfred Biolek zum Tod seines Vaters kondoliert. \u00abMit Alfred Biolek verliert unser Land eine seiner bekanntesten Pers\u00f6nlichkeiten der Unterhaltung &#8211; und einen grossartigen Menschen, der das Leben liebte und es genoss\u00bb, schrieb Steinmeier. \u00abIhr Vater war der eigentliche Erfinder der &#8218;Talkshow&#8216;. Niemand hat die Kultur des Gespr\u00e4chs und des Zuh\u00f6rens so gepflegt wie Alfred Biolek. Er war ein Gastgeber im besten Sinn.\u00bb<\/p>\n<p>Biolek war am Freitagmorgen im Alter von 87 Jahren gestorben <a href=\"https:\/\/mannschaft.com\/der-entertainer-alfred-biolek-ist-tot\/\" target=\"_blank\" rel=\"noopener\">(MANNSCHAFT berichtete)<\/a>. Der fr\u00fchere Fernsehmoderator und Talkmaster sei in seiner K\u00f6lner Wohnung friedlich eingeschlafen, sagte sein Adoptivsohn Scott Biolek-Ritchie der Deutschen Presse-Agentur.<\/p>\n<p>In der <a href=\"https:\/\/www.ardmediathek.de\/wdr\/\" target=\"_blank\" rel=\"noopener\">WDR-Mediathek<\/a> stehen etliche Biolek-Sendungen nun sowieso wieder, aber es werden auch viele Sendungen linear gezeigt: Um 21.45 Uhr zeigt das WDR Fernsehen den 90-min\u00fctigen Portrait-Film \u00abMensch, Bio!\u00bb von Sandra Maischberger und Hendrik Fritzler. Zum 80. Geburtstag (10. Juli 2014) \u00f6ffnete \u00abBio\u00bb darin die T\u00fcren f\u00fcr eine sehr pers\u00f6nliche Zeitreise. Sandra Maischberger und Hendrik Fritzler hatten die Fernseh-Legende zwei Jahre lang mit der Kamera begleitet. Durch das langj\u00e4hrige Vertrauensverh\u00e4ltnis zwischen Biolek und den Autoren erm\u00f6glichte der TV-Star einen \u00fcberraschenden Blick in sein Privatleben.<\/p>\n<p>Im Anschluss folgt um 23.15 Uhr der 90-min\u00fctige Film \u00abBahnhof f\u00fcr Bio\u00bb \u2013 eine Hommage von Klaus Michael Heinz. Von Februar 1978 bis zum Oktober 1982 konnte Alfred Biolek insgesamt 30 Mal ein Millionenpublikum begeistern mit \u00abBio\u2019s Bahnhof \u2013 Musik und Gespr\u00e4che live\u00bb. Mehr als 20 Jahre sp\u00e4ter betritt Alfred Biolek in dem Film \u2013 ermuntert von Anke Engelke und Hape Kerkeling \u2013 erstmals wieder den Austragungsort seiner Show, das alte Depot der K\u00f6ln-Frechen-Benzelrather Eisenbahn, inzwischen ein Fliesengrosshandel. Dort schwelgen die drei Publikumslieblinge gemeinsam in Erinnerungen: Bio, der einstige Macher, Anke, der \u00abKinderstar\u00bb mit Auftritt in \u00abBio\u2019s Bahnhof\u00bb, sowie Hape, der fr\u00fchere Fan am heimischen Bildschirm<\/p>\n<p>Ab 0.55 Uhr zeigt das WDR Fernsehen dann drei Ausgaben von \u00abalfredissimo!\u00bb \u2013 mit Helmut Berger, Alice Schwarzer und Harald Schmidt.<\/p>\n<p>In WDR 3 \u2013 Kultur am Mittag hat sich Sandra Maischberger, Autorin des Films \u00abMensch, Bio!\u00bb, ge\u00e4ussert. Das Gespr\u00e4ch steht in der <a href=\"https:\/\/www.ardaudiothek.de\/episode\/kulturfeature\/sandra-maischberger-zum-tod-von-alfred-biolek\/wdr-3\/91466440.\" target=\"_blank\" rel=\"noopener\">ARD-Audiothek<\/a> zur Verf\u00fcgung. Zudem hat <a href=\"https:\/\/www1.wdr.de\/mediathek\/audio\/wdr5\/wdr5-scala-aktuelle-kultur\/audio-fernsehmoderator-und-talkmaster-alfred-biolek-gestorben-100.html\" target=\"_blank\" rel=\"noopener\">WDR 5 Scala<\/a> ein Gespr\u00e4ch mit <a href=\"https:\/\/mannschaft.com\/bettina-boettinger-ich-habe-frueher-gesagt-dass-ich-keine-vorzeige-lesbe-sein-will\/\" target=\"_blank\" rel=\"noopener\">Bettina B\u00f6ttinger<\/a> \u00fcber den Verstorbenen gef\u00fchrt.<\/p>\n","protected":false},"excerpt":{"rendered":"<p>Anl\u00e4sslich des Todes von Alfred #Biolek, Erfinder und Moderator der #WDR-Sendungen \u00abBio\u2019s Bahnhof\u00bb, \u00abBoulevard Bio\u00bb und \u00abalfredissimo!\u00bb, \u00e4ndert das WDR Fernsehen an diesem Samstag das Programm. <a class=\"g1-link g1-link-more\" href=\"https:\/\/alte.mannschaft.lgbt\/bimber\/mit-bios-bahnhof-alfredissimo-nimmt-wdr-abschied-von-alfred-biolek\/\">Weiterlesen<\/a><\/p>\n","protected":false},"author":1,"featured_media":115562,"comment_status":"closed","ping_status":"closed","sticky":false,"template":"","format":"standard","meta":[],"categories":[2534],"tags":[5472],"wps_subtitle":"Der Entertainer war am Freitag im Alter von 87 Jahren gestorben","_links":{"self":[{"href":"https:\/\/alte.mannschaft.lgbt\/bimber\/wp-json\/wp\/v2\/posts\/115559"}],"collection":[{"href":"https:\/\/alte.mannschaft.lgbt\/bimber\/wp-json\/wp\/v2\/posts"}],"about":[{"href":"https:\/\/alte.mannschaft.lgbt\/bimber\/wp-json\/wp\/v2\/types\/post"}],"author":[{"embeddable":true,"href":"https:\/\/alte.mannschaft.lgbt\/bimber\/wp-json\/wp\/v2\/users\/1"}],"replies":[{"embeddable":true,"href":"https:\/\/alte.mannschaft.lgbt\/bimber\/wp-json\/wp\/v2\/comments?post=115559"}],"version-history":[{"count":4,"href":"https:\/\/alte.mannschaft.lgbt\/bimber\/wp-json\/wp\/v2\/posts\/115559\/revisions"}],"predecessor-version":[{"id":115566,"href":"https:\/\/alte.mannschaft.lgbt\/bimber\/wp-json\/wp\/v2\/posts\/115559\/revisions\/115566"}],"wp:featuredmedia":[{"embeddable":true,"href":"https:\/\/alte.mannschaft.lgbt\/bimber\/wp-json\/wp\/v2\/media\/115562"}],"wp:attachment":[{"href":"https:\/\/alte.mannschaft.lgbt\/bimber\/wp-json\/wp\/v2\/media?parent=115559"}],"wp:term":[{"taxonomy":"category","embeddable":true,"href":"https:\/\/alte.mannschaft.lgbt\/bimber\/wp-json\/wp\/v2\/categories?post=115559"},{"taxonomy":"post_tag","embeddable":true,"href":"https:\/\/alte.mannschaft.lgbt\/bimber\/wp-json\/wp\/v2\/tags?post=115559"}],"curies":[{"name":"wp","href":"https:\/\/api.w.org\/{rel}","templated":true}]}}