{"id":114662,"date":"2021-07-06T12:31:26","date_gmt":"2021-07-06T10:31:26","guid":{"rendered":"https:\/\/mannschaft.com\/?p=114662"},"modified":"2021-07-07T17:31:43","modified_gmt":"2021-07-07T15:31:43","slug":"kritik-an-hartem-polizeieinsatz-gegen-demo-gegen-homohass-in-madrid","status":"publish","type":"post","link":"https:\/\/alte.mannschaft.lgbt\/bimber\/kritik-an-hartem-polizeieinsatz-gegen-demo-gegen-homohass-in-madrid\/","title":{"rendered":"Kritik an hartem Polizeieinsatz bei Demo gegen Homohass in Madrid"},"content":{"rendered":"<h3>Die spanische Polizei ist wegen des Einsatzes von Schlagst\u00f6cken gegen Teilnehmer*innen einer Demonstration gegen Homohass in Madrid in die Kritik geraten.<\/h3>\n<p>Auf Videobildern ist zu sehen, wie Einsatzkr\u00e4fte am Montagabend ohne ersichtlichen Anlass auf Demonstrierende in der spanischen Hauptstadt einpr\u00fcgelten. Im staatlichen TV-Sender <a href=\"https:\/\/www.rtve.es\/noticias\/20210706\/delegacion-del-gobierno-madrid-investigara-carga-policial-durante-protestas-asesinato-samuel\/2121843.shtml\" target=\"_blank\" rel=\"noopener\"><em>RTVE<\/em><\/a> wurde am Dienstag kritisiert, Teile der Polizei seien auf dem rechten Auge blind. Gegen linke Demonstrant*innen werde schnell der Kn\u00fcppel geschwungen. In der Tat k\u00f6nnen rechte Gruppen in der \u00d6ffentlichkeit den Hitlergruss zeigen, verbotene Lieder singen und Fahnen verfassungsfeindlicher Gruppen mitf\u00fchren, ohne dass die Polizei einschreitet.<\/p>\n<blockquote class=\"twitter-tweet\">\n<p dir=\"ltr\" lang=\"es\">Las im\u00e1genes de desproporci\u00f3n policial en la concentraci\u00f3n de <a href=\"https:\/\/twitter.com\/hashtag\/JusticiaParaSamuel?src=hash&amp;ref_src=twsrc%5Etfw\">#JusticiaParaSamuel<\/a> no pueden quedar impunes. Exigen una investigaci\u00f3n para depurar responsabilidades.<a href=\"https:\/\/t.co\/FrsUaTdQ0O\">pic.twitter.com\/FrsUaTdQ0O<\/a><\/p>\n<p>\u2014 Jaume Asens (@Jaumeasens) <a href=\"https:\/\/twitter.com\/Jaumeasens\/status\/1412307625094619136?ref_src=twsrc%5Etfw\">July 6, 2021<\/a><\/p><\/blockquote>\n<p><script async src=\"https:\/\/platform.twitter.com\/widgets.js\" charset=\"utf-8\"><\/script><\/p>\n<p>Die Chefin der linken Partei M\u00e1s Madrid, M\u00f3nica Garc\u00eda, prangerte auf Twitter die unverh\u00e4ltnism\u00e4ssige H\u00e4rte des Polizeieinsatzes an. Die Abgeordnete der Partei, die im Regionalparlament genauso viele Sitze wie die in Spanien regierenden Sozialisten hat, forderte eine Erkl\u00e4rung der Polizeif\u00fchrung und der konservativen Regionalregierung.<\/p>\n<blockquote class=\"twitter-tweet\">\n<p dir=\"ltr\" lang=\"es\">Hemos pedido una reuni\u00f3n a la Delegada del Gobierno de Madrid, <a href=\"https:\/\/twitter.com\/MercedesDS21?ref_src=twsrc%5Etfw\">@MercedesDS21<\/a>, tras la intervenci\u00f3n policial en la manifestaci\u00f3n por el asesinato de Samuel. <a href=\"https:\/\/t.co\/VZj9M2ClIB\">pic.twitter.com\/VZj9M2ClIB<\/a><\/p>\n<p>\u2014 M\u00f3nica Garc\u00eda (@Monica_Garcia_G) <a href=\"https:\/\/twitter.com\/Monica_Garcia_G\/status\/1412352142992678912?ref_src=twsrc%5Etfw\">July 6, 2021<\/a><\/p><\/blockquote>\n<p><script async src=\"https:\/\/platform.twitter.com\/widgets.js\" charset=\"utf-8\"><\/script><\/p>\n<p>Die Polizei begr\u00fcndete ihr Vorgehen damit, sie seien von einigen Teilnehmer*innen der Demo mit Gegenst\u00e4nden beworfen worden und es habe einige Zerst\u00f6rungen im \u00f6ffentlichen Raum gegeben. Zu sehen war das auf Videobildern nicht. Die Regionalregierung k\u00fcndigte eine Untersuchung an.<\/p>\n<p>In zahlreichen spanischen St\u00e4dten hatten am Montag Tausende Menschen gegen den Tod eines jungen Mannes in der Stadt A Coru\u00f1a im Nordwesten Spaniens demonstriert, auch in Valencia:<\/p>\n<figure id=\"attachment_114669\" aria-describedby=\"caption-attachment-114669\" style=\"width: 3000px\" class=\"wp-caption alignnone\"><a href=\"https:\/\/mannschaft.com\/bimber\/wp-content\/uploads\/2021\/07\/Demo-Valencia-70069347.jpg\"><img data-expand=\"600\" decoding=\"async\" loading=\"lazy\" class=\"lazyload size-full wp-image-114669\" src=\"data:image\/svg+xml;charset=utf-8,%3Csvg xmlns%3D'http%3A%2F%2Fwww.w3.org%2F2000%2Fsvg' viewBox%3D'0 0 3000 2001'%2F%3E\" data-src=\"https:\/\/mannschaft.com\/bimber\/wp-content\/uploads\/2021\/07\/Demo-Valencia-70069347.jpg\" alt=\"\" width=\"3000\" height=\"2001\" \/><\/a><figcaption id=\"caption-attachment-114669\" class=\"wp-caption-text\">Foto: Jorge Gil\/EUROPA PRESS\/dpa<\/figcaption><\/figure>\n<p>Der 24-j\u00e4hrige Samuel Luiz war am fr\u00fchen Samstagmorgen von mehreren Personen nach einem Discobesuch angegriffen und nach Zeugenangaben unter homophoben Beleidigungen so schwer verletzt worden, dass er kurz darauf in einem Krankenhaus starb <a href=\"https:\/\/mannschaft.com\/la-coruna-wir-toeten-dich-weil-du-schwul-bist-trauer-und-wut-nach-samuels-tod\/\" target=\"_blank\" rel=\"noopener\">(MANNSCHAFT berichtete)<\/a>.<\/p>\n","protected":false},"excerpt":{"rendered":"<p>Die spanische Polizei ist wegen des Einsatzes von Schlagst\u00f6cken gegen Teilnehmer*innen einer #Demonstration gegen #homophobe #Hassgewalt in die Kritik geraten. #JusticiaParaSamuel <a class=\"g1-link g1-link-more\" href=\"https:\/\/alte.mannschaft.lgbt\/bimber\/kritik-an-hartem-polizeieinsatz-gegen-demo-gegen-homohass-in-madrid\/\">Weiterlesen<\/a><\/p>\n","protected":false},"author":1950,"featured_media":114663,"comment_status":"closed","ping_status":"closed","sticky":false,"template":"","format":"standard","meta":[],"categories":[2,4701],"tags":[5466,5461,193],"wps_subtitle":"Vorwurf: Die Polizei ist auf dem rechten Auge blind","_links":{"self":[{"href":"https:\/\/alte.mannschaft.lgbt\/bimber\/wp-json\/wp\/v2\/posts\/114662"}],"collection":[{"href":"https:\/\/alte.mannschaft.lgbt\/bimber\/wp-json\/wp\/v2\/posts"}],"about":[{"href":"https:\/\/alte.mannschaft.lgbt\/bimber\/wp-json\/wp\/v2\/types\/post"}],"author":[{"embeddable":true,"href":"https:\/\/alte.mannschaft.lgbt\/bimber\/wp-json\/wp\/v2\/users\/1950"}],"replies":[{"embeddable":true,"href":"https:\/\/alte.mannschaft.lgbt\/bimber\/wp-json\/wp\/v2\/comments?post=114662"}],"version-history":[{"count":0,"href":"https:\/\/alte.mannschaft.lgbt\/bimber\/wp-json\/wp\/v2\/posts\/114662\/revisions"}],"wp:featuredmedia":[{"embeddable":true,"href":"https:\/\/alte.mannschaft.lgbt\/bimber\/wp-json\/wp\/v2\/media\/114663"}],"wp:attachment":[{"href":"https:\/\/alte.mannschaft.lgbt\/bimber\/wp-json\/wp\/v2\/media?parent=114662"}],"wp:term":[{"taxonomy":"category","embeddable":true,"href":"https:\/\/alte.mannschaft.lgbt\/bimber\/wp-json\/wp\/v2\/categories?post=114662"},{"taxonomy":"post_tag","embeddable":true,"href":"https:\/\/alte.mannschaft.lgbt\/bimber\/wp-json\/wp\/v2\/tags?post=114662"}],"curies":[{"name":"wp","href":"https:\/\/api.w.org\/{rel}","templated":true}]}}