{"id":113920,"date":"2021-06-25T11:59:48","date_gmt":"2021-06-25T09:59:48","guid":{"rendered":"https:\/\/mannschaft.com\/?p=113920"},"modified":"2021-06-25T12:11:22","modified_gmt":"2021-06-25T10:11:22","slug":"graz-startet-kampagne-gegen-homophobie-und-rassismus-im-fussball","status":"publish","type":"post","link":"https:\/\/alte.mannschaft.lgbt\/bimber\/graz-startet-kampagne-gegen-homophobie-und-rassismus-im-fussball\/","title":{"rendered":"Graz startet Kampagne gegen Homophobie und Rassismus im Fussball"},"content":{"rendered":"<h3>Nachdem die UEFA der Stadt M\u00fcnchen die Beleuchtung der Allianz-Arena in Regenbogenfarben verboten hat <a href=\"https:\/\/mannschaft.com\/viel-kritik-an-uefa-entscheid-gegen-regenbogenfarben-entscheid\/\" target=\"_blank\" rel=\"noopener\">(MANNSCHAFT berichtete)<\/a>, ist das Thema wieder in den Schlagzeilen: Wie inklusiv ist der Fussball? Ist der Sport f\u00fcr alle da, oder \u00fcberwiegen Ausgrenzungsmechanismen, allem voran gegen\u00fcber lesbischen Spielerinnen und schwulen Spielern?<\/h3>\n<p>Aus diesem Grund hat der \u00d6FB 2019 die <a href=\"https:\/\/mannschaft.com\/mit-ombudsstelle-gegen-schwule-paesse\/\" target=\"_blank\" rel=\"noopener\">Ombudsstelle \u00abFussball f\u00fcr Alle\u00bb (MANNSCHAFT berichtete)<\/a> eingerichtet . Ombudsmann wurde Oliver Egger, Fussballspieler beim FC Gratkorn, der im Doku-Film \u00abDer Tag wird kommen\u201c \u00fcber sein Coming-out in seinem Fussballverein erz\u00e4hlt. Gemeinsam mit der Stadt Graz und den RosaLila PantherInnen hat er die Plakatkampagne \u00abIch muss draussen bleiben bei Symptomen von Homophobie, Rassismus oder Sexismus\u00bb lanciert.<\/p>\n<p><strong>Nicht nur lesbischen und schwulen Spieler*innen helfen <\/strong><br \/>\n\u00abAls Ombudsmann will ich nicht nur lesbischen und schwulen Spielerinnen und Spieler helfen und Vernetzung erm\u00f6glichen, sondern vor allem dazu beitragen, dass der Fussball von Anfang keine Menschen ausschliesst und Diskriminierungsfreiheit ein Grundwert einer Mannschaft darstellt.\u00bb Die Plakate werden im Zuge des Grazer Sportjahres 2021 in allen Sportvereinen, vor allem aber auf Fussballpl\u00e4tzen Platz an den W\u00e4nden finden.<\/p>\n<p>Daher sieht Egger auch die Anti-LGBTIQ-Gesetzgebung in Ungarn so kritisch: \u00abWenn man Jugendliche nicht aufkl\u00e4ren und ansprechen darf, ist weder Sexualaufkl\u00e4rung m\u00f6glich, noch vermittelt man den Eindruck, jeder sei willkommen so wie er nunmal ist. Genau diese Werte sind in der Jugend auch so wichtig. Wir wissen aus Studien, dass die meisten \u2013 in diesem Fall schwule und m\u00e4nnliche Fussballer \u2013 gar keine Karriere beginnen wollen, weil sie sich nicht willkommen f\u00fchlen. Ausschluss bedeutet auch ein Verzicht auf Fussballtalente. Das ist doch Unsinn!\u00bb<\/p>\n<p>Das Grazer Sportjahr 2021 sei ein Sportjahr f\u00fcr alle, betont Sportstadtrat Kurt Hohensinner. \u00abSport entfaltet unglaublich viele positive Wirkungen, weit \u00fcber den reinen Gesundheitsaspekt hinaus. Sport ist sozial, integrativ und verbindet Menschen. Genau diese positiven Wirkungen wollen wir im Sportjahr betonen. Diese k\u00f6nnen sich aber nur entfalten, wenn man kritische Themenstellungen wie Homophobie, Sexismus oder Rassismus auch offen anspricht und thematisiert. Deshalb freue ich mich sehr, dass wir mit diesem Projekt ein wichtiges Zeichen setzen k\u00f6nnen.\u00bb<\/p>\n<blockquote><p>Ausgrenzung von Minderheiten darf nicht salonf\u00e4hig werden.<\/p><\/blockquote>\n<p>Die Plakat-Kampagne wurde auch seitens der RosaLila PantherInnen unterst\u00fctzt: \u00abAusgrenzung von Minderheiten darf nicht salonf\u00e4hig werden. Unser Nachbarland Ungarn, wo letzte Woche homophobe Gesetze beschlossen wurden, die es verbieten \u00f6ffentlich \u00fcber Homosexualit\u00e4t zu sprechen <a href=\"https:\/\/mannschaft.com\/gesetz-verabschiedet-ungarn-verbietet-informationen-ueber-lgbtiq\/\" target=\"_blank\" rel=\"noopener\">(MANNSCHAFT berichtete),<\/a> muss aus \u00d6sterreich und der Europ\u00e4ischen Union ein klares Signal erhalten, dass Menschenrechte einzuhalten sind\u00bb, so dem <a href=\"https:\/\/mannschaft.com\/karl-kreipel-die-regenbogenparade-und-der-regenbogenball-sind-meine-babys\/\" target=\"_blank\" rel=\"noopener\">\u00f6sterreichischen Vize-Queero 2020 Joe Niedermayer<\/a>, der sich \u00fcber die Unterst\u00fctzung aus der Grazer Politik und dem Sportjahr freut.<\/p>\n<p>Der RosaLila PantherInnen Vorsitzende betont: \u00abWir setzen mit unserer Kampagne bewusst auf der kleinsten Ebene des Sportes an, den vielen Vereinen. Bereits beim Eintreten ins Vereinsheim muss die wichtigste Spielregel klar sein: Jeder Sportlerin und jeder Sportler gleich!\u00bb<\/p>\n","protected":false},"excerpt":{"rendered":"<p>#Graz startet Kampagne gegen #Homophobie, #Sexismus &#038; #Rassismus im #Fussball. Es soll niemand ausgeschlossen werden,  Diskriminierungsfreiheit sei ein Grundwert einer Mannschaft. #PrideMonth #UEFA <a class=\"g1-link g1-link-more\" href=\"https:\/\/alte.mannschaft.lgbt\/bimber\/graz-startet-kampagne-gegen-homophobie-und-rassismus-im-fussball\/\">Weiterlesen<\/a><\/p>\n","protected":false},"author":1,"featured_media":113921,"comment_status":"closed","ping_status":"closed","sticky":false,"template":"","format":"standard","meta":[],"categories":[2527],"tags":[5543,3196],"wps_subtitle":"2021 soll ein Sportjahr f\u00fcr alle sein","_links":{"self":[{"href":"https:\/\/alte.mannschaft.lgbt\/bimber\/wp-json\/wp\/v2\/posts\/113920"}],"collection":[{"href":"https:\/\/alte.mannschaft.lgbt\/bimber\/wp-json\/wp\/v2\/posts"}],"about":[{"href":"https:\/\/alte.mannschaft.lgbt\/bimber\/wp-json\/wp\/v2\/types\/post"}],"author":[{"embeddable":true,"href":"https:\/\/alte.mannschaft.lgbt\/bimber\/wp-json\/wp\/v2\/users\/1"}],"replies":[{"embeddable":true,"href":"https:\/\/alte.mannschaft.lgbt\/bimber\/wp-json\/wp\/v2\/comments?post=113920"}],"version-history":[{"count":0,"href":"https:\/\/alte.mannschaft.lgbt\/bimber\/wp-json\/wp\/v2\/posts\/113920\/revisions"}],"wp:featuredmedia":[{"embeddable":true,"href":"https:\/\/alte.mannschaft.lgbt\/bimber\/wp-json\/wp\/v2\/media\/113921"}],"wp:attachment":[{"href":"https:\/\/alte.mannschaft.lgbt\/bimber\/wp-json\/wp\/v2\/media?parent=113920"}],"wp:term":[{"taxonomy":"category","embeddable":true,"href":"https:\/\/alte.mannschaft.lgbt\/bimber\/wp-json\/wp\/v2\/categories?post=113920"},{"taxonomy":"post_tag","embeddable":true,"href":"https:\/\/alte.mannschaft.lgbt\/bimber\/wp-json\/wp\/v2\/tags?post=113920"}],"curies":[{"name":"wp","href":"https:\/\/api.w.org\/{rel}","templated":true}]}}