{"id":113895,"date":"2021-06-25T10:51:55","date_gmt":"2021-06-25T08:51:55","guid":{"rendered":"https:\/\/mannschaft.com\/?p=113895"},"modified":"2021-06-25T11:22:51","modified_gmt":"2021-06-25T09:22:51","slug":"polizei-mann-plante-angriff-auf-pride-parade-in-tel-aviv","status":"publish","type":"post","link":"https:\/\/alte.mannschaft.lgbt\/bimber\/polizei-mann-plante-angriff-auf-pride-parade-in-tel-aviv\/","title":{"rendered":"Polizei: Mann plante Angriff auf Pride Parade in Tel Aviv"},"content":{"rendered":"<h3>Die israelische Polizei hat nach eigenen Angaben einen Mann festgenommen, der einen Angriff auf die Gay-Pride-Parade in Tel Aviv geplant hatte.<\/h3>\n<p>Er sei am Freitag in Tel Aviv auf dem Weg zu der Veranstaltung gewesen und habe mehrere Waffen f\u00fcr Attacken dabei gehabt, hiess es in einer Mitteilung. Darunter seien ein Elektroschockger\u00e4t und ein W\u00fcrgeholz, ein sogenanntes Nunchaku, gewesen.<\/p>\n<blockquote class=\"twitter-tweet\">\n<p dir=\"ltr\" lang=\"en\">Attempted terrorist attack on Tel Aviv <a href=\"https:\/\/twitter.com\/hashtag\/pride?src=hash&amp;ref_src=twsrc%5Etfw\">#pride<\/a> Parade: a man was found heading to the parade while carrying nunchucks and steel chains, among other weapons.<a href=\"https:\/\/twitter.com\/hashtag\/telaviv?src=hash&amp;ref_src=twsrc%5Etfw\">#telaviv<\/a> <a href=\"https:\/\/t.co\/rqx7sDIyzt\">https:\/\/t.co\/rqx7sDIyzt<\/a><\/p>\n<p>\u2014 The Jerusalem Post (@Jerusalem_Post) <a href=\"https:\/\/twitter.com\/Jerusalem_Post\/status\/1408344361163755520?ref_src=twsrc%5Etfw\">June 25, 2021<\/a><\/p><\/blockquote>\n<p><script async src=\"https:\/\/platform.twitter.com\/widgets.js\" charset=\"utf-8\"><\/script><\/p>\n<p>Tel Aviv erwartet zu der Parade (Beginn 11.00 Uhr MESZ) rund 200 000 Menschen. Die Polizei teilte mit, der Mann stamme aus Tel Aviv und sei in seinen 30er Jahren.<\/p>\n<p>Mit dem Marsch fordern die Teilnehmer gleiche Rechte f\u00fcr Schwule, Lesben, Bi- und Transsexuelle (LGBT). 2015 hatte ein strengreligi\u00f6ser Jude bei der Gay-Pride-Parade in Jerusalem eine 16-J\u00e4hrige erstochen. Ein Gericht verurteilte den M\u00f6rder sp\u00e4ter zu lebenslanger Haft plus 31 Jahre.<\/p>\n<p>Letzten Sommer ermittelte die Polizei in Tel Aviv nach einem Angriff in einem \u00f6ffentlichen Schwimmbad der Stadt, wo ein schwules Paar homofeindlich bedroht und angegriffen wurde <a href=\"https:\/\/mannschaft.com\/todesdrohung-gegen-schwules-paar-in-tel-aviv\/\" target=\"_blank\" rel=\"noopener\">(MANNSCHAFT berichtete)<\/a>.<\/p>\n<p>Der Angriff folgte auf einen \u00e4hnlichen homophoben Angriff in der Stadt, bei dem eine Gruppe arabischer Teenager ein schwules Paar angegriffen hatte, das sich im Hafen von Jaffa k\u00fcsste <a href=\"https:\/\/mannschaft.com\/2020\/08\/06\/mann-schuetzt-schwules-paar-vor-angreifern-hunderte-schauen-zu\/\" target=\"_blank\" rel=\"noopener noreferrer\">(MANNSCHAFT berichtete).<\/a><\/p>\n<p>Vor Corona wurde jedes Jahr eine grosse Pride in Tel Aviv gefeiert\u00a0<a href=\"https:\/\/mannschaft.com\/2019\/06\/15\/tel-aviv-feiert-pride-und-zeigt-trump-den-mittelfinger\/\" target=\"_blank\" rel=\"noopener noreferrer\">(MANNSCHAFT berichtete) <\/a>\u2013 die gr\u00f6sste im Nahen Osten. Letztes Jahr wurde sie verschoben. Nun findet sie an diesem Freitag wieder statt.<\/p>\n","protected":false},"excerpt":{"rendered":"<p>Die israelische Polizei hat nach eigenen Angaben einen Mann festgenommen, der einen Angriff auf die #Pride-Parade in #TelAviv geplant hatte. <a class=\"g1-link g1-link-more\" href=\"https:\/\/alte.mannschaft.lgbt\/bimber\/polizei-mann-plante-angriff-auf-pride-parade-in-tel-aviv\/\">Weiterlesen<\/a><\/p>\n","protected":false},"author":1950,"featured_media":57440,"comment_status":"closed","ping_status":"closed","sticky":false,"template":"","format":"standard","meta":[],"categories":[2],"tags":[124,5521,5503],"wps_subtitle":"Erwartet werden 200.000 Menschen","_links":{"self":[{"href":"https:\/\/alte.mannschaft.lgbt\/bimber\/wp-json\/wp\/v2\/posts\/113895"}],"collection":[{"href":"https:\/\/alte.mannschaft.lgbt\/bimber\/wp-json\/wp\/v2\/posts"}],"about":[{"href":"https:\/\/alte.mannschaft.lgbt\/bimber\/wp-json\/wp\/v2\/types\/post"}],"author":[{"embeddable":true,"href":"https:\/\/alte.mannschaft.lgbt\/bimber\/wp-json\/wp\/v2\/users\/1950"}],"replies":[{"embeddable":true,"href":"https:\/\/alte.mannschaft.lgbt\/bimber\/wp-json\/wp\/v2\/comments?post=113895"}],"version-history":[{"count":0,"href":"https:\/\/alte.mannschaft.lgbt\/bimber\/wp-json\/wp\/v2\/posts\/113895\/revisions"}],"wp:featuredmedia":[{"embeddable":true,"href":"https:\/\/alte.mannschaft.lgbt\/bimber\/wp-json\/wp\/v2\/media\/57440"}],"wp:attachment":[{"href":"https:\/\/alte.mannschaft.lgbt\/bimber\/wp-json\/wp\/v2\/media?parent=113895"}],"wp:term":[{"taxonomy":"category","embeddable":true,"href":"https:\/\/alte.mannschaft.lgbt\/bimber\/wp-json\/wp\/v2\/categories?post=113895"},{"taxonomy":"post_tag","embeddable":true,"href":"https:\/\/alte.mannschaft.lgbt\/bimber\/wp-json\/wp\/v2\/tags?post=113895"}],"curies":[{"name":"wp","href":"https:\/\/api.w.org\/{rel}","templated":true}]}}