{"id":112533,"date":"2021-06-10T09:54:59","date_gmt":"2021-06-10T07:54:59","guid":{"rendered":"https:\/\/mannschaft.com\/?p=112533"},"modified":"2021-06-10T12:33:13","modified_gmt":"2021-06-10T10:33:13","slug":"mann-homophob-und-rassistisch-beleidigt-und-verletzt","status":"publish","type":"post","link":"https:\/\/alte.mannschaft.lgbt\/bimber\/mann-homophob-und-rassistisch-beleidigt-und-verletzt\/","title":{"rendered":"Mann homophob und rassistisch beleidigt und verletzt"},"content":{"rendered":"<h3>Vier bislang unbekannte M\u00e4nner beleidigten einen Mann in Sch\u00f6neberg rassistisch und homophob. Dann schlugen sie ihn.<\/h3>\n<p>Der 35-j\u00e4hrige s\u00fcdkoreanische Berlinbesucher erschien auf der Wache eines Polizeiabschnittes und zeigte an, dass er gegen 21.15 Uhr auf einer Wartebank auf dem U-Bahnhof Rathaus Sch\u00f6neberg sass, als vier M\u00e4nner zu ihm gekommen sein und ihn gefragt haben sollen, ob er Chinese sei. Er fragte daraufhin zur\u00fcck, woher sie selbst k\u00e4men, woraufhin zwei der M\u00e4nner ge\u00e4ussert haben sollen, dass sie T\u00fcrken seien.<\/p>\n<p>Im weiteren Verlauf sollen ihn die Vier zun\u00e4chst fremdenfeindlich, sp\u00e4ter auch homophob beleidigt haben. Ein Mann des Quartetts soll sich ihm dann gen\u00e4hert und ihm ins Gesicht geschlagen haben, woraufhin auch die drei \u00fcbrigen zugeschlagen und zugetreten haben sollen. Als sie von ihm abliessen, fl\u00fcchteten die Tatverd\u00e4chtigen in unbekannte Richtung. Durch den Angriff wurde der 35-J\u00e4hrige leicht im Gesicht und an einem Bein verletzt. Zudem soll auch seine Brille besch\u00e4digt worden sein.<\/p>\n<p><strong>Videoaufzeichnungen gesichert<\/strong><br \/>\nDie Polizist*innen der Dienststelle veranlassten die Sicherung der Videoaufzeichnungen des Bahnhofes und boten dem Angegriffenen die Alarmierung von Rettungskr\u00e4ften zur medizinischen Behandlung an. Die Ermittlungen wegen des Verdachts der gef\u00e4hrlichen K\u00f6rperverletzung sowie der fremdenfeindlichen und homophoben Beleidigung f\u00fchrt der Polizeiliche Staatsschutz beim Landeskriminalamt.<\/p>\n<p>Im Jahr 2020 konnte das schwule Anti-Gewalt-Projekt MANEO 510 F\u00e4lle LGBTIQ-feindlicher Gewalt in Berlin erfassen, 49 F\u00e4lle weniger als im Vorjahr. Die meisten Taten richtete sich gegen schwule und bisexuelle M\u00e4nner. Die Fallzahlen liegen damit weiter auf einem hohen Niveau <a href=\"https:\/\/mannschaft.com\/uebergriffe-gegen-lgbtiq-zahlen-in-berlin-weiter-auf-hohem-niveau\/\" target=\"_blank\" rel=\"noopener\">(MANNSCHAFT berichtete)<\/a>.<\/p>\n<p>Berlins Regierungschef Michael M\u00fcller (SPD) sprach am Mittwoch zur Er\u00f6ffnung der Sommer-Berlinale angesichts der Pandemie von entbehrungsreichen Monaten. Es sei aber wichtig, auch andere Themen nicht zu vergessen. Dass Menschen zum Beispiel auf der Flucht seien, keine gute medizinische Versorgung h\u00e4tten oder um ihre Freiheit k\u00e4mpften. Auch in Berlin habe es wieder \u00dcbergriffe auf J\u00fcdinnen und Juden, auf Lesben und Schwule, auf andere Kulturen, auf andere Lebensweisen gegeben.<\/p>\n<blockquote><p>Wichtig, dass wir uns dem weiter gemeinsam entgegenstellen<\/p><\/blockquote>\n<p>\u00abIch glaube, es bleibt wichtig, dass wir das nicht aus dem Blick verlieren, dass wir uns weiter gemeinsam dem auch entgegenstellen\u00bb, sagte M\u00fcller, der viel Applaus erhielt. Das sei auch immer eine St\u00e4rke der Berlinale gewesen &#8211; diese Themen aufgreifen, diese Themen in den Mittelpunkt des Festivals zu stellen. Die n\u00e4chste Berlinale soll im Jahr 2022 wieder im Februar stattfinden.<\/p>\n","protected":false},"excerpt":{"rendered":"<p>Vier M\u00e4nner beleidigten einen Mann in #Berlin Sch\u00f6neberg #rassistisch und #homophob. Dann schlugen sie ihn. Er wurde leicht im Gesicht und am Bein verletzt. #BVG #Hassgewalt <a class=\"g1-link g1-link-more\" href=\"https:\/\/alte.mannschaft.lgbt\/bimber\/mann-homophob-und-rassistisch-beleidigt-und-verletzt\/\">Weiterlesen<\/a><\/p>\n","protected":false},"author":1,"featured_media":72124,"comment_status":"closed","ping_status":"closed","sticky":false,"template":"","format":"standard","meta":[],"categories":[10],"tags":[128,5544,5461],"wps_subtitle":"Vier M\u00e4nner griffen den 35-J\u00e4hrigen an","_links":{"self":[{"href":"https:\/\/alte.mannschaft.lgbt\/bimber\/wp-json\/wp\/v2\/posts\/112533"}],"collection":[{"href":"https:\/\/alte.mannschaft.lgbt\/bimber\/wp-json\/wp\/v2\/posts"}],"about":[{"href":"https:\/\/alte.mannschaft.lgbt\/bimber\/wp-json\/wp\/v2\/types\/post"}],"author":[{"embeddable":true,"href":"https:\/\/alte.mannschaft.lgbt\/bimber\/wp-json\/wp\/v2\/users\/1"}],"replies":[{"embeddable":true,"href":"https:\/\/alte.mannschaft.lgbt\/bimber\/wp-json\/wp\/v2\/comments?post=112533"}],"version-history":[{"count":0,"href":"https:\/\/alte.mannschaft.lgbt\/bimber\/wp-json\/wp\/v2\/posts\/112533\/revisions"}],"wp:featuredmedia":[{"embeddable":true,"href":"https:\/\/alte.mannschaft.lgbt\/bimber\/wp-json\/wp\/v2\/media\/72124"}],"wp:attachment":[{"href":"https:\/\/alte.mannschaft.lgbt\/bimber\/wp-json\/wp\/v2\/media?parent=112533"}],"wp:term":[{"taxonomy":"category","embeddable":true,"href":"https:\/\/alte.mannschaft.lgbt\/bimber\/wp-json\/wp\/v2\/categories?post=112533"},{"taxonomy":"post_tag","embeddable":true,"href":"https:\/\/alte.mannschaft.lgbt\/bimber\/wp-json\/wp\/v2\/tags?post=112533"}],"curies":[{"name":"wp","href":"https:\/\/api.w.org\/{rel}","templated":true}]}}