{"id":112068,"date":"2021-06-06T08:54:55","date_gmt":"2021-06-06T06:54:55","guid":{"rendered":"https:\/\/mannschaft.com\/?p=112068"},"modified":"2021-06-08T15:47:21","modified_gmt":"2021-06-08T13:47:21","slug":"juergen-prochnow-stolz-auf-schwule-rolle-in-die-konsequenz","status":"publish","type":"post","link":"https:\/\/alte.mannschaft.lgbt\/bimber\/juergen-prochnow-stolz-auf-schwule-rolle-in-die-konsequenz\/","title":{"rendered":"J\u00fcrgen Prochnow: Stolz auf schwule Rolle in \u00abDie Konsequenz\u00bb"},"content":{"rendered":"<h3>Viele kennen ihn aus \u00abDas Boot\u00bb. Der Schauspieler J\u00fcrgen Prochnow ist besonders stolz auf einen Film, der in der Gesellschaft etwas bewegt hat: In \u00abDie Konsequenz\u00bb (1977) spielte er einen schwulen Mann.<\/h3>\n<p>Damals war das noch f\u00fcr viele skandal\u00f6s. Der Bayerische Rundfunk boy\u00adkot\u00adtier\u00adte die Erst\u00adaus\u00adstrah\u00adlung von \u00abDie Konsequenz\u00bb am 8. November 1977 in der ARD und zeigte ein harm\u00adlo\u00adses Er\u00adsatz\u00adpro\u00adgramm. Stolz ist der Schauspieler auf diesen Film, der in der Gesellschaft etwas bewegt hat: \u00abDieser Film hatte einen ungeheuren Widerhall\u00bb, so Prochnow im Interview der Deutschen Presse-Agentur.<\/p>\n<p>1975 erschien der Roman von Alex\u00adan\u00adder Ziegler: \u00abDie Kon\u00adse\u00adquenz\u00bb \u00fcber das Schei\u00adtern einer schwulen Liebe am Wi\u00adder\u00adstand einer ver\u00adst\u00e4nd\u00adnis\u00adlo\u00adsen Umwelt. Der junge deutsche Film\u00adpro\u00addu\u00adzent Bernd Eichin\u00adger und der sp\u00e4tere Hol\u00adly\u00adwood\u00adre\u00adgis\u00adseur Wolfgang Petersen er\u00adkann\u00adten das fil\u00admi\u00adsche Po\u00adten\u00adti\u00adal: Die Haupt\u00adrol\u00adle besetzte er mit J\u00fcrgen Prochnow, der als einer der ersten Star\u00adschau\u00adspie\u00adler \u00fcber\u00adhaupt im deutsch\u00adspra\u00adchi\u00adgen Raum eine ernste Schwu\u00adlen\u00adrol\u00adle \u00fcbernahm, wie auf <a href=\"https:\/\/schwulengeschichte.ch\/biografien\/alexander-ziegler-autor\/die-folgen\/\" target=\"_blank\" rel=\"noopener\">schwulengeschichte.ch<\/a> nachzulesen ist.<\/p>\n<p>Der geb\u00fcrtige Berliner lernte nach der Schule \u00aberstmal was Ordentliches\u00bb, wie man damals sagte: Bankkaufmann. Nach dem Schauspielstudium an der Folkwangschule in Essen zog es ihn ans Theater. Mitentscheidend f\u00fcr seine Film- und Fernsehkarriere waren in den 70er Jahren der \u00abTatort\u00bb und Wolfgang Petersen.<\/p>\n<p><strong>Antikriegsfilm oder fragw\u00fcrdiges Heldenepos?<\/strong><br \/>\nDer Regisseur engagierte ihn schliesslich f\u00fcr den Film \u00abDas Boot\u00bb, der 1981 anlief und es sogar ins Oscar-Rennen schaffte. Prochnow gibt darin f\u00fcr seine Jungs an Bord einen v\u00e4terlichen Kapit\u00e4n, den \u00abAlten\u00bb. Sowohl die Kino- als auch die sp\u00e4tere Fernsehfassung w\u00fchlten viele Menschen auf. Die Lesarten waren unterschiedlich: Viele sahen die Adaption des Buchs von Lothar-G\u00fcnther Buchheim als bewegenden Antikriegsfilm. \u00abZeit\u00bb-Kritiker Fritz J. Raddatz sprach hingegen von einem \u00abpolitisch fragw\u00fcrdigen Heldenepos\u00bb.<\/p>\n<p>Filmgeschichte ist \u00abDas Boot\u00bb ohne Zweifel. Prochnow hadert nicht damit, dass er immer wieder darauf angesprochen wird, wie er deutlich macht. \u00abIch bin nat\u00fcrlich auf die Arbeit und den Erfolg des Films wahnsinnig stolz\u00bb, sagte er der Deutschen Presse-Agentur. Er hat viel Anerkennung f\u00fcr seine anderen Werke bekommen. Das macht das Dauer-Etikett wett.<\/p>\n<figure id=\"attachment_112176\" aria-describedby=\"caption-attachment-112176\" style=\"width: 2201px\" class=\"wp-caption alignnone\"><a href=\"https:\/\/mannschaft.com\/bimber\/wp-content\/uploads\/2021\/06\/Ju\u0308rgen-Prochnow-69674642.jpg\"><img data-expand=\"600\" decoding=\"async\" loading=\"lazy\" class=\"lazyload wp-image-112176 size-full\" src=\"data:image\/svg+xml;charset=utf-8,%3Csvg xmlns%3D'http%3A%2F%2Fwww.w3.org%2F2000%2Fsvg' viewBox%3D'0 0 2201 3164'%2F%3E\" data-src=\"https:\/\/mannschaft.com\/bimber\/wp-content\/uploads\/2021\/06\/Ju\u0308rgen-Prochnow-69674642.jpg\" alt=\"J\u00fcrgen Prochnow\" width=\"2201\" height=\"3164\" \/><\/a><figcaption id=\"caption-attachment-112176\" class=\"wp-caption-text\">J\u00fcrgen Prochnow im Jahr 2017 (Foto: Soeren Stache\/dpa)<\/figcaption><\/figure>\n<p>Jahrzehntelang arbeitete er als Deutscher in Hollywood: Prochnow erlebte, wie es ist, dort ein Star zu sein. Er flog Erste Klasse, drehte mit Regisseuren wie David Lynch und Anthony Page, Schauspieler wie Harrison Ford und Eddie Murphy wurden seine Kollegen. Gerne wurde er mit seinem narbigen Gesicht als B\u00f6sewicht besetzt, aber auch f\u00fcr Kom\u00f6dien-Quatsch war er sich nicht zu schade.<\/p>\n<p>Untersch\u00e4tzt wurde seiner Meinung nach \u00abThe Dry White Season\u00bb von 1989, hierzulande recht unbekannt. Das war ein Anti-Apartheidsfilm, den er mit seinem \u00abgrossen Idol\u00bb Marlon Brando drehte, in London und Simbabwe, weil es in S\u00fcdafrika aus politischen Gr\u00fcnden damals nicht ging. F\u00fcr Prochnow ist es ein \u00abganz wichtiger und wertvoller Film\u00bb.<\/p>\n<p>Eine Hauptrolle h\u00e4tte er gerne gehabt, aber bekam sie nicht &#8211; in \u00abSchindlers Liste\u00bb von Steven Spielberg. \u00abLiam Neeson war hervorragend in der Rolle, muss man auch sagen, aber ich h\u00e4tte das auch sehr gern gespielt.\u00bb<\/p>\n<p>Der Schauspieler, der nach vielen Jahren in den USA in Berlin und am Gardasee lebt, wird am 10. Juni 80 Jahre alt. Er h\u00e4lt sich mit Schwimmen und Spazierg\u00e4ngen mit Hund Pippo fit. Die geplante grosse Feier zum 80. f\u00e4llt wegen der Pandemie aus. Daf\u00fcr plant seine Frau, die \u00f6sterreichische Schauspielerin Verena Wengler, eine \u00dcberraschung, wie Prochnow erz\u00e4hlt. \u00abWas es ist, weiss ich nicht.\u00bb <em>(mit dpa)<\/em><\/p>\n<p><strong><a href=\"https:\/\/mannschaft.com\/rosa-von-praunheim-in-zuerich-fuer-sein-lebenswerk-geehrt\/\" target=\"_blank\" rel=\"noopener\">Rosa von Praunheim<\/a>s Film \u00abNicht der Homosexuelle ist pervers, sondern die Situation, in der er lebt\u00bb feierte vor 50 Jahren bei der Berlinale seine Urauff\u00fchrung <a href=\"https:\/\/mannschaft.com\/50-jahre-neue-schwulenbewegung-wo-ist-sie-hingekommen\/\" target=\"_blank\" rel=\"noopener\">(MANNSCHAFT berichtete)<\/a>.<\/strong><\/p>\n","protected":false},"excerpt":{"rendered":"<p>Viele kennen ihn aus \u00abDas Boot\u00bb. Der Schauspieler #J\u00fcrgenProchnow ist besonders stolz auf einen Film, der in der Gesellschaft etwas bewegt hat: In \u00abDie Konsequenz\u00bb (1977) spielte er einen #schwulen Mann.  <a class=\"g1-link g1-link-more\" href=\"https:\/\/alte.mannschaft.lgbt\/bimber\/juergen-prochnow-stolz-auf-schwule-rolle-in-die-konsequenz\/\">Weiterlesen<\/a><\/p>\n","protected":false},"author":1,"featured_media":112070,"comment_status":"closed","ping_status":"closed","sticky":false,"template":"","format":"standard","meta":[],"categories":[2534],"tags":[],"wps_subtitle":"Der Schauspieler wird am Donnerstag 80","_links":{"self":[{"href":"https:\/\/alte.mannschaft.lgbt\/bimber\/wp-json\/wp\/v2\/posts\/112068"}],"collection":[{"href":"https:\/\/alte.mannschaft.lgbt\/bimber\/wp-json\/wp\/v2\/posts"}],"about":[{"href":"https:\/\/alte.mannschaft.lgbt\/bimber\/wp-json\/wp\/v2\/types\/post"}],"author":[{"embeddable":true,"href":"https:\/\/alte.mannschaft.lgbt\/bimber\/wp-json\/wp\/v2\/users\/1"}],"replies":[{"embeddable":true,"href":"https:\/\/alte.mannschaft.lgbt\/bimber\/wp-json\/wp\/v2\/comments?post=112068"}],"version-history":[{"count":0,"href":"https:\/\/alte.mannschaft.lgbt\/bimber\/wp-json\/wp\/v2\/posts\/112068\/revisions"}],"wp:featuredmedia":[{"embeddable":true,"href":"https:\/\/alte.mannschaft.lgbt\/bimber\/wp-json\/wp\/v2\/media\/112070"}],"wp:attachment":[{"href":"https:\/\/alte.mannschaft.lgbt\/bimber\/wp-json\/wp\/v2\/media?parent=112068"}],"wp:term":[{"taxonomy":"category","embeddable":true,"href":"https:\/\/alte.mannschaft.lgbt\/bimber\/wp-json\/wp\/v2\/categories?post=112068"},{"taxonomy":"post_tag","embeddable":true,"href":"https:\/\/alte.mannschaft.lgbt\/bimber\/wp-json\/wp\/v2\/tags?post=112068"}],"curies":[{"name":"wp","href":"https:\/\/api.w.org\/{rel}","templated":true}]}}