{"id":111911,"date":"2021-06-01T12:48:33","date_gmt":"2021-06-01T10:48:33","guid":{"rendered":"https:\/\/mannschaft.com\/?p=111911"},"modified":"2021-06-02T15:48:53","modified_gmt":"2021-06-02T13:48:53","slug":"neuer-termin-zurich-pride-steigt-im-september","status":"publish","type":"post","link":"https:\/\/alte.mannschaft.lgbt\/bimber\/neuer-termin-zurich-pride-steigt-im-september\/","title":{"rendered":"Neuer Termin: Zurich Pride Demonstration steigt im September!"},"content":{"rendered":"<div class=\"page\" title=\"Page 1\">\n<div class=\"section\">\n<div class=\"layoutArea\">\n<div class=\"column\">\n<h3>Drei Wochen vor der Abstimmung zur Ehe f\u00fcr alle am 26. September steigt in diesem Jahr die Zurich Pride: am 4. September.<\/h3>\n<p>Ab diesem Dienstag darf in Z\u00fcrich wieder unbeschr\u00e4nkt demonstriert werden. Der Regierungsrat hebt die Corona-Sonderregeln auf. Da sich die epidemiologische Lage von Woche zu Woche verbessert, blickt der Vorstand der Zurich Pride optimistisch in die Zukunft. Er rechnet damit, dass bis im Sp\u00e4tsommer alle Impfwilligen in der Bev\u00f6lkerung vollst\u00e4ndig geimpft sind.<\/p>\n<p>Um m\u00f6glichst vielen Menschen ein sicheres Gef\u00fchl zu geben, an einer Demonstration teilzunehmen und aufgrund der verbesserten Planungssicherheit, hat der Vorstand beschlossen die Demonstration auf den 4. September 2021 zu verschieben. Die genaue Route wird zu einem sp\u00e4teren Zeitpunkt bekanntgegeben.<\/p>\n<p>Mit dem neuen Termin \u2013 drei Wochen vor der Abstimmung zur Ehe f\u00fcr alle am 26. September \u2013 ist der Vorstand \u00fcberzeugt, ein ideales Datum gefunden zu haben, um die Aufmerksamkeit der Bev\u00f6lkerung auf die <a href=\"https:\/\/mannschaft.com\/am-26-september-stimmt-die-schweiz-ueber-die-ehe-fuer-alle-ab\/\" target=\"_blank\" rel=\"noopener\">wichtige Abstimmung (MANNSCHAFT berichtete)<\/a> zu lenken.<\/p>\n<div class=\"page\" title=\"Page 1\">\n<div class=\"section\">\n<div class=\"layoutArea\">\n<div class=\"column\">\n<p>Im letzten Jahr musste die Zurich Pride aufgrund der Corona-Pandemie komplett abgesagt werden <a href=\"https:\/\/mannschaft.com\/2020-findet-keine-zurich-pride-statt\/\" target=\"_blank\" rel=\"noopener\">(MANNSCHAFT berichtete)<\/a>. \u00abEs ist leider die einzig vern\u00fcnftige L\u00f6sung angesichts der Coronavirus-Pandemie\u00bb, sagte die damalige Vereinspra\u0308sidentin Lea Herzig.<\/p>\n<p>Mit einem eigenen Podcast erz\u00e4hlt der Verein Zurich Pride Festival queere Geschichten aus der Community. Von unglaublichen Coming-outs, intimen Sexw\u00fcnschen bis hin zu grossen Beziehungsdramen: Die Moderatoren Alex Wenger und Kevin Burke holen jede Woche Schweizer Queers ans Mikrofon. Im Februar feierte der Podcast seinen ersten Geburtstag (<a href=\"https:\/\/mannschaft.com\/queere-geschichten-in-45-folgen-zurich-pride-podcast-wird-1\/\">MANNSCHAFT berichtete<\/a>).<\/p>\n<p>Bereits diesen Samstag steigt in Wien die Fensterlparade: LGBTIQ setzen an Fenstern und Balkonen ein Zeichen f\u00fcr Vielfalt <a href=\"https:\/\/mannschaft.com\/wien-startet-mit-fensterlparade-in-die-pride-saison\/\" target=\"_blank\" rel=\"noopener\">(MANNSCHAFT berichtete)<\/a>.<\/p>\n<\/div>\n<\/div>\n<\/div>\n<\/div>\n<\/div>\n<\/div>\n<\/div>\n<\/div>\n","protected":false},"excerpt":{"rendered":"<p>3 Wochen vor der Abstimmung zur #Ehef\u00fcralle steigt in diesem Jahr die #ZurichPride: Ab sofort darf in Z\u00fcrich wieder unbeschr\u00e4nkt demonstriert werden. Der Regierungsrat hebt die #Corona-Sonderregeln auf. #loveislove <a class=\"g1-link g1-link-more\" href=\"https:\/\/alte.mannschaft.lgbt\/bimber\/neuer-termin-zurich-pride-steigt-im-september\/\">Weiterlesen<\/a><\/p>\n","protected":false},"author":1,"featured_media":57333,"comment_status":"closed","ping_status":"closed","sticky":false,"template":"","format":"standard","meta":[],"categories":[10,1340],"tags":[5467,5503],"wps_subtitle":"Der Regierungsrat hebt Corona-Sonderregeln auf","_links":{"self":[{"href":"https:\/\/alte.mannschaft.lgbt\/bimber\/wp-json\/wp\/v2\/posts\/111911"}],"collection":[{"href":"https:\/\/alte.mannschaft.lgbt\/bimber\/wp-json\/wp\/v2\/posts"}],"about":[{"href":"https:\/\/alte.mannschaft.lgbt\/bimber\/wp-json\/wp\/v2\/types\/post"}],"author":[{"embeddable":true,"href":"https:\/\/alte.mannschaft.lgbt\/bimber\/wp-json\/wp\/v2\/users\/1"}],"replies":[{"embeddable":true,"href":"https:\/\/alte.mannschaft.lgbt\/bimber\/wp-json\/wp\/v2\/comments?post=111911"}],"version-history":[{"count":0,"href":"https:\/\/alte.mannschaft.lgbt\/bimber\/wp-json\/wp\/v2\/posts\/111911\/revisions"}],"wp:featuredmedia":[{"embeddable":true,"href":"https:\/\/alte.mannschaft.lgbt\/bimber\/wp-json\/wp\/v2\/media\/57333"}],"wp:attachment":[{"href":"https:\/\/alte.mannschaft.lgbt\/bimber\/wp-json\/wp\/v2\/media?parent=111911"}],"wp:term":[{"taxonomy":"category","embeddable":true,"href":"https:\/\/alte.mannschaft.lgbt\/bimber\/wp-json\/wp\/v2\/categories?post=111911"},{"taxonomy":"post_tag","embeddable":true,"href":"https:\/\/alte.mannschaft.lgbt\/bimber\/wp-json\/wp\/v2\/tags?post=111911"}],"curies":[{"name":"wp","href":"https:\/\/api.w.org\/{rel}","templated":true}]}}