{"id":110631,"date":"2021-05-16T13:05:38","date_gmt":"2021-05-16T11:05:38","guid":{"rendered":"https:\/\/mannschaft.com\/?p=110631"},"modified":"2021-05-16T13:14:50","modified_gmt":"2021-05-16T11:14:50","slug":"kirchentag-queere-paare-hatten-erfahrung-von-angenommensein-und-heilung","status":"publish","type":"post","link":"https:\/\/alte.mannschaft.lgbt\/bimber\/kirchentag-queere-paare-hatten-erfahrung-von-angenommensein-und-heilung\/","title":{"rendered":"Queere Paare hatten \u00abErfahrung von Angenommensein und Heilung\u00bb"},"content":{"rendered":"<h3>\u00abAha, es bewegt sich etwas\u00bb: Obwohl der \u00d6kumenische Kirchentag in Frankfurt fast nur digital stattfand, haben sich Katholik*innen und Protestant*innen ein St\u00fcck weit angen\u00e4hert. Das gef\u00e4llt in Rom nicht jedem. Von Eva Krafczyk und Christoph Driessen, dpa<\/h3>\n<p>Mit wechselseitigen Einladungen zum Abendmahl haben katholische und evangelische Christ*innen bei dem am Sonntag beendeten \u00d6kumenischen Kirchentag in Frankfurt \u00abZeichen der Einheit\u00bb gesetzt. So formulierte es der Vorsitzende der Deutschen Bischofskonferenz (DBK), Georg B\u00e4tzing. In vier Pr\u00e4senz-Gottesdiensten waren Katholiken eingeladen, am evangelischen Abendmahl teilzunehmen, w\u00e4hrend Protestanten umgekehrt die katholische Eucharistie mitfeiern konnten.<\/p>\n<p>Der Kirchentag habe gezeigt, \u00abwie viel mehr uns als Christen verbindet als uns trennt\u00bb, sagte Bundespr\u00e4sident Frank-Walter Steinmeier am Sonntag zum Abschluss des viert\u00e4gigen Christentreffens, das coronabedingt \u00fcberwiegend digital stattfand. Steinmeier ist selbst evangelischer Christ, w\u00e4hrend seine Frau Elke B\u00fcdenbender katholisch ist: Damit bilden sie die Realit\u00e4t in zahllosen interkonfessionellen Familien in Deutschland ab.<\/p>\n<p>Obwohl die Frankfurter Gottesdienste nur als erster Schritt zu einem wirklichen gemeinsamen Abendmahl von Katholiken und Protestanten gewertet werden, wird auch diese Ann\u00e4herung vom Vatikan schon kritisch gesehen. Kardinal Gerhard Ludwig M\u00fcller, der f\u00fcnf Jahre lang als Pr\u00e4fekt der Glaubenskongregation \u00fcber die Reinheit der katholischen Lehre gewacht hat, sprach von einer Provokation. \u00abNiemand kann eigenm\u00e4chtig und nach eigenem Gusto die Gegens\u00e4tze zwischen evangelisch-protestantischem und katholischem Glaubensbekenntnis f\u00fcr nebens\u00e4chlich erkl\u00e4ren oder ignorieren\u00bb, teilte der fr\u00fchere Bischof von Regensburg der Deutschen Presse-Agentur mit.<\/p>\n<figure id=\"attachment_110632\" aria-describedby=\"caption-attachment-110632\" style=\"width: 968px\" class=\"wp-caption alignnone\"><a href=\"https:\/\/mannschaft.com\/bimber\/wp-content\/uploads\/2021\/05\/Oekumenischer-Kirchentag-69451933-e1621162828452.jpg\"><img data-expand=\"600\" decoding=\"async\" loading=\"lazy\" class=\"lazyload size-full wp-image-110632\" src=\"data:image\/svg+xml;charset=utf-8,%3Csvg xmlns%3D'http%3A%2F%2Fwww.w3.org%2F2000%2Fsvg' viewBox%3D'0 0 968 645'%2F%3E\" data-src=\"https:\/\/mannschaft.com\/bimber\/wp-content\/uploads\/2021\/05\/Oekumenischer-Kirchentag-69451933-e1621162828452.jpg\" alt=\"\" width=\"968\" height=\"645\" \/><\/a><figcaption id=\"caption-attachment-110632\" class=\"wp-caption-text\">16.05.2021, Hessen, Frankfurt\/Main: Ein Kreuz steht vor dem Schlussgottesdienst des 3. \u00d6kumenischen Kirchentags (\u00d6KT) neben dessen Logo. (Foto: Sebastian Gollnow\/dpa)<\/figcaption><\/figure>\n<p>Die \u00c4usserungen unterstreichen einmal mehr den Balanceakt, den der DBK-Vorsitzende B\u00e4tzing vollf\u00fchren muss: Die grosse Mehrheit der Katholiken in Deutschland dr\u00e4ngt auf schnelle Reformen, doch die r\u00f6mische Zentralverwaltung blockt ab. Sie legt grossen Wert darauf, das eigene Profil zu erhalten &#8211; auch im bewussten Gegensatz zur Kirche Martin Luthers.<\/p>\n<p>Was Segnungen homosexueller Paare betrifft, hofft B\u00e4tzing, den Vatikan aber von der Notwendigkeit einer Liberalisierung \u00fcberzeugen zu k\u00f6nnen <a href=\"https:\/\/mannschaft.com\/bischof-georg-baetzing-strebt-segen-fuer-homosexuelle-paare-an\/\" target=\"_blank\" rel=\"noopener\">(MANNSCHAFT berichtete)<\/a>. \u00abIch m\u00f6chte, dass wir ihnen den Segen Gottes schenken\u00bb, stellte der Limburger Bischof in Frankfurt klar. \u00abDann w\u00fcrden Menschen von aussen merken: Aha, es bewegt sich etwas in der Kirche.\u00bb<\/p>\n<p>Wie brisant das Thema f\u00fcr die katholische Amtskirche ist, musste auch die evangelische Diakonin Eva Burgdorf feststellen, die beim Kirchentag das Podium \u00abSchau hin, die trauen sich!\u00bb moderierte. \u00abWir haben urspr\u00fcnglich geplant, auch Bisch\u00f6fe einzuladen\u00bb, antwortete sie auf eine Publikumsfrage. \u00abIch weiss jetzt nicht, wie viele wir angefragt haben &#8211; es hat sich keiner bereiterkl\u00e4rt, aufs Podium zu gehen.\u00bb<\/p>\n<p>An der Basis ist man da schon weiter: Jens Ehebrecht-Zumsande, der zu den Initiator*innen der Aktion #Liebegewinnt mit Segnungen f\u00fcr homosexuelle Paare geh\u00f6rte <a href=\"https:\/\/mannschaft.com\/segen-fuer-alle-ueber-70-gottesdienste-fuer-die-liebe\/\" target=\"_blank\" rel=\"noopener\">(MANNSCHAFT berichtete)<\/a>, berichtete auf dem Podium, dass es mehrheitlich die \u00f6rtlichen Kirchenvorst\u00e4nde und Pfarrgemeinder\u00e4te, vereinzelt auch Geistliche waren, die die Aktion unterst\u00fctzt h\u00e4tten. Viele heterosexuelle Gl\u00e4ubige seien \u00abwirklich ber\u00fchrt\u00bb von den Segnungsfeiern gewesen, sagte er \u00fcber die bisherige Resonanz. \u00abBei den queeren Paaren war viel die Rede von einer Erfahrung von Angenommensein und von Heilung.\u00bb<\/p>\n<p>Doch auch die evangelische Kirche \u00fcbt sich derzeit in Krisenbew\u00e4ltigung. Defizite bei der Aufarbeitung des sexuellen Missbrauchs r\u00fccken auch hier verst\u00e4rkt in den Vordergrund. Aktueller Anlass ist die Aussetzung des Betroffenbeirats f\u00fcr sexualisierte Gewalt nach innerkirchlichen Querelen. \u00abIch finde das wirklich ganz furchtbar schrecklich, dass das jetzt so erstmal gescheitert ist im ersten Anlauf\u00bb, beteuerte der Braunschweiger Landesbischof Christoph Meyns. Die Moderatorin Claudia Keller hielt ihm daraufhin vor: \u00abSie sind der M\u00e4chtige, Sie sind der Repr\u00e4sentant der Kirche, Sie haben das Gremium aufgel\u00f6st!\u00bb<\/p>\n<p>Corona war schuld daran, dass in Frankfurt vieles fehlte, was einen Kirchentag normalerweise ausmacht. Es war in den Worten von Kirchentagspr\u00e4sident Thomas Sternberg ein Treffen \u00abohne gemeinsames Singen, ohne die vollen Busse, ohne gemeinsames Beten, Feiern, Diskutieren, Streiten, Sich Befreunden, Menschen kennenlernen \u2013 das macht doch eigentlich einen Kirchentag aus\u00bb. Beim Katholikentag n\u00e4chstes Jahr in Stuttgart soll das alles wieder so sein.<\/p>\n","protected":false},"excerpt":{"rendered":"<p>Auf dem \u00d6kumenischen #Kirchentag zog man auch eine Bilanz von #Liebegewinnt. #Queere Paare hatten bei den Segnungsgottesdiensten die \u00abErfahrung von Angenommensein und Heilung\u00bb, hiess es. <a class=\"g1-link g1-link-more\" href=\"https:\/\/alte.mannschaft.lgbt\/bimber\/kirchentag-queere-paare-hatten-erfahrung-von-angenommensein-und-heilung\/\">Weiterlesen<\/a><\/p>\n","protected":false},"author":1950,"featured_media":110291,"comment_status":"closed","ping_status":"closed","sticky":false,"template":"","format":"standard","meta":[],"categories":[10],"tags":[5449,5512],"wps_subtitle":"Auf dem \u00d6kumenischen Kirchentag zog man auch eine Bilanz von #Liebegewinnt","_links":{"self":[{"href":"https:\/\/alte.mannschaft.lgbt\/bimber\/wp-json\/wp\/v2\/posts\/110631"}],"collection":[{"href":"https:\/\/alte.mannschaft.lgbt\/bimber\/wp-json\/wp\/v2\/posts"}],"about":[{"href":"https:\/\/alte.mannschaft.lgbt\/bimber\/wp-json\/wp\/v2\/types\/post"}],"author":[{"embeddable":true,"href":"https:\/\/alte.mannschaft.lgbt\/bimber\/wp-json\/wp\/v2\/users\/1950"}],"replies":[{"embeddable":true,"href":"https:\/\/alte.mannschaft.lgbt\/bimber\/wp-json\/wp\/v2\/comments?post=110631"}],"version-history":[{"count":0,"href":"https:\/\/alte.mannschaft.lgbt\/bimber\/wp-json\/wp\/v2\/posts\/110631\/revisions"}],"wp:featuredmedia":[{"embeddable":true,"href":"https:\/\/alte.mannschaft.lgbt\/bimber\/wp-json\/wp\/v2\/media\/110291"}],"wp:attachment":[{"href":"https:\/\/alte.mannschaft.lgbt\/bimber\/wp-json\/wp\/v2\/media?parent=110631"}],"wp:term":[{"taxonomy":"category","embeddable":true,"href":"https:\/\/alte.mannschaft.lgbt\/bimber\/wp-json\/wp\/v2\/categories?post=110631"},{"taxonomy":"post_tag","embeddable":true,"href":"https:\/\/alte.mannschaft.lgbt\/bimber\/wp-json\/wp\/v2\/tags?post=110631"}],"curies":[{"name":"wp","href":"https:\/\/api.w.org\/{rel}","templated":true}]}}