{"id":110598,"date":"2021-05-16T12:22:38","date_gmt":"2021-05-16T10:22:38","guid":{"rendered":"https:\/\/mannschaft.com\/?p=110598"},"modified":"2021-05-16T13:19:49","modified_gmt":"2021-05-16T11:19:49","slug":"was-laeuft-wo-am-idahobit-2021","status":"publish","type":"post","link":"https:\/\/alte.mannschaft.lgbt\/bimber\/was-laeuft-wo-am-idahobit-2021\/","title":{"rendered":"Was l\u00e4uft wo am IDAHOBIT 2021?"},"content":{"rendered":"<h3>Jedes Jahr am 17. Mai, dem Internationalen Tag gegen Homo-, Bi-, Inter- und Transphobie (kurz IDAHOBIT), ist einiges los in der Community. Wir haben f\u00fcr euch eine \u00dcbersicht zusammengestellt.<\/h3>\n<p><strong>#Dortmund: Diversity Tag \u00abAllianz f\u00fcr Vielfalt\u00bb<\/strong><br \/>\nDer Lesben- und Schwulenverband (LSVD) streamt dieses Jahr live aus dem Deutschen Fussballmuseum in Dortmund. Dem Ort entsprechend geht es bei den Vortr\u00e4gen und in der Talkrunde nicht nur um die Diversity-Kernthemen, sondern auch um die sch\u00f6nste Nebensache der Welt. Das sieht man auch an den G\u00e4sten: Zu diesen geh\u00f6ren n\u00e4mlich der Noch-Pr\u00e4sident des Deutschen Fussballbundes <a href=\"https:\/\/mannschaft.com\/dfb-praesident-fritz-keller-zu-homosexualitaet-fussball-ist-fuer-alle\/\" target=\"_blank\" rel=\"noopener\">Fritz Keller<\/a> und Christian Rudolph, Leiter der zentralen Anlaufstelle f\u00fcr geschlechtliche und sexuelle Vielfalt beim DFB. Weitere Mitwirkende sind <a href=\"https:\/\/mannschaft.com\/claudia-roth-ich-fuerchte-mehr-riot-ist-wieder-noetig\/\" target=\"_blank\" rel=\"noopener\">Claudia Roth<\/a>, Vizepr\u00e4sidentin des Bundestags, und Thomas Westphal, Oberb\u00fcrgermeister der Stadt Dortmund. <a href=\"https:\/\/www.fussballmuseum.de\/fileadmin\/user_upload\/2021.04.21_Programm_Diversity_Tag.pdf\" target=\"_blank\" rel=\"noopener\">Hier<\/a> findest du das vollst\u00e4ndige IDAHOBIT-Programm und <a href=\"https:\/\/event.strategiex.de\/event\/#\/?event=dortmunder_diversity_tag_2021\" target=\"_blank\" rel=\"noopener\">hier<\/a> kannst du dich kostenlos anmelden.<\/p>\n<blockquote class=\"twitter-tweet\">\n<p dir=\"ltr\" lang=\"de\">Veranstaltungstipp f\u00fcr den 17.05.21:<a href=\"https:\/\/twitter.com\/hashtag\/WIRFUERQUEER?src=hash&amp;ref_src=twsrc%5Etfw\">#WIRFUERQUEER<\/a> ZUM <a href=\"https:\/\/twitter.com\/hashtag\/IDAHOBIT?src=hash&amp;ref_src=twsrc%5Etfw\">#IDAHOBIT<\/a>*<a href=\"https:\/\/t.co\/kw2jpR7jFf\">https:\/\/t.co\/kw2jpR7jFf<\/a> <a href=\"https:\/\/t.co\/XzFcaa3bSL\">pic.twitter.com\/XzFcaa3bSL<\/a><\/p>\n<p>\u2014 CSD Deutschland e.V. (@CSDdeutschland) <a href=\"https:\/\/twitter.com\/CSDdeutschland\/status\/1393466691112341505?ref_src=twsrc%5Etfw\">May 15, 2021<\/a><\/p><\/blockquote>\n<p><script async src=\"https:\/\/platform.twitter.com\/widgets.js\" charset=\"utf-8\"><\/script><\/p>\n<p><strong>#Berlin: Online-Kundgebung des LSVD<br \/>\n<\/strong>Zusammen mit dem B\u00fcndnis gegen Homophobie verlegt der LSVD Berlin-Brandenburg wie schon im vergangenen Jahr die Kundgebung zum IDAHOBIT in den digitalen Raum. Das Programm besteht aus Grussbotschaften und Beitr\u00e4gen von Vertreter*innen aus den Bereichen Politik, Wirtschaft, Kultur, Sport sowie Religions- und Weltanschauungsgemeinschaften. Den Live-Stream findest du ab 11 Uhr auf <a href=\"https:\/\/berlin.lsvd.de\/neuigkeiten\/online-kundgebung-zum-idahobit-2021\/\" target=\"_blank\" rel=\"noopener\">dieser Website<\/a>.<\/p>\n<p><strong>#Heidelberg: Online-Kundgebung mit Drag-Show des Queeren Netzwerks<\/strong><br \/>\nEigentlich war in Heidelberg ein gemeinsamer Community-Tag vor Ort geplant. Doch die Corona-Situation l\u00e4sst dies nicht zu und deshalb hat sich auch das Queere Netzwerk Heidelberg f\u00fcr einen Livestream entschieden. Ab 16:30 Uhr sind auf YouTube und <a href=\"https:\/\/www.facebook.com\/QueerHD\/\" target=\"_blank\" rel=\"noopener\">Facebook<\/a> Livebilder aus dem Karlstorbahnhof zu sehen. Im Anschluss an die Kundgebung mit Redebeitr\u00e4gen und Grussbotschaften wird die B\u00fchne Dragqueens und Dragkings \u00fcberlassen.<\/p>\n<p><iframe loading=\"lazy\" style=\"border: none; overflow: hidden;\" src=\"https:\/\/www.facebook.com\/plugins\/post.php?href=https%3A%2F%2Fwww.facebook.com%2FQueerHD%2Fposts%2F6046381522042372&amp;show_text=true&amp;width=500\" width=\"500\" height=\"657\" frameborder=\"0\" scrolling=\"no\" allowfullscreen=\"allowfullscreen\"><\/iframe><\/p>\n<p><strong>#Wien: Demo mit Abschlusskundgebung<\/strong><br \/>\nIm Wien geht es am IDAHOBIT nicht ins Netz, sondern auf die Strasse. Die HOSI Wien, Queer Base, VIM\u00d6, TransX, die SoHo, die NEOS und die Gr\u00fcnen Andersrum organisieren dieses Jahr gemeinsam eine <a href=\"https:\/\/www.hosiwien.at\/idahobit-2021-gemeinsam-gegen-diskriminierung\/\" target=\"_blank\" rel=\"noopener\">Demonstration samt Abschlusskundgebung<\/a> am Platz der Menschenrechte. Man wolle damit \u00abein starkes und sichtbares Zeichen\u00bb gegen Ausgrenzung und Diskriminierung setzen, schreibt die HOSI in einer Mitteilung. Los geht es um 18 Uhr auf dem Christian-Broda-Platz. Der wichtige Hinweis der Organisator*innen: FFP2-Maske auf und zwei Meter Abstand.<\/p>\n<p><iframe loading=\"lazy\" style=\"border: none; overflow: hidden;\" src=\"https:\/\/www.facebook.com\/plugins\/post.php?href=https%3A%2F%2Fwww.facebook.com%2FHOSI.Wien%2Fposts%2F10159200532521420&amp;show_text=true&amp;width=500\" width=\"500\" height=\"531\" frameborder=\"0\" scrolling=\"no\" allowfullscreen=\"allowfullscreen\"><\/iframe><\/p>\n<p><strong>#Ostschweiz und Liechtenstein: Stand- und Verteilaktionen an mehreren Orten<br \/>\n<\/strong>Die LGBTIQ-Vereine <a href=\"https:\/\/www.flay.li\/\" target=\"_blank\" rel=\"noopener\">Flay<\/a> (Liechtenstein), <a href=\"https:\/\/www.facebook.com\/otherside.lgbtq\/\" target=\"_blank\" rel=\"noopener\">Otherside<\/a> (St. Gallen und Umgebung) und <a href=\"https:\/\/www.sozialwerk.lgbt\/\" target=\"_blank\" rel=\"noopener\">sozialwerk.LGBT+<\/a> (S\u00fcdostschweiz) werden am IDAHOBIT an mehreren Standorten bunt Pr\u00e4senz zeigen. In Chur und Buchs werden \u00f6ffentliche Platze mit Regenbogenfarben dekoriert. Ausserdem finden Verteilaktionen von Regebogenherzen statt. Auch in St. Gallen und Schaan setzt man mit dem Verteilen von Flyern auf den direkten Kontakt in der Fussg\u00e4ngerzone. In den Schulen von Maienfeld, Untervaz, Chur und Schiers tragen die Sch\u00fcler*innen Regenbogenmasken oder Regenbogenherzen an der Kleidung.<\/p>\n<blockquote class=\"instagram-media\" style=\"background: #FFF; border: 0; border-radius: 3px; box-shadow: 0 0 1px 0 rgba(0,0,0,0.5),0 1px 10px 0 rgba(0,0,0,0.15); margin: 1px; max-width: 540px; min-width: 326px; padding: 0; width: calc(100% - 2px);\" data-instgrm-permalink=\"https:\/\/www.instagram.com\/p\/COw_H-YLEJw\/?utm_source=ig_embed&amp;utm_campaign=loading\" data-instgrm-version=\"13\">\n<div style=\"padding: 16px;\">\n<p>&nbsp;<\/p>\n<div style=\"display: flex; flex-direction: row; align-items: center;\">\n<div style=\"background-color: #f4f4f4; border-radius: 50%; flex-grow: 0; height: 40px; margin-right: 14px; width: 40px;\"><\/div>\n<div style=\"display: flex; flex-direction: column; flex-grow: 1; justify-content: center;\">\n<div style=\"background-color: #f4f4f4; border-radius: 4px; flex-grow: 0; height: 14px; margin-bottom: 6px; width: 100px;\"><\/div>\n<div style=\"background-color: #f4f4f4; border-radius: 4px; flex-grow: 0; height: 14px; width: 60px;\"><\/div>\n<\/div>\n<\/div>\n<div style=\"padding: 19% 0;\"><\/div>\n<div style=\"display: block; height: 50px; margin: 0 auto 12px; width: 50px;\"><\/div>\n<div style=\"padding-top: 8px;\">\n<div style=\"color: #3897f0; font-family: Arial,sans-serif; font-size: 14px; font-style: normal; font-weight: 550; line-height: 18px;\">Sieh dir diesen Beitrag auf Instagram an<\/div>\n<\/div>\n<div style=\"padding: 12.5% 0;\"><\/div>\n<div style=\"display: flex; flex-direction: row; margin-bottom: 14px; align-items: center;\">\n<div>\n<div style=\"background-color: #f4f4f4; border-radius: 50%; height: 12.5px; width: 12.5px; transform: translateX(0px) translateY(7px);\"><\/div>\n<div style=\"background-color: #f4f4f4; height: 12.5px; transform: rotate(-45deg) translateX(3px) translateY(1px); width: 12.5px; flex-grow: 0; margin-right: 14px; margin-left: 2px;\"><\/div>\n<div style=\"background-color: #f4f4f4; border-radius: 50%; height: 12.5px; width: 12.5px; transform: translateX(9px) translateY(-18px);\"><\/div>\n<\/div>\n<div style=\"margin-left: 8px;\">\n<div style=\"background-color: #f4f4f4; border-radius: 50%; flex-grow: 0; height: 20px; width: 20px;\"><\/div>\n<div style=\"width: 0; height: 0; border-top: 2px solid transparent; border-left: 6px solid #f4f4f4; border-bottom: 2px solid transparent; transform: translateX(16px) translateY(-4px) rotate(30deg);\"><\/div>\n<\/div>\n<div style=\"margin-left: auto;\">\n<div style=\"width: 0px; border-top: 8px solid #F4F4F4; border-right: 8px solid transparent; transform: translateY(16px);\"><\/div>\n<div style=\"background-color: #f4f4f4; flex-grow: 0; height: 12px; width: 16px; transform: translateY(-4px);\"><\/div>\n<div style=\"width: 0; height: 0; border-top: 8px solid #F4F4F4; border-left: 8px solid transparent; transform: translateY(-4px) translateX(8px);\"><\/div>\n<\/div>\n<\/div>\n<div style=\"display: flex; flex-direction: column; flex-grow: 1; justify-content: center; margin-bottom: 24px;\">\n<div style=\"background-color: #f4f4f4; border-radius: 4px; flex-grow: 0; height: 14px; margin-bottom: 6px; width: 224px;\"><\/div>\n<div style=\"background-color: #f4f4f4; border-radius: 4px; flex-grow: 0; height: 14px; width: 144px;\"><\/div>\n<\/div>\n<p>&nbsp;<\/p>\n<p style=\"color: #c9c8cd; font-family: Arial,sans-serif; font-size: 14px; line-height: 17px; margin-bottom: 0; margin-top: 8px; overflow: hidden; padding: 8px 0 7px; text-align: center; text-overflow: ellipsis; white-space: nowrap;\"><a style=\"color: #c9c8cd; font-family: Arial,sans-serif; font-size: 14px; font-style: normal; font-weight: normal; line-height: 17px; text-decoration: none;\" href=\"https:\/\/www.instagram.com\/p\/COw_H-YLEJw\/?utm_source=ig_embed&amp;utm_campaign=loading\" target=\"_blank\" rel=\"noopener\">Ein Beitrag geteilt von okaj zu\u0308rich (@okaj_zuerich)<\/a><\/p>\n<\/div>\n<\/blockquote>\n<p><script async src=\"\/\/www.instagram.com\/embed.js\"><\/script><\/p>\n<p><strong>#M\u00fcnchen: Demo mit Schwerpunkt Osteuropa<br \/>\n<\/strong>M\u00fcnchen legt dieses Jahr den Schwerpunkt auf die schwierige Lage der LGBTIQ-Community in Osteuropa. Die Organisator*innen fordern eine Intervention der Europ\u00e4ischen Union und den Schutz aller LGBTIQ. Die <a href=\"https:\/\/www.facebook.com\/events\/g%C3%A4rtnerplatz\/idahobit-2021-m%C3%BCnchen\/949436269129457\/\" target=\"_blank\" rel=\"noopener\">Demo<\/a> beginnt um 18:30 Uhr auf dem G\u00e4rtnerplatz. Wie in Wien sind auch hier besondere Regeln zu beachten (begrenzte Teilnehmerzahl, Mindestabstand und Maskenpflicht). Der IDAHOBIT in M\u00fcnchen wird von der S&#8217;AG (einem Gemeinschaftsprojekt der M\u00fcnchner Aids-Hilfe und dem SUB) organisiert und von der Regenbogenstiftung der Landeshauptstadt M\u00fcnchen gef\u00f6rdert.<\/p>\n<p><strong>#Hannover: RainbowFlash und \u00abS\u00e4ule der Vielfalt\u00bb<br \/>\n<\/strong>Der Lesben- und Schwulenverband (LSVD) Niedersachsen-Bremen m\u00f6chte zusammen mit <a href=\"https:\/\/www.gaymeinsam-hannover.de\/\" target=\"_blank\" rel=\"noopener\">Gaymeinsam f\u00fcr Hannover<\/a> mit dem RainbowFlash auf dem Trammplatz ein Zeichen der Solidarit\u00e4t setzen mit Menschen, die aufgrund ihrer sexuellen Orientierung oder geschlechtlichen Identit\u00e4t Verfolgung, Diskriminierung und Anfeindungen erleiden m\u00fcssen. Hierbei legen die Teilnehmer*innen mit Tonpapier einen Regenbogen. In <a href=\"https:\/\/mannschaft.com\/queerunity-lgbtiq-feindliche-schmierereien-in-hannover\/\" target=\"_blank\" rel=\"noopener\">Hannover<\/a> pr\u00e4sentiert man an diesem Tag auch die \u00abS\u00e4ule der Vielfalt\u00bb und schickt sie auf die Reise durch zehn nieders\u00e4chsische St\u00e4dte. Mehr \u00fcber diese Aktion findest du <a href=\"https:\/\/nds-bremen.lsvd.de\/presse\/saeule-der-vielfalt\/\" target=\"_blank\" rel=\"noopener\">hier<\/a>.<\/p>\n<p><strong>#Hamburg: Regenbogen-Logo der Stadtwerke Pinneberg<\/strong><br \/>\nAuch die Stadtwerke Pinneberg in der Metropolregion Hamburg bekennen am IDAHOBIT Farbe. Das Unternehmen mit rund 120 Mitarbeitenden taucht sein Logo f\u00fcr den 17. Mai in Regenbogenfarben. \u00abAlle Menschen m\u00fcssen gleich an Rechten sein \u2013 und doch verschieden sein d\u00fcrfen\u00bb, schreibt Interimsgesch\u00e4ftsf\u00fchrer Oliver Sinterhauf in einer Pressemitteilung. \u00abEs ist die Kraft der Vielfalt, die uns als Betrieb und Belegschaft st\u00e4rkt und weiterentwickelt.\u00bb In Pinneberg wehen dieses Jahr ausserdem erstmals auch Regenbogenflaggen um das Rathaus.<\/p>\n","protected":false},"excerpt":{"rendered":"<p>Jedes Jahr am 17. Mai, dem Internationalen Tag gegen Homo-, Bi-, Inter- und #Transphobie (kurz #IDAHOBIT ), ist einiges los in der Community. Hier eine \u00dcbersicht f\u00fcr Montag. <a class=\"g1-link g1-link-more\" href=\"https:\/\/alte.mannschaft.lgbt\/bimber\/was-laeuft-wo-am-idahobit-2021\/\">Weiterlesen<\/a><\/p>\n","protected":false},"author":42,"featured_media":110601,"comment_status":"closed","ping_status":"closed","sticky":false,"template":"","format":"standard","meta":[],"categories":[3,10,2527,1340],"tags":[5466,5538,5507],"wps_subtitle":"Zahlreiche Events im Netz und auf der Strasse","_links":{"self":[{"href":"https:\/\/alte.mannschaft.lgbt\/bimber\/wp-json\/wp\/v2\/posts\/110598"}],"collection":[{"href":"https:\/\/alte.mannschaft.lgbt\/bimber\/wp-json\/wp\/v2\/posts"}],"about":[{"href":"https:\/\/alte.mannschaft.lgbt\/bimber\/wp-json\/wp\/v2\/types\/post"}],"author":[{"embeddable":true,"href":"https:\/\/alte.mannschaft.lgbt\/bimber\/wp-json\/wp\/v2\/users\/42"}],"replies":[{"embeddable":true,"href":"https:\/\/alte.mannschaft.lgbt\/bimber\/wp-json\/wp\/v2\/comments?post=110598"}],"version-history":[{"count":0,"href":"https:\/\/alte.mannschaft.lgbt\/bimber\/wp-json\/wp\/v2\/posts\/110598\/revisions"}],"wp:featuredmedia":[{"embeddable":true,"href":"https:\/\/alte.mannschaft.lgbt\/bimber\/wp-json\/wp\/v2\/media\/110601"}],"wp:attachment":[{"href":"https:\/\/alte.mannschaft.lgbt\/bimber\/wp-json\/wp\/v2\/media?parent=110598"}],"wp:term":[{"taxonomy":"category","embeddable":true,"href":"https:\/\/alte.mannschaft.lgbt\/bimber\/wp-json\/wp\/v2\/categories?post=110598"},{"taxonomy":"post_tag","embeddable":true,"href":"https:\/\/alte.mannschaft.lgbt\/bimber\/wp-json\/wp\/v2\/tags?post=110598"}],"curies":[{"name":"wp","href":"https:\/\/api.w.org\/{rel}","templated":true}]}}